{"id":102,"date":"2010-07-05T13:09:59","date_gmt":"2010-07-05T11:09:59","guid":{"rendered":"https:\/\/www.maidotips.com\/environment\/?p=102"},"modified":"2010-07-05T13:10:00","modified_gmt":"2010-07-05T11:10:00","slug":"los-fotovoltaicos-aceptan-limitar-el-funcionamiento-de-sus-plantas","status":"publish","type":"post","link":"https:\/\/www.maidotips.com\/environment\/los-fotovoltaicos-aceptan-limitar-el-funcionamiento-de-sus-plantas\/","title":{"rendered":"Los fotovoltaicos aceptan limitar el funcionamiento de sus plantas"},"content":{"rendered":"<p style=\"padding-right: 0px; padding-left: 0px; padding-bottom: 0.8em; margin: 0px 2em 0px 1.28em; font: 1.4em\/1.25em Arial, Helvetica, sans-serif; vertical-align: baseline; color: #333333; padding-top: 0px; outline-width: 0px; outline-style: initial; outline-color: initial; border-width: 0px;\">Las tres asociaciones fotovoltaicas (Asif, APPA y AEF) han enviado una carta al ministerio de Industria en la que se ponen a disposici\u00f3n del Ejecutivo para revisar las primas a su energ\u00eda y proponen como l\u00ednea de trabajo la limitaci\u00f3n del m\u00e1ximo de horas subvencionadas que pueden operar sus plantas, \u00abtanto para el parque existente como para el parque futuro\u00bb.<\/p>\n<p style=\"padding-right: 0px; padding-left: 0px; padding-bottom: 0.8em; margin: 0px 2em 0px 1.28em; font: 1.4em\/1.25em Arial, Helvetica, sans-serif; vertical-align: baseline; color: #333333; padding-top: 0px; outline-width: 0px; outline-style: initial; outline-color: initial; border-width: 0px;\">Adem\u00e1s, plantean al ministerio de Industria \u00abobtener el m\u00e1ximo ahorro posible\u00bb sacando del sistema a las plantas fraudulentas y \u00abefectuar una significativa revisi\u00f3n de tarifas para las instalaciones futuras, sin que se aplique r\u00e9gimen transitorio\u00bb.<\/p>\n<p style=\"padding-right: 0px; padding-left: 0px; padding-bottom: 0.8em; margin: 0px 2em 0px 1.28em; font: 1.4em\/1.25em Arial, Helvetica, sans-serif; vertical-align: baseline; color: #333333; padding-top: 0px; outline-width: 0px; outline-style: initial; outline-color: initial; border-width: 0px;\">Estas propuestas pretenden evitar que el ministerio presente a la fotovoltaica en el grupo de trabajo del pacto energ\u00e9tico como un sector opuesto a las negociaciones. Tambi\u00e9n pretenden que quede clara y por escrito sus actitud razonable.<\/p>\n<p style=\"padding-right: 0px; padding-left: 0px; padding-bottom: 0.8em; margin: 0px 2em 0px 1.28em; font: 1.4em\/1.25em Arial, Helvetica, sans-serif; vertical-align: baseline; color: #333333; padding-top: 0px; outline-width: 0px; outline-style: initial; outline-color: initial; border-width: 0px;\">Fuentes del sector apuntan a que el ministerio llevar\u00eda a la mesa de negociaci\u00f3n el acuerdo alcanzado con la e\u00f3lica y la termosolar, junto a su propia propuesta para la fotovoltaica, muy negativa a ojos de las patronales porque incluyen recortes retroactivos de las primas de un 30%.<\/p>\n<p style=\"padding-right: 0px; padding-left: 0px; padding-bottom: 0.8em; margin: 0px 2em 0px 1.28em; font: 1.4em\/1.25em Arial, Helvetica, sans-serif; vertical-align: baseline; color: #333333; padding-top: 0px; outline-width: 0px; outline-style: initial; outline-color: initial; border-width: 0px;\">Por otra parte, el ministro de Industria, Miguel Sebasti\u00e1n, y el portavoz de Econom\u00eda del Partido Popular, Crist\u00f3bal Montoro, se reunir\u00e1n hoy para \u00abtratar de avanzar en la negociaci\u00f3n\u00bb para alcanzar un futuro pacto de la energ\u00eda, seg\u00fan avanz\u00f3 el ministerio en una nota ayer. El Gobierno y el principal partido de la oposici\u00f3n acordaron la semana pasada llegar a un acuerdo en materia energ\u00e9tica cuya primera consecuencia es congelar la subida del recibo de la luz, previsto para el mes de julio.<\/p>\n<p style=\"padding-right: 0px; padding-left: 0px; padding-bottom: 0.8em; margin: 0px 2em 0px 1.28em; font: 1.4em\/1.25em Arial, Helvetica, sans-serif; vertical-align: baseline; color: #333333; padding-top: 0px; outline-width: 0px; outline-style: initial; outline-color: initial; border-width: 0px;\">El objetivo, seg\u00fan avanz\u00f3 entonces el ministro, es \u00abuna revisi\u00f3n profunda de los costes del sistema el\u00e9ctrico de forma inmediata\u00bb y \u00absin l\u00edneas rojas\u00bb. Entre los principales costes est\u00e1n el transporte y distribuci\u00f3n el\u00e9ctricas o las primas a las energ\u00edas renovables.<\/p>\n<p>FUENTE: CINCODIAS<\/p>\n","protected":false},"excerpt":{"rendered":"<p>Las tres asociaciones fotovoltaicas (Asif, APPA y AEF) han enviado una carta al ministerio de Industria en la que se ponen a disposici\u00f3n del Ejecutivo para revisar las primas a su energ\u00eda y proponen como l\u00ednea de trabajo la limitaci\u00f3n del m\u00e1ximo de horas subvencionadas que pueden operar sus plantas, \u00abtanto para el parque existente <a class=\"more-link\" href=\"https:\/\/www.maidotips.com\/environment\/los-fotovoltaicos-aceptan-limitar-el-funcionamiento-de-sus-plantas\/\">Leer m\u00e1s &#8230;<\/a><\/p>\n","protected":false},"author":1,"featured_media":0,"comment_status":"open","ping_status":"open","sticky":false,"template":"","format":"standard","meta":{"_monsterinsights_skip_tracking":false,"_monsterinsights_sitenote_active":false,"_monsterinsights_sitenote_note":"","_monsterinsights_sitenote_category":0,"jetpack_post_was_ever_published":false,"_jetpack_newsletter_access":"","_jetpack_dont_email_post_to_subs":false,"_jetpack_newsletter_tier_id":0,"_jetpack_memberships_contains_paywalled_content":false,"_jetpack_memberships_contains_paid_content":false,"footnotes":""},"categories":[1],"tags":[],"class_list":["post-102","post","type-post","status-publish","format-standard","hentry","category-energias-renovables"],"yoast_head":"<!-- This site is optimized with the Yoast SEO plugin v24.8.1 - https:\/\/yoast.com\/wordpress\/plugins\/seo\/ -->\n<title>Los fotovoltaicos aceptan limitar el funcionamiento de sus plantas - BLOG de ENERGIAS RENOVABLES yTECNOLOGIA<\/title>\n<meta name=\"robots\" content=\"index, follow, max-snippet:-1, max-image-preview:large, max-video-preview:-1\" \/>\n<link rel=\"canonical\" href=\"https:\/\/www.maidotips.com\/environment\/los-fotovoltaicos-aceptan-limitar-el-funcionamiento-de-sus-plantas\/\" \/>\n<meta property=\"og:locale\" content=\"es_ES\" \/>\n<meta property=\"og:type\" content=\"article\" \/>\n<meta property=\"og:title\" content=\"Los fotovoltaicos aceptan limitar el funcionamiento de sus plantas - BLOG de ENERGIAS RENOVABLES yTECNOLOGIA\" \/>\n<meta property=\"og:description\" content=\"Las tres asociaciones fotovoltaicas (Asif, APPA y AEF) han enviado una carta al ministerio de Industria en la que se ponen a disposici\u00f3n del Ejecutivo para revisar las primas a su energ\u00eda y proponen como l\u00ednea de trabajo la limitaci\u00f3n del m\u00e1ximo de horas subvencionadas que pueden operar sus plantas, \u00abtanto para el parque existente Leer m\u00e1s ...\" \/>\n<meta property=\"og:url\" content=\"https:\/\/www.maidotips.com\/environment\/los-fotovoltaicos-aceptan-limitar-el-funcionamiento-de-sus-plantas\/\" \/>\n<meta property=\"og:site_name\" content=\"BLOG de ENERGIAS RENOVABLES yTECNOLOGIA\" \/>\n<meta property=\"article:publisher\" content=\"https:\/\/www.facebook.com\/Energiasrenovablesytecnologia\/\" \/>\n<meta property=\"article:published_time\" content=\"2010-07-05T11:09:59+00:00\" \/>\n<meta property=\"article:modified_time\" content=\"2010-07-05T11:10:00+00:00\" \/>\n<meta name=\"author\" content=\"admin\" \/>\n<meta name=\"twitter:card\" content=\"summary_large_image\" \/>\n<meta name=\"twitter:label1\" content=\"Escrito por\" \/>\n\t<meta name=\"twitter:data1\" content=\"admin\" \/>\n\t<meta name=\"twitter:label2\" content=\"Tiempo de lectura\" \/>\n\t<meta name=\"twitter:data2\" content=\"2 minutos\" \/>\n<script type=\"application\/ld+json\" class=\"yoast-schema-graph\">{\"@context\":\"https:\/\/schema.org\",\"@graph\":[{\"@type\":\"WebPage\",\"@id\":\"https:\/\/www.maidotips.com\/environment\/los-fotovoltaicos-aceptan-limitar-el-funcionamiento-de-sus-plantas\/\",\"url\":\"https:\/\/www.maidotips.com\/environment\/los-fotovoltaicos-aceptan-limitar-el-funcionamiento-de-sus-plantas\/\",\"name\":\"Los fotovoltaicos aceptan limitar el funcionamiento de sus plantas - BLOG de ENERGIAS RENOVABLES yTECNOLOGIA\",\"isPartOf\":{\"@id\":\"http:\/\/www.maidotips.com\/environment\/#website\"},\"datePublished\":\"2010-07-05T11:09:59+00:00\",\"dateModified\":\"2010-07-05T11:10:00+00:00\",\"author\":{\"@id\":\"http:\/\/www.maidotips.com\/environment\/#\/schema\/person\/c9b890f523795aa69b81a95dee06d804\"},\"breadcrumb\":{\"@id\":\"https:\/\/www.maidotips.com\/environment\/los-fotovoltaicos-aceptan-limitar-el-funcionamiento-de-sus-plantas\/#breadcrumb\"},\"inLanguage\":\"es\",\"potentialAction\":[{\"@type\":\"ReadAction\",\"target\":[\"https:\/\/www.maidotips.com\/environment\/los-fotovoltaicos-aceptan-limitar-el-funcionamiento-de-sus-plantas\/\"]}]},{\"@type\":\"BreadcrumbList\",\"@id\":\"https:\/\/www.maidotips.com\/environment\/los-fotovoltaicos-aceptan-limitar-el-funcionamiento-de-sus-plantas\/#breadcrumb\",\"itemListElement\":[{\"@type\":\"ListItem\",\"position\":1,\"name\":\"Portada\",\"item\":\"http:\/\/www.maidotips.com\/environment\/\"},{\"@type\":\"ListItem\",\"position\":2,\"name\":\"Los fotovoltaicos aceptan limitar el funcionamiento de sus plantas\"}]},{\"@type\":\"WebSite\",\"@id\":\"http:\/\/www.maidotips.com\/environment\/#website\",\"url\":\"http:\/\/www.maidotips.com\/environment\/\",\"name\":\"BLOG de ENERGIAS RENOVABLES yTECNOLOGIA\",\"description\":\"BLOG sobre la energia verde y TECNOLOGIA\",\"potentialAction\":[{\"@type\":\"SearchAction\",\"target\":{\"@type\":\"EntryPoint\",\"urlTemplate\":\"http:\/\/www.maidotips.com\/environment\/?s={search_term_string}\"},\"query-input\":{\"@type\":\"PropertyValueSpecification\",\"valueRequired\":true,\"valueName\":\"search_term_string\"}}],\"inLanguage\":\"es\"},{\"@type\":\"Person\",\"@id\":\"http:\/\/www.maidotips.com\/environment\/#\/schema\/person\/c9b890f523795aa69b81a95dee06d804\",\"name\":\"admin\",\"url\":\"https:\/\/www.maidotips.com\/environment\/author\/admin\/\"}]}<\/script>\n<!-- \/ Yoast SEO plugin. -->","yoast_head_json":{"title":"Los fotovoltaicos aceptan limitar el funcionamiento de sus plantas - BLOG de ENERGIAS RENOVABLES yTECNOLOGIA","robots":{"index":"index","follow":"follow","max-snippet":"max-snippet:-1","max-image-preview":"max-image-preview:large","max-video-preview":"max-video-preview:-1"},"canonical":"https:\/\/www.maidotips.com\/environment\/los-fotovoltaicos-aceptan-limitar-el-funcionamiento-de-sus-plantas\/","og_locale":"es_ES","og_type":"article","og_title":"Los fotovoltaicos aceptan limitar el funcionamiento de sus plantas - BLOG de ENERGIAS RENOVABLES yTECNOLOGIA","og_description":"Las tres asociaciones fotovoltaicas (Asif, APPA y AEF) han enviado una carta al ministerio de Industria en la que se ponen a disposici\u00f3n del Ejecutivo para revisar las primas a su energ\u00eda y proponen como l\u00ednea de trabajo la limitaci\u00f3n del m\u00e1ximo de horas subvencionadas que pueden operar sus plantas, \u00abtanto para el parque existente Leer m\u00e1s ...","og_url":"https:\/\/www.maidotips.com\/environment\/los-fotovoltaicos-aceptan-limitar-el-funcionamiento-de-sus-plantas\/","og_site_name":"BLOG de ENERGIAS RENOVABLES yTECNOLOGIA","article_publisher":"https:\/\/www.facebook.com\/Energiasrenovablesytecnologia\/","article_published_time":"2010-07-05T11:09:59+00:00","article_modified_time":"2010-07-05T11:10:00+00:00","author":"admin","twitter_card":"summary_large_image","twitter_misc":{"Escrito por":"admin","Tiempo de lectura":"2 minutos"},"schema":{"@context":"https:\/\/schema.org","@graph":[{"@type":"WebPage","@id":"https:\/\/www.maidotips.com\/environment\/los-fotovoltaicos-aceptan-limitar-el-funcionamiento-de-sus-plantas\/","url":"https:\/\/www.maidotips.com\/environment\/los-fotovoltaicos-aceptan-limitar-el-funcionamiento-de-sus-plantas\/","name":"Los fotovoltaicos aceptan limitar el funcionamiento de sus plantas - BLOG de ENERGIAS RENOVABLES yTECNOLOGIA","isPartOf":{"@id":"http:\/\/www.maidotips.com\/environment\/#website"},"datePublished":"2010-07-05T11:09:59+00:00","dateModified":"2010-07-05T11:10:00+00:00","author":{"@id":"http:\/\/www.maidotips.com\/environment\/#\/schema\/person\/c9b890f523795aa69b81a95dee06d804"},"breadcrumb":{"@id":"https:\/\/www.maidotips.com\/environment\/los-fotovoltaicos-aceptan-limitar-el-funcionamiento-de-sus-plantas\/#breadcrumb"},"inLanguage":"es","potentialAction":[{"@type":"ReadAction","target":["https:\/\/www.maidotips.com\/environment\/los-fotovoltaicos-aceptan-limitar-el-funcionamiento-de-sus-plantas\/"]}]},{"@type":"BreadcrumbList","@id":"https:\/\/www.maidotips.com\/environment\/los-fotovoltaicos-aceptan-limitar-el-funcionamiento-de-sus-plantas\/#breadcrumb","itemListElement":[{"@type":"ListItem","position":1,"name":"Portada","item":"http:\/\/www.maidotips.com\/environment\/"},{"@type":"ListItem","position":2,"name":"Los fotovoltaicos aceptan limitar el funcionamiento de sus plantas"}]},{"@type":"WebSite","@id":"http:\/\/www.maidotips.com\/environment\/#website","url":"http:\/\/www.maidotips.com\/environment\/","name":"BLOG de ENERGIAS RENOVABLES yTECNOLOGIA","description":"BLOG sobre la energia verde y TECNOLOGIA","potentialAction":[{"@type":"SearchAction","target":{"@type":"EntryPoint","urlTemplate":"http:\/\/www.maidotips.com\/environment\/?s={search_term_string}"},"query-input":{"@type":"PropertyValueSpecification","valueRequired":true,"valueName":"search_term_string"}}],"inLanguage":"es"},{"@type":"Person","@id":"http:\/\/www.maidotips.com\/environment\/#\/schema\/person\/c9b890f523795aa69b81a95dee06d804","name":"admin","url":"https:\/\/www.maidotips.com\/environment\/author\/admin\/"}]}},"jetpack_featured_media_url":"","jetpack_shortlink":"https:\/\/wp.me\/pbBd6N-1E","jetpack-related-posts":[],"jetpack_likes_enabled":true,"jetpack_sharing_enabled":true,"_links":{"self":[{"href":"https:\/\/www.maidotips.com\/environment\/wp-json\/wp\/v2\/posts\/102","targetHints":{"allow":["GET"]}}],"collection":[{"href":"https:\/\/www.maidotips.com\/environment\/wp-json\/wp\/v2\/posts"}],"about":[{"href":"https:\/\/www.maidotips.com\/environment\/wp-json\/wp\/v2\/types\/post"}],"author":[{"embeddable":true,"href":"https:\/\/www.maidotips.com\/environment\/wp-json\/wp\/v2\/users\/1"}],"replies":[{"embeddable":true,"href":"https:\/\/www.maidotips.com\/environment\/wp-json\/wp\/v2\/comments?post=102"}],"version-history":[{"count":3,"href":"https:\/\/www.maidotips.com\/environment\/wp-json\/wp\/v2\/posts\/102\/revisions"}],"predecessor-version":[{"id":105,"href":"https:\/\/www.maidotips.com\/environment\/wp-json\/wp\/v2\/posts\/102\/revisions\/105"}],"wp:attachment":[{"href":"https:\/\/www.maidotips.com\/environment\/wp-json\/wp\/v2\/media?parent=102"}],"wp:term":[{"taxonomy":"category","embeddable":true,"href":"https:\/\/www.maidotips.com\/environment\/wp-json\/wp\/v2\/categories?post=102"},{"taxonomy":"post_tag","embeddable":true,"href":"https:\/\/www.maidotips.com\/environment\/wp-json\/wp\/v2\/tags?post=102"}],"curies":[{"name":"wp","href":"https:\/\/api.w.org\/{rel}","templated":true}]}}