{"id":1148,"date":"2017-08-10T14:25:43","date_gmt":"2017-08-10T12:25:43","guid":{"rendered":"https:\/\/www.maidotips.com\/environment\/?p=1148"},"modified":"2018-01-20T13:19:48","modified_gmt":"2018-01-20T11:19:48","slug":"el-gobierno-vetara-cualquier-medida-que-haga-bajar-el-precio-de-la-luz-porque-recaudaria-menos-impuestos","status":"publish","type":"post","link":"https:\/\/www.maidotips.com\/environment\/el-gobierno-vetara-cualquier-medida-que-haga-bajar-el-precio-de-la-luz-porque-recaudaria-menos-impuestos\/","title":{"rendered":"El Gobierno vetar\u00e1 cualquier medida que haga bajar el precio de la luz porque recaudar\u00eda menos impuestos"},"content":{"rendered":"<p>El Gobierno de Mariano Rajoy antepone los ingresos del Estado a que baje el precio de la luz. Es por ello que vetar\u00e1 cualquier medida que haga bajar el precio de la electricidad\u00a0o fomente el ahorro de energ\u00eda el\u00e9ctrica.<\/p>\n<p>Seg\u00fan <a href=\"http:\/\/elperiodicodelaenergia.com\/wp-content\/uploads\/2017\/01\/Informe-Gobierno-Autoconsumo-propuesta-Ciudadanos.pdf\">el informe de la Secretar\u00eda de Estado de Energ\u00eda (firmado por Alberto Nadal, ahora secretario de Presupuestos, el pasado 13 de octubre) sobre la Proposici\u00f3n de Ley 122-17 CPL 2360 sobre medidas urgentes de fomento del autoconsumo el\u00e9ctrico del grupo parlamentario de Ciudadanos<\/a>\u00a0al que ha tenido acceso <strong>El Peri\u00f3dico de la Energ\u00eda<\/strong>, el Gobierno vetar\u00e1 cualquier medida que haga bajar el precio de la luz o fomente el ahorro de energ\u00eda el\u00e9ctrica porque \u201ctendr\u00eda un impacto presupuestario por una menor recaudaci\u00f3n tributaria (menor recaudaci\u00f3n del impuesto sobre el valor a\u00f1adido (IVA), impuesto especial de electricidad e impuesto sobre el valor de la producci\u00f3n de energ\u00eda el\u00e9ctrica)\u201d.<\/p>\n<p>Dicho informe asegura que el autoconsumo el\u00e9ctrico\u00a0tendr\u00eda un impacto negativo en las cuentas del Estado. Seg\u00fan la SSE, habr\u00eda un \u201cimpacto asociado por menor demanda y por tanto menor precio en el pool el\u00e9ctrico\u201d, entre otros.<\/p>\n<p>\u201cEs incre\u00edble, nunca he visto nada igual procedente de un Gobierno\u201d, afirma <strong>Jorge Morales de Labra, vicepresidente de la Fundaci\u00f3n Renovables<\/strong>. \u201cPenaliza tanto el ahorro directo como el inducido\u201d, afirma Morales. \u201cLo que nos est\u00e1 diciendo el Gobierno es que no va a aprobar ninguna medida que haga bajar el precio de la luz porque recaudar\u00eda menos. Es una salvajada\u201d.<\/p>\n<p>Seg\u00fan las cuentas del Gobierno, \u201cse estima que el 2% del consumo el\u00e9ctrico se produce con autoconsumo (cifra tomada de las apreciaciones del sector)\u201d, dice. Una cifra que estima, que el Gobierno es incapaz de sacarla de un informe econ\u00f3mico, y encima la achaca a terceros, en este caso al sector.<\/p>\n<p>El 2% del consumo el\u00e9ctrico espa\u00f1ol ser\u00edan cerca de 5.000 GWh anuales, teniendo en cuenta los datos de REE de 2016 cuando se consumieron un total de 249.499 GWh en todo el ejercicio.<\/p>\n<p>En la actualidad, toda la fotovoltaica, que tiene una potencia instalada de 4,5 GW, genera un total de 8.000 GWh si se tiene en cuenta la Pen\u00ednsula y Baleares. Si el autoconsumo genera 5.000 GWh y en su mayor\u00eda es fotovoltaico, tendr\u00eda que haber instalados unos 2.800 GW de autoconsumo en Espa\u00f1a.<\/p>\n<p style=\"text-align: center;\"><a href=\"http:\/\/elperiodicodelaenergia.com\/el-gobierno-vetara-cualquier-medida-que-haga-bajar-el-precio-de-la-luz-porque-recaudaria-menos-impuestos\/\"><strong>SEGUIR LEYENDO&#8230;<\/strong><\/a><\/p>\n<p style=\"text-align: center;\"><iframe loading=\"lazy\" style=\"width: 120px; height: 240px;\" src=\"https:\/\/rcm-eu.amazon-adsystem.com\/e\/cm?ref=tf_til&amp;t=energirenova-21&amp;m=amazon&amp;o=30&amp;p=8&amp;l=as1&amp;IS2=1&amp;npa=1&amp;asins=B072DTMFP1&amp;linkId=509f8002dad2508d1968418e48e2fe3b&amp;bc1=000000&amp;lt1=_blank&amp;fc1=333333&amp;lc1=0066c0&amp;bg1=eff4f9&amp;f=ifr\" width=\"300\" height=\"150\" frameborder=\"0\" marginwidth=\"0\" marginheight=\"0\" scrolling=\"no\"><br \/>\n<\/iframe><iframe loading=\"lazy\" style=\"width: 120px; height: 240px;\" src=\"https:\/\/rcm-eu.amazon-adsystem.com\/e\/cm?ref=tf_til&amp;t=energirenova-21&amp;m=amazon&amp;o=30&amp;p=8&amp;l=as1&amp;IS2=1&amp;npa=1&amp;asins=B0778QBRC6&amp;linkId=3455fe3ea006b2f1b7c8d862831a597e&amp;bc1=000000&amp;lt1=_blank&amp;fc1=333333&amp;lc1=0066c0&amp;bg1=eff4f9&amp;f=ifr\" width=\"300\" height=\"150\" frameborder=\"0\" marginwidth=\"0\" marginheight=\"0\" scrolling=\"no\"><br \/>\n<\/iframe><\/p>\n<p>FUENTE: <a href=\"http:\/\/elperiodicodelaenergia.com\/el-gobierno-vetara-cualquier-medida-que-haga-bajar-el-precio-de-la-luz-porque-recaudaria-menos-impuestos\/\">http:\/\/elperiodicodelaenergia.com\/el-gobierno-vetara-cualquier-medida-que-haga-bajar-el-precio-de-la-luz-porque-recaudaria-menos-impuestos\/<\/a><\/p>\n","protected":false},"excerpt":{"rendered":"<p>El Gobierno de Mariano Rajoy antepone los ingresos del Estado a que baje el precio de la luz. Es por ello que vetar\u00e1 cualquier medida que haga bajar el precio de la electricidad\u00a0o fomente el ahorro de energ\u00eda el\u00e9ctrica. Seg\u00fan el informe de la Secretar\u00eda de Estado de Energ\u00eda (firmado por Alberto Nadal, ahora secretario <a class=\"more-link\" href=\"https:\/\/www.maidotips.com\/environment\/el-gobierno-vetara-cualquier-medida-que-haga-bajar-el-precio-de-la-luz-porque-recaudaria-menos-impuestos\/\">Leer m\u00e1s &#8230;<\/a><\/p>\n","protected":false},"author":1,"featured_media":0,"comment_status":"closed","ping_status":"closed","sticky":false,"template":"","format":"standard","meta":{"_monsterinsights_skip_tracking":false,"_monsterinsights_sitenote_active":false,"_monsterinsights_sitenote_note":"","_monsterinsights_sitenote_category":0,"jetpack_post_was_ever_published":false,"_jetpack_newsletter_access":"","_jetpack_dont_email_post_to_subs":true,"_jetpack_newsletter_tier_id":0,"_jetpack_memberships_contains_paywalled_content":false,"_jetpack_memberships_contains_paid_content":false,"footnotes":""},"categories":[1],"tags":[],"class_list":["post-1148","post","type-post","status-publish","format-standard","hentry","category-energias-renovables"],"yoast_head":"<!-- This site is optimized with the Yoast SEO plugin v24.8.1 - https:\/\/yoast.com\/wordpress\/plugins\/seo\/ -->\n<title>El Gobierno vetar\u00e1 cualquier medida que haga bajar el precio de la luz porque recaudar\u00eda menos impuestos - BLOG de ENERGIAS RENOVABLES yTECNOLOGIA<\/title>\n<meta name=\"robots\" content=\"index, follow, max-snippet:-1, max-image-preview:large, max-video-preview:-1\" \/>\n<link rel=\"canonical\" href=\"https:\/\/www.maidotips.com\/environment\/el-gobierno-vetara-cualquier-medida-que-haga-bajar-el-precio-de-la-luz-porque-recaudaria-menos-impuestos\/\" \/>\n<meta property=\"og:locale\" content=\"es_ES\" \/>\n<meta property=\"og:type\" content=\"article\" \/>\n<meta property=\"og:title\" content=\"El Gobierno vetar\u00e1 cualquier medida que haga bajar el precio de la luz porque recaudar\u00eda menos impuestos - BLOG de ENERGIAS RENOVABLES yTECNOLOGIA\" \/>\n<meta property=\"og:description\" content=\"El Gobierno de Mariano Rajoy antepone los ingresos del Estado a que baje el precio de la luz. Es por ello que vetar\u00e1 cualquier medida que haga bajar el precio de la electricidad\u00a0o fomente el ahorro de energ\u00eda el\u00e9ctrica. Seg\u00fan el informe de la Secretar\u00eda de Estado de Energ\u00eda (firmado por Alberto Nadal, ahora secretario Leer m\u00e1s ...\" \/>\n<meta property=\"og:url\" content=\"https:\/\/www.maidotips.com\/environment\/el-gobierno-vetara-cualquier-medida-que-haga-bajar-el-precio-de-la-luz-porque-recaudaria-menos-impuestos\/\" \/>\n<meta property=\"og:site_name\" content=\"BLOG de ENERGIAS RENOVABLES yTECNOLOGIA\" \/>\n<meta property=\"article:publisher\" content=\"https:\/\/www.facebook.com\/Energiasrenovablesytecnologia\/\" \/>\n<meta property=\"article:published_time\" content=\"2017-08-10T12:25:43+00:00\" \/>\n<meta property=\"article:modified_time\" content=\"2018-01-20T11:19:48+00:00\" \/>\n<meta name=\"author\" content=\"admin\" \/>\n<meta name=\"twitter:card\" content=\"summary_large_image\" \/>\n<meta name=\"twitter:label1\" content=\"Escrito por\" \/>\n\t<meta name=\"twitter:data1\" content=\"admin\" \/>\n\t<meta name=\"twitter:label2\" content=\"Tiempo de lectura\" \/>\n\t<meta name=\"twitter:data2\" content=\"2 minutos\" \/>\n<script type=\"application\/ld+json\" class=\"yoast-schema-graph\">{\"@context\":\"https:\/\/schema.org\",\"@graph\":[{\"@type\":\"WebPage\",\"@id\":\"https:\/\/www.maidotips.com\/environment\/el-gobierno-vetara-cualquier-medida-que-haga-bajar-el-precio-de-la-luz-porque-recaudaria-menos-impuestos\/\",\"url\":\"https:\/\/www.maidotips.com\/environment\/el-gobierno-vetara-cualquier-medida-que-haga-bajar-el-precio-de-la-luz-porque-recaudaria-menos-impuestos\/\",\"name\":\"El Gobierno vetar\u00e1 cualquier medida que haga bajar el precio de la luz porque recaudar\u00eda menos impuestos - BLOG de ENERGIAS RENOVABLES yTECNOLOGIA\",\"isPartOf\":{\"@id\":\"https:\/\/www.maidotips.com\/environment\/#website\"},\"datePublished\":\"2017-08-10T12:25:43+00:00\",\"dateModified\":\"2018-01-20T11:19:48+00:00\",\"author\":{\"@id\":\"https:\/\/www.maidotips.com\/environment\/#\/schema\/person\/c9b890f523795aa69b81a95dee06d804\"},\"breadcrumb\":{\"@id\":\"https:\/\/www.maidotips.com\/environment\/el-gobierno-vetara-cualquier-medida-que-haga-bajar-el-precio-de-la-luz-porque-recaudaria-menos-impuestos\/#breadcrumb\"},\"inLanguage\":\"es\",\"potentialAction\":[{\"@type\":\"ReadAction\",\"target\":[\"https:\/\/www.maidotips.com\/environment\/el-gobierno-vetara-cualquier-medida-que-haga-bajar-el-precio-de-la-luz-porque-recaudaria-menos-impuestos\/\"]}]},{\"@type\":\"BreadcrumbList\",\"@id\":\"https:\/\/www.maidotips.com\/environment\/el-gobierno-vetara-cualquier-medida-que-haga-bajar-el-precio-de-la-luz-porque-recaudaria-menos-impuestos\/#breadcrumb\",\"itemListElement\":[{\"@type\":\"ListItem\",\"position\":1,\"name\":\"Portada\",\"item\":\"https:\/\/www.maidotips.com\/environment\/\"},{\"@type\":\"ListItem\",\"position\":2,\"name\":\"El Gobierno vetar\u00e1 cualquier medida que haga bajar el precio de la luz porque recaudar\u00eda menos impuestos\"}]},{\"@type\":\"WebSite\",\"@id\":\"https:\/\/www.maidotips.com\/environment\/#website\",\"url\":\"https:\/\/www.maidotips.com\/environment\/\",\"name\":\"BLOG de ENERGIAS RENOVABLES yTECNOLOGIA\",\"description\":\"BLOG sobre la energia verde y TECNOLOGIA\",\"potentialAction\":[{\"@type\":\"SearchAction\",\"target\":{\"@type\":\"EntryPoint\",\"urlTemplate\":\"https:\/\/www.maidotips.com\/environment\/?s={search_term_string}\"},\"query-input\":{\"@type\":\"PropertyValueSpecification\",\"valueRequired\":true,\"valueName\":\"search_term_string\"}}],\"inLanguage\":\"es\"},{\"@type\":\"Person\",\"@id\":\"https:\/\/www.maidotips.com\/environment\/#\/schema\/person\/c9b890f523795aa69b81a95dee06d804\",\"name\":\"admin\",\"url\":\"https:\/\/www.maidotips.com\/environment\/author\/admin\/\"}]}<\/script>\n<!-- \/ Yoast SEO plugin. -->","yoast_head_json":{"title":"El Gobierno vetar\u00e1 cualquier medida que haga bajar el precio de la luz porque recaudar\u00eda menos impuestos - BLOG de ENERGIAS RENOVABLES yTECNOLOGIA","robots":{"index":"index","follow":"follow","max-snippet":"max-snippet:-1","max-image-preview":"max-image-preview:large","max-video-preview":"max-video-preview:-1"},"canonical":"https:\/\/www.maidotips.com\/environment\/el-gobierno-vetara-cualquier-medida-que-haga-bajar-el-precio-de-la-luz-porque-recaudaria-menos-impuestos\/","og_locale":"es_ES","og_type":"article","og_title":"El Gobierno vetar\u00e1 cualquier medida que haga bajar el precio de la luz porque recaudar\u00eda menos impuestos - BLOG de ENERGIAS RENOVABLES yTECNOLOGIA","og_description":"El Gobierno de Mariano Rajoy antepone los ingresos del Estado a que baje el precio de la luz. Es por ello que vetar\u00e1 cualquier medida que haga bajar el precio de la electricidad\u00a0o fomente el ahorro de energ\u00eda el\u00e9ctrica. Seg\u00fan el informe de la Secretar\u00eda de Estado de Energ\u00eda (firmado por Alberto Nadal, ahora secretario Leer m\u00e1s ...","og_url":"https:\/\/www.maidotips.com\/environment\/el-gobierno-vetara-cualquier-medida-que-haga-bajar-el-precio-de-la-luz-porque-recaudaria-menos-impuestos\/","og_site_name":"BLOG de ENERGIAS RENOVABLES yTECNOLOGIA","article_publisher":"https:\/\/www.facebook.com\/Energiasrenovablesytecnologia\/","article_published_time":"2017-08-10T12:25:43+00:00","article_modified_time":"2018-01-20T11:19:48+00:00","author":"admin","twitter_card":"summary_large_image","twitter_misc":{"Escrito por":"admin","Tiempo de lectura":"2 minutos"},"schema":{"@context":"https:\/\/schema.org","@graph":[{"@type":"WebPage","@id":"https:\/\/www.maidotips.com\/environment\/el-gobierno-vetara-cualquier-medida-que-haga-bajar-el-precio-de-la-luz-porque-recaudaria-menos-impuestos\/","url":"https:\/\/www.maidotips.com\/environment\/el-gobierno-vetara-cualquier-medida-que-haga-bajar-el-precio-de-la-luz-porque-recaudaria-menos-impuestos\/","name":"El Gobierno vetar\u00e1 cualquier medida que haga bajar el precio de la luz porque recaudar\u00eda menos impuestos - BLOG de ENERGIAS RENOVABLES yTECNOLOGIA","isPartOf":{"@id":"https:\/\/www.maidotips.com\/environment\/#website"},"datePublished":"2017-08-10T12:25:43+00:00","dateModified":"2018-01-20T11:19:48+00:00","author":{"@id":"https:\/\/www.maidotips.com\/environment\/#\/schema\/person\/c9b890f523795aa69b81a95dee06d804"},"breadcrumb":{"@id":"https:\/\/www.maidotips.com\/environment\/el-gobierno-vetara-cualquier-medida-que-haga-bajar-el-precio-de-la-luz-porque-recaudaria-menos-impuestos\/#breadcrumb"},"inLanguage":"es","potentialAction":[{"@type":"ReadAction","target":["https:\/\/www.maidotips.com\/environment\/el-gobierno-vetara-cualquier-medida-que-haga-bajar-el-precio-de-la-luz-porque-recaudaria-menos-impuestos\/"]}]},{"@type":"BreadcrumbList","@id":"https:\/\/www.maidotips.com\/environment\/el-gobierno-vetara-cualquier-medida-que-haga-bajar-el-precio-de-la-luz-porque-recaudaria-menos-impuestos\/#breadcrumb","itemListElement":[{"@type":"ListItem","position":1,"name":"Portada","item":"https:\/\/www.maidotips.com\/environment\/"},{"@type":"ListItem","position":2,"name":"El Gobierno vetar\u00e1 cualquier medida que haga bajar el precio de la luz porque recaudar\u00eda menos impuestos"}]},{"@type":"WebSite","@id":"https:\/\/www.maidotips.com\/environment\/#website","url":"https:\/\/www.maidotips.com\/environment\/","name":"BLOG de ENERGIAS RENOVABLES yTECNOLOGIA","description":"BLOG sobre la energia verde y TECNOLOGIA","potentialAction":[{"@type":"SearchAction","target":{"@type":"EntryPoint","urlTemplate":"https:\/\/www.maidotips.com\/environment\/?s={search_term_string}"},"query-input":{"@type":"PropertyValueSpecification","valueRequired":true,"valueName":"search_term_string"}}],"inLanguage":"es"},{"@type":"Person","@id":"https:\/\/www.maidotips.com\/environment\/#\/schema\/person\/c9b890f523795aa69b81a95dee06d804","name":"admin","url":"https:\/\/www.maidotips.com\/environment\/author\/admin\/"}]}},"jetpack_featured_media_url":"","jetpack_shortlink":"https:\/\/wp.me\/pbBd6N-iw","jetpack-related-posts":[],"jetpack_likes_enabled":true,"jetpack_sharing_enabled":true,"_links":{"self":[{"href":"https:\/\/www.maidotips.com\/environment\/wp-json\/wp\/v2\/posts\/1148","targetHints":{"allow":["GET"]}}],"collection":[{"href":"https:\/\/www.maidotips.com\/environment\/wp-json\/wp\/v2\/posts"}],"about":[{"href":"https:\/\/www.maidotips.com\/environment\/wp-json\/wp\/v2\/types\/post"}],"author":[{"embeddable":true,"href":"https:\/\/www.maidotips.com\/environment\/wp-json\/wp\/v2\/users\/1"}],"replies":[{"embeddable":true,"href":"https:\/\/www.maidotips.com\/environment\/wp-json\/wp\/v2\/comments?post=1148"}],"version-history":[{"count":5,"href":"https:\/\/www.maidotips.com\/environment\/wp-json\/wp\/v2\/posts\/1148\/revisions"}],"predecessor-version":[{"id":1242,"href":"https:\/\/www.maidotips.com\/environment\/wp-json\/wp\/v2\/posts\/1148\/revisions\/1242"}],"wp:attachment":[{"href":"https:\/\/www.maidotips.com\/environment\/wp-json\/wp\/v2\/media?parent=1148"}],"wp:term":[{"taxonomy":"category","embeddable":true,"href":"https:\/\/www.maidotips.com\/environment\/wp-json\/wp\/v2\/categories?post=1148"},{"taxonomy":"post_tag","embeddable":true,"href":"https:\/\/www.maidotips.com\/environment\/wp-json\/wp\/v2\/tags?post=1148"}],"curies":[{"name":"wp","href":"https:\/\/api.w.org\/{rel}","templated":true}]}}