{"id":1352,"date":"2018-02-19T18:37:13","date_gmt":"2018-02-19T16:37:13","guid":{"rendered":"https:\/\/www.maidotips.com\/environment\/?p=1352"},"modified":"2018-02-21T11:50:03","modified_gmt":"2018-02-21T09:50:03","slug":"el-sector-fotovoltaico-espanol-vuelve-a-reactivarse","status":"publish","type":"post","link":"https:\/\/www.maidotips.com\/environment\/el-sector-fotovoltaico-espanol-vuelve-a-reactivarse\/","title":{"rendered":"El sector Fotovoltaico Espa\u00f1ol vuelve a reactivarse"},"content":{"rendered":"<p>[prisna-google-website-translator]<\/p>\n<p><strong>El<\/strong><strong> a\u00f1o pasado en Espa\u00f1a se instalaron 135 MW de nueva potencia fotovoltaica, frente a los 55 MW <\/strong><strong>instalados en el 2016 y a los 49 MW del 2015, seg\u00fan la Uni\u00f3n Espa\u00f1ola Fotovoltaica (UNEF).<\/strong><\/p>\n<p><img data-recalc-dims=\"1\" loading=\"lazy\" decoding=\"async\" data-attachment-id=\"1358\" data-permalink=\"https:\/\/www.maidotips.com\/environment\/el-sector-fotovoltaico-espanol-vuelve-a-reactivarse\/solar2-16-9\/#main\" data-orig-file=\"https:\/\/i0.wp.com\/www.maidotips.com\/environment\/wp-content\/uploads\/2018\/02\/solar2-16-9.jpg?fit=1280%2C720&amp;ssl=1\" data-orig-size=\"1280,720\" data-comments-opened=\"0\" data-image-meta=\"{&quot;aperture&quot;:&quot;0&quot;,&quot;credit&quot;:&quot;&quot;,&quot;camera&quot;:&quot;&quot;,&quot;caption&quot;:&quot;&quot;,&quot;created_timestamp&quot;:&quot;0&quot;,&quot;copyright&quot;:&quot;&quot;,&quot;focal_length&quot;:&quot;0&quot;,&quot;iso&quot;:&quot;0&quot;,&quot;shutter_speed&quot;:&quot;0&quot;,&quot;title&quot;:&quot;&quot;,&quot;orientation&quot;:&quot;0&quot;}\" data-image-title=\"solar2-16-9\" data-image-description=\"\" data-image-caption=\"\" data-medium-file=\"https:\/\/i0.wp.com\/www.maidotips.com\/environment\/wp-content\/uploads\/2018\/02\/solar2-16-9.jpg?fit=300%2C169&amp;ssl=1\" data-large-file=\"https:\/\/i0.wp.com\/www.maidotips.com\/environment\/wp-content\/uploads\/2018\/02\/solar2-16-9.jpg?fit=780%2C439&amp;ssl=1\" class=\" wp-image-1358 alignleft\" src=\"https:\/\/i0.wp.com\/www.maidotips.com\/environment\/wp-content\/uploads\/2018\/02\/solar2-16-9-300x169.jpg?resize=331%2C186&#038;ssl=1\" alt=\"\" width=\"331\" height=\"186\" srcset=\"https:\/\/i0.wp.com\/www.maidotips.com\/environment\/wp-content\/uploads\/2018\/02\/solar2-16-9.jpg?resize=300%2C169&amp;ssl=1 300w, https:\/\/i0.wp.com\/www.maidotips.com\/environment\/wp-content\/uploads\/2018\/02\/solar2-16-9.jpg?resize=768%2C432&amp;ssl=1 768w, https:\/\/i0.wp.com\/www.maidotips.com\/environment\/wp-content\/uploads\/2018\/02\/solar2-16-9.jpg?resize=1024%2C576&amp;ssl=1 1024w, https:\/\/i0.wp.com\/www.maidotips.com\/environment\/wp-content\/uploads\/2018\/02\/solar2-16-9.jpg?w=1280&amp;ssl=1 1280w\" sizes=\"auto, (max-width: 331px) 100vw, 331px\" \/><\/p>\n<p>En los ultimos meses se ha observado un aumento de la demanda de proyectos de <strong>Energia Solar Fotovoltaica<\/strong> en Espa\u00f1a en cualquier fase <em>(inicial, RTB o llave en mano), <\/em>Lo<\/p>\n<p>que significa que se empieza a recuperar la confianza por parte de los inversores.<em>\u00a0<\/em><\/p>\n<p>&nbsp;<\/p>\n<p>&nbsp;<\/p>\n<p><img data-recalc-dims=\"1\" loading=\"lazy\" decoding=\"async\" data-attachment-id=\"1353\" data-permalink=\"https:\/\/www.maidotips.com\/environment\/el-sector-fotovoltaico-espanol-vuelve-a-reactivarse\/dv_3hujwkaejoyd\/#main\" data-orig-file=\"https:\/\/i0.wp.com\/www.maidotips.com\/environment\/wp-content\/uploads\/2018\/02\/DV_3hujWkAEjoYd.jpg?fit=1199%2C600&amp;ssl=1\" data-orig-size=\"1199,600\" data-comments-opened=\"0\" data-image-meta=\"{&quot;aperture&quot;:&quot;0&quot;,&quot;credit&quot;:&quot;&quot;,&quot;camera&quot;:&quot;&quot;,&quot;caption&quot;:&quot;&quot;,&quot;created_timestamp&quot;:&quot;0&quot;,&quot;copyright&quot;:&quot;&quot;,&quot;focal_length&quot;:&quot;0&quot;,&quot;iso&quot;:&quot;0&quot;,&quot;shutter_speed&quot;:&quot;0&quot;,&quot;title&quot;:&quot;&quot;,&quot;orientation&quot;:&quot;0&quot;}\" data-image-title=\"DV_3hujWkAEjoYd\" data-image-description=\"\" data-image-caption=\"\" data-medium-file=\"https:\/\/i0.wp.com\/www.maidotips.com\/environment\/wp-content\/uploads\/2018\/02\/DV_3hujWkAEjoYd.jpg?fit=300%2C150&amp;ssl=1\" data-large-file=\"https:\/\/i0.wp.com\/www.maidotips.com\/environment\/wp-content\/uploads\/2018\/02\/DV_3hujWkAEjoYd.jpg?fit=780%2C390&amp;ssl=1\" class=\" wp-image-1353 alignleft\" src=\"https:\/\/i0.wp.com\/www.maidotips.com\/environment\/wp-content\/uploads\/2018\/02\/DV_3hujWkAEjoYd-300x150.jpg?resize=334%2C167&#038;ssl=1\" alt=\"\" width=\"334\" height=\"167\" srcset=\"https:\/\/i0.wp.com\/www.maidotips.com\/environment\/wp-content\/uploads\/2018\/02\/DV_3hujWkAEjoYd.jpg?resize=300%2C150&amp;ssl=1 300w, https:\/\/i0.wp.com\/www.maidotips.com\/environment\/wp-content\/uploads\/2018\/02\/DV_3hujWkAEjoYd.jpg?resize=768%2C384&amp;ssl=1 768w, https:\/\/i0.wp.com\/www.maidotips.com\/environment\/wp-content\/uploads\/2018\/02\/DV_3hujWkAEjoYd.jpg?resize=1024%2C512&amp;ssl=1 1024w, https:\/\/i0.wp.com\/www.maidotips.com\/environment\/wp-content\/uploads\/2018\/02\/DV_3hujWkAEjoYd.jpg?w=1199&amp;ssl=1 1199w\" sizes=\"auto, (max-width: 334px) 100vw, 334px\" \/><\/p>\n<p>El coste de generaci\u00f3n de la solar fotovoltaica ha ca\u00eddo de manera muy importante (ver imagen)y,\u00a0 en su \u00faltimo informe, la Agencia Internacional de Energ\u00edas Renovables (IRENA) prev\u00e9 que se reduzca todav\u00eda m\u00e1s en los dos pr\u00f3ximos a\u00f1os, hasta la mitad. La electricidad producida con solar fotovoltaica es la que m\u00e1s se ha abaratado de todas las tecnolog\u00edas renovables.<\/p>\n<p>\u201c<em>El aumento de la potencia instalada se produce tanto a nivel de autoconsumo como de grandes proyectos fotovoltaicos para vender la energ\u00eda a la red<\/em>\u201d, explica Gonz\u00e1lez Cort\u00e9s.<\/p>\n<p>\u201c<em>En estos momentos, la energ\u00eda solar fotovoltaica ya es competitiva sin necesidad de subvenciones\u201d<\/em>, se\u00f1ala Gonz\u00e1lez Cort\u00e9s. Una situaci\u00f3n muy distinta a los a\u00f1os del boom de la fotovoltaica en Espa\u00f1a, que acabaron\u00a0 con la desaparici\u00f3n de las primas a esta renovable. El capital es muy consciente de esto y ya vuelve a mirar a Espa\u00f1a para invertir en el sector fotovoltaico.<\/p>\n<p>Tambi\u00e9n cobra especial importancia el crecimiento de las instalaciones de <strong>Autoconsumo.<img data-recalc-dims=\"1\" loading=\"lazy\" decoding=\"async\" data-attachment-id=\"1360\" data-permalink=\"https:\/\/www.maidotips.com\/environment\/el-sector-fotovoltaico-espanol-vuelve-a-reactivarse\/autoconsumo2\/#main\" data-orig-file=\"https:\/\/i0.wp.com\/www.maidotips.com\/environment\/wp-content\/uploads\/2018\/02\/AUTOCONSUMO2.jpg?fit=1280%2C720&amp;ssl=1\" data-orig-size=\"1280,720\" data-comments-opened=\"0\" data-image-meta=\"{&quot;aperture&quot;:&quot;0&quot;,&quot;credit&quot;:&quot;&quot;,&quot;camera&quot;:&quot;&quot;,&quot;caption&quot;:&quot;&quot;,&quot;created_timestamp&quot;:&quot;0&quot;,&quot;copyright&quot;:&quot;&quot;,&quot;focal_length&quot;:&quot;0&quot;,&quot;iso&quot;:&quot;0&quot;,&quot;shutter_speed&quot;:&quot;0&quot;,&quot;title&quot;:&quot;&quot;,&quot;orientation&quot;:&quot;0&quot;}\" data-image-title=\"AUTOCONSUMO2\" data-image-description=\"\" data-image-caption=\"\" data-medium-file=\"https:\/\/i0.wp.com\/www.maidotips.com\/environment\/wp-content\/uploads\/2018\/02\/AUTOCONSUMO2.jpg?fit=300%2C169&amp;ssl=1\" data-large-file=\"https:\/\/i0.wp.com\/www.maidotips.com\/environment\/wp-content\/uploads\/2018\/02\/AUTOCONSUMO2.jpg?fit=780%2C439&amp;ssl=1\" class=\"size-medium wp-image-1360 alignleft\" src=\"https:\/\/i0.wp.com\/www.maidotips.com\/environment\/wp-content\/uploads\/2018\/02\/AUTOCONSUMO2-300x169.jpg?resize=300%2C169&#038;ssl=1\" alt=\"\" width=\"300\" height=\"169\" srcset=\"https:\/\/i0.wp.com\/www.maidotips.com\/environment\/wp-content\/uploads\/2018\/02\/AUTOCONSUMO2.jpg?resize=300%2C169&amp;ssl=1 300w, https:\/\/i0.wp.com\/www.maidotips.com\/environment\/wp-content\/uploads\/2018\/02\/AUTOCONSUMO2.jpg?resize=768%2C432&amp;ssl=1 768w, https:\/\/i0.wp.com\/www.maidotips.com\/environment\/wp-content\/uploads\/2018\/02\/AUTOCONSUMO2.jpg?resize=1024%2C576&amp;ssl=1 1024w, https:\/\/i0.wp.com\/www.maidotips.com\/environment\/wp-content\/uploads\/2018\/02\/AUTOCONSUMO2.jpg?w=1280&amp;ssl=1 1280w\" sizes=\"auto, (max-width: 300px) 100vw, 300px\" \/><\/strong> \u201c<\/p>\n<p>En sectores, como el agr\u00edcola, el vitivin\u00edcola, el agroalimentario, el de la distribuci\u00f3n y el hotelero, entre otros, las empresas han decidido apostar por la tecnolog\u00eda\u00a0 solar fotovoltaica porque contribuye a reducir de manera importante los costes de la energ\u00eda el\u00e9ctrica, incrementando la competitividad\u201d, aseguran desde UNEF.<\/p>\n<p>A pesar del avance registrado el a\u00f1o pasado, Espa\u00f1a sigue muy lejos de otros pa\u00edses de nuestro entorno como Alemania, que en el 2017 instal\u00f3 1.750 MW de nueva potencia fotovoltaica o Pa\u00edses Bajos, con 853 MW de potencia instalada . La comparaci\u00f3n deja a\u00fan m\u00e1s en evidencia a Espa\u00f1a si se tiene en cuenta que es uno de los pa\u00edses con m\u00e1s horas de sol.<\/p>\n<p>Gracias a la Energia solar fotovoltaica, Espa\u00f1a no emiti\u00f3 3.047 millones de toneladas de CO2 a la atm\u00f3sfera en el 2015 , seg\u00fan un informe de UNEF elaborado en colaboraci\u00f3n con Deloitte.<\/p>\n<p>&nbsp;<\/p>\n<p>FUENTES: <a href=\"https:\/\/unef.es\/wp-content\/uploads\/dlm_uploads\/2017\/10\/unef-deloitte-analisis-economico.pdf\" target=\"_blank\" rel=\"noopener\">UNEF<\/a>, \u00a0 <a href=\"http:\/\/irena.org\/publications\/2018\/Jan\/Renewable-power-generation-costs-in-2017\" target=\"_blank\" rel=\"noopener\">IRENA<\/a><\/p>\n","protected":false},"excerpt":{"rendered":"<p>[prisna-google-website-translator] El a\u00f1o pasado en Espa\u00f1a se instalaron 135 MW de nueva potencia fotovoltaica, frente a los 55 MW instalados en el 2016 y a los 49 MW del 2015, seg\u00fan la Uni\u00f3n Espa\u00f1ola Fotovoltaica (UNEF). En los ultimos meses se ha observado un aumento de la demanda de proyectos de Energia Solar Fotovoltaica en <a class=\"more-link\" href=\"https:\/\/www.maidotips.com\/environment\/el-sector-fotovoltaico-espanol-vuelve-a-reactivarse\/\">Leer m\u00e1s &#8230;<\/a><\/p>\n","protected":false},"author":6,"featured_media":0,"comment_status":"closed","ping_status":"closed","sticky":false,"template":"","format":"standard","meta":{"_monsterinsights_skip_tracking":false,"_monsterinsights_sitenote_active":false,"_monsterinsights_sitenote_note":"","_monsterinsights_sitenote_category":0,"jetpack_post_was_ever_published":false,"_jetpack_newsletter_access":"","_jetpack_dont_email_post_to_subs":false,"_jetpack_newsletter_tier_id":0,"_jetpack_memberships_contains_paywalled_content":false,"_jetpack_memberships_contains_paid_content":false,"footnotes":""},"categories":[1,4],"tags":[],"class_list":["post-1352","post","type-post","status-publish","format-standard","hentry","category-energias-renovables","category-noticias"],"yoast_head":"<!-- This site is optimized with the Yoast SEO plugin v24.8.1 - https:\/\/yoast.com\/wordpress\/plugins\/seo\/ -->\n<title>El sector Fotovoltaico Espa\u00f1ol vuelve a reactivarse - BLOG de ENERGIAS RENOVABLES yTECNOLOGIA<\/title>\n<meta name=\"robots\" content=\"index, follow, max-snippet:-1, max-image-preview:large, max-video-preview:-1\" \/>\n<link rel=\"canonical\" href=\"https:\/\/www.maidotips.com\/environment\/el-sector-fotovoltaico-espanol-vuelve-a-reactivarse\/\" \/>\n<meta property=\"og:locale\" content=\"es_ES\" \/>\n<meta property=\"og:type\" content=\"article\" \/>\n<meta property=\"og:title\" content=\"El sector Fotovoltaico Espa\u00f1ol vuelve a reactivarse - BLOG de ENERGIAS RENOVABLES yTECNOLOGIA\" \/>\n<meta property=\"og:description\" content=\"[prisna-google-website-translator] El a\u00f1o pasado en Espa\u00f1a se instalaron 135 MW de nueva potencia fotovoltaica, frente a los 55 MW instalados en el 2016 y a los 49 MW del 2015, seg\u00fan la Uni\u00f3n Espa\u00f1ola Fotovoltaica (UNEF). En los ultimos meses se ha observado un aumento de la demanda de proyectos de Energia Solar Fotovoltaica en Leer m\u00e1s ...\" \/>\n<meta property=\"og:url\" content=\"https:\/\/www.maidotips.com\/environment\/el-sector-fotovoltaico-espanol-vuelve-a-reactivarse\/\" \/>\n<meta property=\"og:site_name\" content=\"BLOG de ENERGIAS RENOVABLES yTECNOLOGIA\" \/>\n<meta property=\"article:publisher\" content=\"https:\/\/www.facebook.com\/Energiasrenovablesytecnologia\/\" \/>\n<meta property=\"article:published_time\" content=\"2018-02-19T16:37:13+00:00\" \/>\n<meta property=\"article:modified_time\" content=\"2018-02-21T09:50:03+00:00\" \/>\n<meta property=\"og:image\" content=\"https:\/\/www.maidotips.com\/environment\/wp-content\/uploads\/2018\/02\/solar2-16-9-300x169.jpg\" \/>\n<meta name=\"author\" content=\"Ecoadmin\" \/>\n<meta name=\"twitter:card\" content=\"summary_large_image\" \/>\n<meta name=\"twitter:label1\" content=\"Escrito por\" \/>\n\t<meta name=\"twitter:data1\" content=\"Ecoadmin\" \/>\n\t<meta name=\"twitter:label2\" content=\"Tiempo de lectura\" \/>\n\t<meta name=\"twitter:data2\" content=\"2 minutos\" \/>\n<script type=\"application\/ld+json\" class=\"yoast-schema-graph\">{\"@context\":\"https:\/\/schema.org\",\"@graph\":[{\"@type\":\"WebPage\",\"@id\":\"https:\/\/www.maidotips.com\/environment\/el-sector-fotovoltaico-espanol-vuelve-a-reactivarse\/\",\"url\":\"https:\/\/www.maidotips.com\/environment\/el-sector-fotovoltaico-espanol-vuelve-a-reactivarse\/\",\"name\":\"El sector Fotovoltaico Espa\u00f1ol vuelve a reactivarse - BLOG de ENERGIAS RENOVABLES yTECNOLOGIA\",\"isPartOf\":{\"@id\":\"https:\/\/www.maidotips.com\/environment\/#website\"},\"primaryImageOfPage\":{\"@id\":\"https:\/\/www.maidotips.com\/environment\/el-sector-fotovoltaico-espanol-vuelve-a-reactivarse\/#primaryimage\"},\"image\":{\"@id\":\"https:\/\/www.maidotips.com\/environment\/el-sector-fotovoltaico-espanol-vuelve-a-reactivarse\/#primaryimage\"},\"thumbnailUrl\":\"https:\/\/www.maidotips.com\/environment\/wp-content\/uploads\/2018\/02\/solar2-16-9-300x169.jpg\",\"datePublished\":\"2018-02-19T16:37:13+00:00\",\"dateModified\":\"2018-02-21T09:50:03+00:00\",\"author\":{\"@id\":\"https:\/\/www.maidotips.com\/environment\/#\/schema\/person\/4ac55ca4251e3f8aa01671a31feed256\"},\"breadcrumb\":{\"@id\":\"https:\/\/www.maidotips.com\/environment\/el-sector-fotovoltaico-espanol-vuelve-a-reactivarse\/#breadcrumb\"},\"inLanguage\":\"es\",\"potentialAction\":[{\"@type\":\"ReadAction\",\"target\":[\"https:\/\/www.maidotips.com\/environment\/el-sector-fotovoltaico-espanol-vuelve-a-reactivarse\/\"]}]},{\"@type\":\"ImageObject\",\"inLanguage\":\"es\",\"@id\":\"https:\/\/www.maidotips.com\/environment\/el-sector-fotovoltaico-espanol-vuelve-a-reactivarse\/#primaryimage\",\"url\":\"https:\/\/www.maidotips.com\/environment\/wp-content\/uploads\/2018\/02\/solar2-16-9-300x169.jpg\",\"contentUrl\":\"https:\/\/www.maidotips.com\/environment\/wp-content\/uploads\/2018\/02\/solar2-16-9-300x169.jpg\"},{\"@type\":\"BreadcrumbList\",\"@id\":\"https:\/\/www.maidotips.com\/environment\/el-sector-fotovoltaico-espanol-vuelve-a-reactivarse\/#breadcrumb\",\"itemListElement\":[{\"@type\":\"ListItem\",\"position\":1,\"name\":\"Portada\",\"item\":\"https:\/\/www.maidotips.com\/environment\/\"},{\"@type\":\"ListItem\",\"position\":2,\"name\":\"El sector Fotovoltaico Espa\u00f1ol vuelve a reactivarse\"}]},{\"@type\":\"WebSite\",\"@id\":\"https:\/\/www.maidotips.com\/environment\/#website\",\"url\":\"https:\/\/www.maidotips.com\/environment\/\",\"name\":\"BLOG de ENERGIAS RENOVABLES yTECNOLOGIA\",\"description\":\"BLOG sobre la energia verde y TECNOLOGIA\",\"potentialAction\":[{\"@type\":\"SearchAction\",\"target\":{\"@type\":\"EntryPoint\",\"urlTemplate\":\"https:\/\/www.maidotips.com\/environment\/?s={search_term_string}\"},\"query-input\":{\"@type\":\"PropertyValueSpecification\",\"valueRequired\":true,\"valueName\":\"search_term_string\"}}],\"inLanguage\":\"es\"},{\"@type\":\"Person\",\"@id\":\"https:\/\/www.maidotips.com\/environment\/#\/schema\/person\/4ac55ca4251e3f8aa01671a31feed256\",\"name\":\"Ecoadmin\",\"url\":\"https:\/\/www.maidotips.com\/environment\/author\/ecoadmin\/\"}]}<\/script>\n<!-- \/ Yoast SEO plugin. -->","yoast_head_json":{"title":"El sector Fotovoltaico Espa\u00f1ol vuelve a reactivarse - BLOG de ENERGIAS RENOVABLES yTECNOLOGIA","robots":{"index":"index","follow":"follow","max-snippet":"max-snippet:-1","max-image-preview":"max-image-preview:large","max-video-preview":"max-video-preview:-1"},"canonical":"https:\/\/www.maidotips.com\/environment\/el-sector-fotovoltaico-espanol-vuelve-a-reactivarse\/","og_locale":"es_ES","og_type":"article","og_title":"El sector Fotovoltaico Espa\u00f1ol vuelve a reactivarse - BLOG de ENERGIAS RENOVABLES yTECNOLOGIA","og_description":"[prisna-google-website-translator] El a\u00f1o pasado en Espa\u00f1a se instalaron 135 MW de nueva potencia fotovoltaica, frente a los 55 MW instalados en el 2016 y a los 49 MW del 2015, seg\u00fan la Uni\u00f3n Espa\u00f1ola Fotovoltaica (UNEF). En los ultimos meses se ha observado un aumento de la demanda de proyectos de Energia Solar Fotovoltaica en Leer m\u00e1s ...","og_url":"https:\/\/www.maidotips.com\/environment\/el-sector-fotovoltaico-espanol-vuelve-a-reactivarse\/","og_site_name":"BLOG de ENERGIAS RENOVABLES yTECNOLOGIA","article_publisher":"https:\/\/www.facebook.com\/Energiasrenovablesytecnologia\/","article_published_time":"2018-02-19T16:37:13+00:00","article_modified_time":"2018-02-21T09:50:03+00:00","og_image":[{"url":"https:\/\/www.maidotips.com\/environment\/wp-content\/uploads\/2018\/02\/solar2-16-9-300x169.jpg","type":"","width":"","height":""}],"author":"Ecoadmin","twitter_card":"summary_large_image","twitter_misc":{"Escrito por":"Ecoadmin","Tiempo de lectura":"2 minutos"},"schema":{"@context":"https:\/\/schema.org","@graph":[{"@type":"WebPage","@id":"https:\/\/www.maidotips.com\/environment\/el-sector-fotovoltaico-espanol-vuelve-a-reactivarse\/","url":"https:\/\/www.maidotips.com\/environment\/el-sector-fotovoltaico-espanol-vuelve-a-reactivarse\/","name":"El sector Fotovoltaico Espa\u00f1ol vuelve a reactivarse - BLOG de ENERGIAS RENOVABLES yTECNOLOGIA","isPartOf":{"@id":"https:\/\/www.maidotips.com\/environment\/#website"},"primaryImageOfPage":{"@id":"https:\/\/www.maidotips.com\/environment\/el-sector-fotovoltaico-espanol-vuelve-a-reactivarse\/#primaryimage"},"image":{"@id":"https:\/\/www.maidotips.com\/environment\/el-sector-fotovoltaico-espanol-vuelve-a-reactivarse\/#primaryimage"},"thumbnailUrl":"https:\/\/www.maidotips.com\/environment\/wp-content\/uploads\/2018\/02\/solar2-16-9-300x169.jpg","datePublished":"2018-02-19T16:37:13+00:00","dateModified":"2018-02-21T09:50:03+00:00","author":{"@id":"https:\/\/www.maidotips.com\/environment\/#\/schema\/person\/4ac55ca4251e3f8aa01671a31feed256"},"breadcrumb":{"@id":"https:\/\/www.maidotips.com\/environment\/el-sector-fotovoltaico-espanol-vuelve-a-reactivarse\/#breadcrumb"},"inLanguage":"es","potentialAction":[{"@type":"ReadAction","target":["https:\/\/www.maidotips.com\/environment\/el-sector-fotovoltaico-espanol-vuelve-a-reactivarse\/"]}]},{"@type":"ImageObject","inLanguage":"es","@id":"https:\/\/www.maidotips.com\/environment\/el-sector-fotovoltaico-espanol-vuelve-a-reactivarse\/#primaryimage","url":"https:\/\/www.maidotips.com\/environment\/wp-content\/uploads\/2018\/02\/solar2-16-9-300x169.jpg","contentUrl":"https:\/\/www.maidotips.com\/environment\/wp-content\/uploads\/2018\/02\/solar2-16-9-300x169.jpg"},{"@type":"BreadcrumbList","@id":"https:\/\/www.maidotips.com\/environment\/el-sector-fotovoltaico-espanol-vuelve-a-reactivarse\/#breadcrumb","itemListElement":[{"@type":"ListItem","position":1,"name":"Portada","item":"https:\/\/www.maidotips.com\/environment\/"},{"@type":"ListItem","position":2,"name":"El sector Fotovoltaico Espa\u00f1ol vuelve a reactivarse"}]},{"@type":"WebSite","@id":"https:\/\/www.maidotips.com\/environment\/#website","url":"https:\/\/www.maidotips.com\/environment\/","name":"BLOG de ENERGIAS RENOVABLES yTECNOLOGIA","description":"BLOG sobre la energia verde y TECNOLOGIA","potentialAction":[{"@type":"SearchAction","target":{"@type":"EntryPoint","urlTemplate":"https:\/\/www.maidotips.com\/environment\/?s={search_term_string}"},"query-input":{"@type":"PropertyValueSpecification","valueRequired":true,"valueName":"search_term_string"}}],"inLanguage":"es"},{"@type":"Person","@id":"https:\/\/www.maidotips.com\/environment\/#\/schema\/person\/4ac55ca4251e3f8aa01671a31feed256","name":"Ecoadmin","url":"https:\/\/www.maidotips.com\/environment\/author\/ecoadmin\/"}]}},"jetpack_featured_media_url":"","jetpack_shortlink":"https:\/\/wp.me\/pbBd6N-lO","jetpack-related-posts":[],"jetpack_likes_enabled":true,"jetpack_sharing_enabled":true,"_links":{"self":[{"href":"https:\/\/www.maidotips.com\/environment\/wp-json\/wp\/v2\/posts\/1352","targetHints":{"allow":["GET"]}}],"collection":[{"href":"https:\/\/www.maidotips.com\/environment\/wp-json\/wp\/v2\/posts"}],"about":[{"href":"https:\/\/www.maidotips.com\/environment\/wp-json\/wp\/v2\/types\/post"}],"author":[{"embeddable":true,"href":"https:\/\/www.maidotips.com\/environment\/wp-json\/wp\/v2\/users\/6"}],"replies":[{"embeddable":true,"href":"https:\/\/www.maidotips.com\/environment\/wp-json\/wp\/v2\/comments?post=1352"}],"version-history":[{"count":20,"href":"https:\/\/www.maidotips.com\/environment\/wp-json\/wp\/v2\/posts\/1352\/revisions"}],"predecessor-version":[{"id":1419,"href":"https:\/\/www.maidotips.com\/environment\/wp-json\/wp\/v2\/posts\/1352\/revisions\/1419"}],"wp:attachment":[{"href":"https:\/\/www.maidotips.com\/environment\/wp-json\/wp\/v2\/media?parent=1352"}],"wp:term":[{"taxonomy":"category","embeddable":true,"href":"https:\/\/www.maidotips.com\/environment\/wp-json\/wp\/v2\/categories?post=1352"},{"taxonomy":"post_tag","embeddable":true,"href":"https:\/\/www.maidotips.com\/environment\/wp-json\/wp\/v2\/tags?post=1352"}],"curies":[{"name":"wp","href":"https:\/\/api.w.org\/{rel}","templated":true}]}}