{"id":169,"date":"2011-05-16T12:36:43","date_gmt":"2011-05-16T10:36:43","guid":{"rendered":"https:\/\/www.maidotips.com\/environment\/?p=169"},"modified":"2011-05-16T12:39:25","modified_gmt":"2011-05-16T10:39:25","slug":"los-fotovoltaicos-ven-poco-ambicioso-el-plan-verde-del-gobierno","status":"publish","type":"post","link":"https:\/\/www.maidotips.com\/environment\/los-fotovoltaicos-ven-poco-ambicioso-el-plan-verde-del-gobierno\/","title":{"rendered":"Los fotovoltaicos ven \u00abpoco ambicioso\u00bb el plan &#8216;verde&#8217; del Gobierno"},"content":{"rendered":"<p>[rax-google-adsense-1]<\/p>\n<p>\u00abEspa\u00f1a, que dispone del mayor \u00edndice radiaci\u00f3n solar en Europa, podr\u00eda ocupar un papel de liderazgo a nivel mundial\u00bb, dice la patronal AEF.<\/p>\n<p>El presidente de la Asociaci\u00f3n Empresarial Fotovoltaica (AEF), Juan Laso, considera que el borrador del Plan de Energ\u00edas Renovables (PER) 2011-2020 dise\u00f1ado por el Gobierno fija unos objetivos \u00ablimitativos y poco ambiciosos\u00bb para la fotovoltaica. Durante su participaci\u00f3n en unas jornadas organizadas en la feria Genera, Laso ha asegurado que Espa\u00f1a necesita una \u00abregulaci\u00f3n estable y segura, que potencie sin ambig\u00fcedades el desarrollo de la energ\u00eda fotovoltaica y la expansi\u00f3n de una tecnolog\u00eda que invierte, crea empleo, reduce las importaciones y es fundamental para limitar la dependencia energ\u00e9tica\u00bb. El borrador del PER fija un peso del conjunto de las renovables sobre la generaci\u00f3n el\u00e9ctrica del 20,8% en 2020, frente al 22,6% previsto anteriormente, lo que, a juicio de Laso, \u00abno va a fomentar la expansi\u00f3n de la energ\u00eda fotovoltaica en el mercado nacional, a pesar del liderazgo adquirido por las empresas espa\u00f1olas\u00bb. \u00abEspa\u00f1a, que dispone del mayor \u00edndice radiaci\u00f3n solar en Europa, podr\u00eda ocupar un papel de liderazgo a nivel mundial. Sin embargo, para ello se necesita una regulaci\u00f3n estable y predecible, seguridad jur\u00eddica, capacidad inversora y garant\u00edas de los recursos financieros nacionales e internacionales y el nuevo PER que prepara el Gobierno no garantiza estos aspectos\u00bb, asegur\u00f3. Laso pidi\u00f3 adem\u00e1s un \u00abdi\u00e1logo constructivo\u00bb entre el sector fotovoltaico y las empresas distribuidoras de electricidad que favorezca el autoconsumo. \u00abEl presente se orienta hacia un nuevo modelo del sistema el\u00e9ctrico, con la extensi\u00f3n de las redes inteligentes y la generaci\u00f3n distribuida, en el que la energ\u00eda fotovoltaica ocupa una misi\u00f3n principal\u00bb, se\u00f1al\u00f3. Por otro lado, la AEF ha difundido en Genera el manifiesto &#8216;El Sol es tu Energ\u00eda&#8217;, en el que destaca la importancia de la fotovoltaica en el futuro y sus principales caracter\u00edsticas, entre ellas las de \u00abser limpia, segura, inagotable, predecible, accesible a todo el mundo y cada vez m\u00e1s barata\u00bb. El manifiesto resalta que las energ\u00edas limpias consiguieron el pasado a\u00f1o un abaratamiento en el precio del mercado de la electricidad de 4.836 millones de euros.<\/p>\n<p>Fuente: EXPANSION.COM<\/p>\n<p>[rax-google-adsense-1]<\/p>\n<p>&nbsp;<\/p>\n","protected":false},"excerpt":{"rendered":"<p>[rax-google-adsense-1] \u00abEspa\u00f1a, que dispone del mayor \u00edndice radiaci\u00f3n solar en Europa, podr\u00eda ocupar un papel de liderazgo a nivel mundial\u00bb, dice la patronal AEF. El presidente de la Asociaci\u00f3n Empresarial Fotovoltaica (AEF), Juan Laso, considera que el borrador del Plan de Energ\u00edas Renovables (PER) 2011-2020 dise\u00f1ado por el Gobierno fija unos objetivos \u00ablimitativos y poco <a class=\"more-link\" href=\"https:\/\/www.maidotips.com\/environment\/los-fotovoltaicos-ven-poco-ambicioso-el-plan-verde-del-gobierno\/\">Leer m\u00e1s &#8230;<\/a><\/p>\n","protected":false},"author":1,"featured_media":0,"comment_status":"closed","ping_status":"open","sticky":false,"template":"","format":"standard","meta":{"_monsterinsights_skip_tracking":false,"_monsterinsights_sitenote_active":false,"_monsterinsights_sitenote_note":"","_monsterinsights_sitenote_category":0,"jetpack_post_was_ever_published":false,"_jetpack_newsletter_access":"","_jetpack_dont_email_post_to_subs":false,"_jetpack_newsletter_tier_id":0,"_jetpack_memberships_contains_paywalled_content":false,"_jetpack_memberships_contains_paid_content":false,"footnotes":""},"categories":[1],"tags":[],"class_list":["post-169","post","type-post","status-publish","format-standard","hentry","category-energias-renovables"],"yoast_head":"<!-- This site is optimized with the Yoast SEO plugin v24.8.1 - https:\/\/yoast.com\/wordpress\/plugins\/seo\/ -->\n<title>Los fotovoltaicos ven &quot;poco ambicioso&quot; el plan &#039;verde&#039; del Gobierno - BLOG de ENERGIAS RENOVABLES yTECNOLOGIA<\/title>\n<meta name=\"robots\" content=\"index, follow, max-snippet:-1, max-image-preview:large, max-video-preview:-1\" \/>\n<link rel=\"canonical\" href=\"https:\/\/www.maidotips.com\/environment\/los-fotovoltaicos-ven-poco-ambicioso-el-plan-verde-del-gobierno\/\" \/>\n<meta property=\"og:locale\" content=\"es_ES\" \/>\n<meta property=\"og:type\" content=\"article\" \/>\n<meta property=\"og:title\" content=\"Los fotovoltaicos ven &quot;poco ambicioso&quot; el plan &#039;verde&#039; del Gobierno - BLOG de ENERGIAS RENOVABLES yTECNOLOGIA\" \/>\n<meta property=\"og:description\" content=\"[rax-google-adsense-1] \u00abEspa\u00f1a, que dispone del mayor \u00edndice radiaci\u00f3n solar en Europa, podr\u00eda ocupar un papel de liderazgo a nivel mundial\u00bb, dice la patronal AEF. El presidente de la Asociaci\u00f3n Empresarial Fotovoltaica (AEF), Juan Laso, considera que el borrador del Plan de Energ\u00edas Renovables (PER) 2011-2020 dise\u00f1ado por el Gobierno fija unos objetivos \u00ablimitativos y poco Leer m\u00e1s ...\" \/>\n<meta property=\"og:url\" content=\"https:\/\/www.maidotips.com\/environment\/los-fotovoltaicos-ven-poco-ambicioso-el-plan-verde-del-gobierno\/\" \/>\n<meta property=\"og:site_name\" content=\"BLOG de ENERGIAS RENOVABLES yTECNOLOGIA\" \/>\n<meta property=\"article:publisher\" content=\"https:\/\/www.facebook.com\/Energiasrenovablesytecnologia\/\" \/>\n<meta property=\"article:published_time\" content=\"2011-05-16T10:36:43+00:00\" \/>\n<meta property=\"article:modified_time\" content=\"2011-05-16T10:39:25+00:00\" \/>\n<meta name=\"author\" content=\"admin\" \/>\n<meta name=\"twitter:card\" content=\"summary_large_image\" \/>\n<meta name=\"twitter:label1\" content=\"Escrito por\" \/>\n\t<meta name=\"twitter:data1\" content=\"admin\" \/>\n\t<meta name=\"twitter:label2\" content=\"Tiempo de lectura\" \/>\n\t<meta name=\"twitter:data2\" content=\"2 minutos\" \/>\n<script type=\"application\/ld+json\" class=\"yoast-schema-graph\">{\"@context\":\"https:\/\/schema.org\",\"@graph\":[{\"@type\":\"WebPage\",\"@id\":\"https:\/\/www.maidotips.com\/environment\/los-fotovoltaicos-ven-poco-ambicioso-el-plan-verde-del-gobierno\/\",\"url\":\"https:\/\/www.maidotips.com\/environment\/los-fotovoltaicos-ven-poco-ambicioso-el-plan-verde-del-gobierno\/\",\"name\":\"Los fotovoltaicos ven \\\"poco ambicioso\\\" el plan 'verde' del Gobierno - BLOG de ENERGIAS RENOVABLES yTECNOLOGIA\",\"isPartOf\":{\"@id\":\"http:\/\/www.maidotips.com\/environment\/#website\"},\"datePublished\":\"2011-05-16T10:36:43+00:00\",\"dateModified\":\"2011-05-16T10:39:25+00:00\",\"author\":{\"@id\":\"http:\/\/www.maidotips.com\/environment\/#\/schema\/person\/c9b890f523795aa69b81a95dee06d804\"},\"breadcrumb\":{\"@id\":\"https:\/\/www.maidotips.com\/environment\/los-fotovoltaicos-ven-poco-ambicioso-el-plan-verde-del-gobierno\/#breadcrumb\"},\"inLanguage\":\"es\",\"potentialAction\":[{\"@type\":\"ReadAction\",\"target\":[\"https:\/\/www.maidotips.com\/environment\/los-fotovoltaicos-ven-poco-ambicioso-el-plan-verde-del-gobierno\/\"]}]},{\"@type\":\"BreadcrumbList\",\"@id\":\"https:\/\/www.maidotips.com\/environment\/los-fotovoltaicos-ven-poco-ambicioso-el-plan-verde-del-gobierno\/#breadcrumb\",\"itemListElement\":[{\"@type\":\"ListItem\",\"position\":1,\"name\":\"Portada\",\"item\":\"http:\/\/www.maidotips.com\/environment\/\"},{\"@type\":\"ListItem\",\"position\":2,\"name\":\"Los fotovoltaicos ven \u00abpoco ambicioso\u00bb el plan &#8216;verde&#8217; del Gobierno\"}]},{\"@type\":\"WebSite\",\"@id\":\"http:\/\/www.maidotips.com\/environment\/#website\",\"url\":\"http:\/\/www.maidotips.com\/environment\/\",\"name\":\"BLOG de ENERGIAS RENOVABLES yTECNOLOGIA\",\"description\":\"BLOG sobre la energia verde y TECNOLOGIA\",\"potentialAction\":[{\"@type\":\"SearchAction\",\"target\":{\"@type\":\"EntryPoint\",\"urlTemplate\":\"http:\/\/www.maidotips.com\/environment\/?s={search_term_string}\"},\"query-input\":{\"@type\":\"PropertyValueSpecification\",\"valueRequired\":true,\"valueName\":\"search_term_string\"}}],\"inLanguage\":\"es\"},{\"@type\":\"Person\",\"@id\":\"http:\/\/www.maidotips.com\/environment\/#\/schema\/person\/c9b890f523795aa69b81a95dee06d804\",\"name\":\"admin\",\"url\":\"https:\/\/www.maidotips.com\/environment\/author\/admin\/\"}]}<\/script>\n<!-- \/ Yoast SEO plugin. -->","yoast_head_json":{"title":"Los fotovoltaicos ven \"poco ambicioso\" el plan 'verde' del Gobierno - BLOG de ENERGIAS RENOVABLES yTECNOLOGIA","robots":{"index":"index","follow":"follow","max-snippet":"max-snippet:-1","max-image-preview":"max-image-preview:large","max-video-preview":"max-video-preview:-1"},"canonical":"https:\/\/www.maidotips.com\/environment\/los-fotovoltaicos-ven-poco-ambicioso-el-plan-verde-del-gobierno\/","og_locale":"es_ES","og_type":"article","og_title":"Los fotovoltaicos ven \"poco ambicioso\" el plan 'verde' del Gobierno - BLOG de ENERGIAS RENOVABLES yTECNOLOGIA","og_description":"[rax-google-adsense-1] \u00abEspa\u00f1a, que dispone del mayor \u00edndice radiaci\u00f3n solar en Europa, podr\u00eda ocupar un papel de liderazgo a nivel mundial\u00bb, dice la patronal AEF. El presidente de la Asociaci\u00f3n Empresarial Fotovoltaica (AEF), Juan Laso, considera que el borrador del Plan de Energ\u00edas Renovables (PER) 2011-2020 dise\u00f1ado por el Gobierno fija unos objetivos \u00ablimitativos y poco Leer m\u00e1s ...","og_url":"https:\/\/www.maidotips.com\/environment\/los-fotovoltaicos-ven-poco-ambicioso-el-plan-verde-del-gobierno\/","og_site_name":"BLOG de ENERGIAS RENOVABLES yTECNOLOGIA","article_publisher":"https:\/\/www.facebook.com\/Energiasrenovablesytecnologia\/","article_published_time":"2011-05-16T10:36:43+00:00","article_modified_time":"2011-05-16T10:39:25+00:00","author":"admin","twitter_card":"summary_large_image","twitter_misc":{"Escrito por":"admin","Tiempo de lectura":"2 minutos"},"schema":{"@context":"https:\/\/schema.org","@graph":[{"@type":"WebPage","@id":"https:\/\/www.maidotips.com\/environment\/los-fotovoltaicos-ven-poco-ambicioso-el-plan-verde-del-gobierno\/","url":"https:\/\/www.maidotips.com\/environment\/los-fotovoltaicos-ven-poco-ambicioso-el-plan-verde-del-gobierno\/","name":"Los fotovoltaicos ven \"poco ambicioso\" el plan 'verde' del Gobierno - BLOG de ENERGIAS RENOVABLES yTECNOLOGIA","isPartOf":{"@id":"http:\/\/www.maidotips.com\/environment\/#website"},"datePublished":"2011-05-16T10:36:43+00:00","dateModified":"2011-05-16T10:39:25+00:00","author":{"@id":"http:\/\/www.maidotips.com\/environment\/#\/schema\/person\/c9b890f523795aa69b81a95dee06d804"},"breadcrumb":{"@id":"https:\/\/www.maidotips.com\/environment\/los-fotovoltaicos-ven-poco-ambicioso-el-plan-verde-del-gobierno\/#breadcrumb"},"inLanguage":"es","potentialAction":[{"@type":"ReadAction","target":["https:\/\/www.maidotips.com\/environment\/los-fotovoltaicos-ven-poco-ambicioso-el-plan-verde-del-gobierno\/"]}]},{"@type":"BreadcrumbList","@id":"https:\/\/www.maidotips.com\/environment\/los-fotovoltaicos-ven-poco-ambicioso-el-plan-verde-del-gobierno\/#breadcrumb","itemListElement":[{"@type":"ListItem","position":1,"name":"Portada","item":"http:\/\/www.maidotips.com\/environment\/"},{"@type":"ListItem","position":2,"name":"Los fotovoltaicos ven \u00abpoco ambicioso\u00bb el plan &#8216;verde&#8217; del Gobierno"}]},{"@type":"WebSite","@id":"http:\/\/www.maidotips.com\/environment\/#website","url":"http:\/\/www.maidotips.com\/environment\/","name":"BLOG de ENERGIAS RENOVABLES yTECNOLOGIA","description":"BLOG sobre la energia verde y TECNOLOGIA","potentialAction":[{"@type":"SearchAction","target":{"@type":"EntryPoint","urlTemplate":"http:\/\/www.maidotips.com\/environment\/?s={search_term_string}"},"query-input":{"@type":"PropertyValueSpecification","valueRequired":true,"valueName":"search_term_string"}}],"inLanguage":"es"},{"@type":"Person","@id":"http:\/\/www.maidotips.com\/environment\/#\/schema\/person\/c9b890f523795aa69b81a95dee06d804","name":"admin","url":"https:\/\/www.maidotips.com\/environment\/author\/admin\/"}]}},"jetpack_featured_media_url":"","jetpack_shortlink":"https:\/\/wp.me\/pbBd6N-2J","jetpack-related-posts":[],"jetpack_likes_enabled":true,"jetpack_sharing_enabled":true,"_links":{"self":[{"href":"https:\/\/www.maidotips.com\/environment\/wp-json\/wp\/v2\/posts\/169","targetHints":{"allow":["GET"]}}],"collection":[{"href":"https:\/\/www.maidotips.com\/environment\/wp-json\/wp\/v2\/posts"}],"about":[{"href":"https:\/\/www.maidotips.com\/environment\/wp-json\/wp\/v2\/types\/post"}],"author":[{"embeddable":true,"href":"https:\/\/www.maidotips.com\/environment\/wp-json\/wp\/v2\/users\/1"}],"replies":[{"embeddable":true,"href":"https:\/\/www.maidotips.com\/environment\/wp-json\/wp\/v2\/comments?post=169"}],"version-history":[{"count":3,"href":"https:\/\/www.maidotips.com\/environment\/wp-json\/wp\/v2\/posts\/169\/revisions"}],"predecessor-version":[{"id":172,"href":"https:\/\/www.maidotips.com\/environment\/wp-json\/wp\/v2\/posts\/169\/revisions\/172"}],"wp:attachment":[{"href":"https:\/\/www.maidotips.com\/environment\/wp-json\/wp\/v2\/media?parent=169"}],"wp:term":[{"taxonomy":"category","embeddable":true,"href":"https:\/\/www.maidotips.com\/environment\/wp-json\/wp\/v2\/categories?post=169"},{"taxonomy":"post_tag","embeddable":true,"href":"https:\/\/www.maidotips.com\/environment\/wp-json\/wp\/v2\/tags?post=169"}],"curies":[{"name":"wp","href":"https:\/\/api.w.org\/{rel}","templated":true}]}}