{"id":177,"date":"2011-07-01T13:02:00","date_gmt":"2011-07-01T11:02:00","guid":{"rendered":"https:\/\/www.maidotips.com\/environment\/?p=177"},"modified":"2011-07-01T13:03:34","modified_gmt":"2011-07-01T11:03:34","slug":"el-parlamento-aleman-sentencia-el-fin-de-la-energia-nuclear","status":"publish","type":"post","link":"https:\/\/www.maidotips.com\/environment\/el-parlamento-aleman-sentencia-el-fin-de-la-energia-nuclear\/","title":{"rendered":"El parlamento alem\u00e1n sentencia el fin de la energ\u00eda nuclear"},"content":{"rendered":"<p>[rax-google-adsense-1]<\/p>\n<h2>En nueve a\u00f1os las renovables podr\u00edan generar casi la mitad de la electricidad del pa\u00eds.<\/h2>\n<p>Importante voto el de ayer en el\u00a0<strong>Bundestag <\/strong>de\u00a0<strong>Berl\u00edn<\/strong>. M\u00e1s de treinta a\u00f1os despu\u00e9s del inicio del movimiento antinuclear en\u00a0<strong>Alemania<\/strong>, el pa\u00eds echa el tel\u00f3n, un\u00e1nimemente, sobre la\u00a0<strong>energ\u00eda at\u00f3mica<\/strong>. 513 diputados sobre 600, cuatro de los cinco grupos parlamentarios, del gobierno y la oposici\u00f3n, votaron a favor de cerrar la \u00faltima central en 2022, dentro de once a\u00f1os, a m\u00e1s tardar. El voto incluye una gran apuesta por la energ\u00eda renovable en la principal econom\u00eda europea, lo que no dejar\u00e1 de tener consecuencias.<\/p>\n<p>En nueve a\u00f1os Alemania podr\u00eda, t\u00e9cnicamente, generar con fuentes renovables casi la mitad de su electricidad, el 47%, el 23% de ella mediante la energ\u00eda e\u00f3lica, se\u00f1ala la asociaci\u00f3n del sector. Hoy las renovables representan el 17% de la generaci\u00f3n y las nucleares, con 17 centrales, el 22%. La ley que negocia el gobierno habla de \u201cpor lo menos un 35%\u201d de la generaci\u00f3n de origen renovable para el a\u00f1o 2020. En 2030 se podr\u00eda llegar al 50% y en 2050 al 80%. Es una victoria del movimiento ciudadano y del Partido Verde, que ese movimiento fund\u00f3 en 1980 y que hoy es un partido institucional convencional.<\/p>\n<p>El objetivo de los verdes era el abandono de las nucleares en 2017. El partido decidi\u00f3 sacrificar los cinco a\u00f1os de diferencia en aras de un consenso nacional-parlamentario al que las fuerzas conservadoras del gobierno, la CDU-CSU y los liberales, han llegado por puro pragmatismo: despu\u00e9s de Fukushima, insistir en las nucleares equival\u00eda al suicidio electoral.<\/p>\n<p><a title=\"Los Verdes optan por apoyar el apag\u00f3n nuclear que propone Merkel\" href=\"http:\/\/www.lavanguardia.com\/internacional\/20110625\/54177233791\/los-verdes-optan-por-apoyar-el-apagon-nuclear-que-propone-merkel.html\">Aceptando el plan de Merkel<\/a> en aras de un gran consenso, los verdes han evitado que la canciller Angela Merkel, una pronuclear reconvertida por las circunstancias, se ponga la medalla de la transici\u00f3n energ\u00e9tica en el pa\u00eds. La decisi\u00f3n se produjo el s\u00e1bado en un congreso especial del partido, que, indirectamente, acerca m\u00e1s a los verdes a un eventual escenario de coalici\u00f3n con la CDU.<\/p>\n<p>\u201cApoyamos esta decisi\u00f3n por convicci\u00f3n, ustedes s\u00f3lo por oportunismo pol\u00edtico\u201d, le dijo el l\u00edder socialdem\u00f3crata Sigmar Gabriel, a la canciller Merkel, cuyo ministro de medio ambiente, Norbert R\u00f6ttgen, habl\u00f3 un \u201cproyecto de unidad nacional\u201d que ha sido, \u201cresultado de un proceso de aprendizaje\u201d. La frase fue acogida con aplausos burlescos del grupo parlamentario verde.<\/p>\n<p>Ya nadie recuerda que cuando el movimiento antinuclear arrancaba en la Alemania de los a\u00f1os setenta, los dos partidos mayoritarios y los medios de comunicaci\u00f3n retrataban el fen\u00f3meno como una peligrosa e insensata iniciativa. El Presidente de Baden-W\u00fcrttemberg, Hans Filbinger, dec\u00eda que sin la contestada central nuclear de Wyhl, \u201clas luces de nuestra regi\u00f3n comenzar\u00e1n a apagarse a finales de la d\u00e9cada\u201d. El que se apag\u00f3 fue \u00e9l: en 1978 tuvo que dimitir al conocerse su pasado como juez nazi responsable de sentencias de muerte. El movimiento ciudadano era criminalizado sin complejos. \u201cSu n\u00facleo lo forman puros terroristas, meros delincuentes\u201d, dec\u00eda el democristiano Gerhard Stoltenberg, presidente de la regi\u00f3n de Schleswig-Holstein. \u201cHay que hablar no tanto de alborotadores como de terroristas\u201d, dec\u00eda el ministro de justicia, el socialdem\u00f3crata Hans-Jochen Vogel. M\u00e1s tarde, en enero de 1980, cuando se fund\u00f3 el Partido Verde, el ide\u00f3logo del SPD, Egon Bahr, anunciaba el nacimiento de un \u201cpeligro para la democracia\u201d, mientras su colega Erhard Eppler comparaba la presi\u00f3n de las manifestaciones antinucleares con las marchas callejeras de las escuadras nazis de la S.A.<\/p>\n<p>\u201cMe siento orgullosa y emocionada\u201d, dijo ayer la verde Renate Kunast, \u201cal ver como ha triunfado un movimiento que fue discriminado y criminalizado durante a\u00f1os\u201d, objeto de, \u201cla resistencia de un poderoso oligopolio\u201d. \u201cSe acabaron las subvenciones millonarias a los consorcios nucleares\u201d, a\u00f1adi\u00f3. \u201cNo es el final, estamos empezando\u201d, concluy\u00f3. El grueso de la futura energ\u00eda e\u00f3lica se generar\u00e1 en las costas del norte, desde donde habr\u00e1 que transportar la energ\u00eda al sur mediante 3600 kil\u00f3metros de l\u00edneas de muy alta tensi\u00f3n con agresivas torres de ochenta metros, la opci\u00f3n de los consorcios. La pr\u00f3xima batalla por una energ\u00eda m\u00e1s descentralizada y con cables enterrados est\u00e1 servida.<\/p>\n<p>Fuente : LAVANGUARDIA.COM<\/p>\n<p>[rax-google-adsense-1]<\/p>\n<p>&nbsp;<\/p>\n<p>&nbsp;<\/p>\n","protected":false},"excerpt":{"rendered":"<p>[rax-google-adsense-1] En nueve a\u00f1os las renovables podr\u00edan generar casi la mitad de la electricidad del pa\u00eds. Importante voto el de ayer en el\u00a0Bundestag de\u00a0Berl\u00edn. M\u00e1s de treinta a\u00f1os despu\u00e9s del inicio del movimiento antinuclear en\u00a0Alemania, el pa\u00eds echa el tel\u00f3n, un\u00e1nimemente, sobre la\u00a0energ\u00eda at\u00f3mica. 513 diputados sobre 600, cuatro de los cinco grupos parlamentarios, del <a class=\"more-link\" href=\"https:\/\/www.maidotips.com\/environment\/el-parlamento-aleman-sentencia-el-fin-de-la-energia-nuclear\/\">Leer m\u00e1s &#8230;<\/a><\/p>\n","protected":false},"author":1,"featured_media":0,"comment_status":"closed","ping_status":"open","sticky":false,"template":"","format":"standard","meta":{"_monsterinsights_skip_tracking":false,"_monsterinsights_sitenote_active":false,"_monsterinsights_sitenote_note":"","_monsterinsights_sitenote_category":0,"jetpack_post_was_ever_published":false,"_jetpack_newsletter_access":"","_jetpack_dont_email_post_to_subs":false,"_jetpack_newsletter_tier_id":0,"_jetpack_memberships_contains_paywalled_content":false,"_jetpack_memberships_contains_paid_content":false,"footnotes":""},"categories":[1],"tags":[],"class_list":["post-177","post","type-post","status-publish","format-standard","hentry","category-energias-renovables"],"yoast_head":"<!-- This site is optimized with the Yoast SEO plugin v24.8.1 - https:\/\/yoast.com\/wordpress\/plugins\/seo\/ -->\n<title>El parlamento alem\u00e1n sentencia el fin de la energ\u00eda nuclear - BLOG de ENERGIAS RENOVABLES yTECNOLOGIA<\/title>\n<meta name=\"robots\" content=\"index, follow, max-snippet:-1, max-image-preview:large, max-video-preview:-1\" \/>\n<link rel=\"canonical\" href=\"https:\/\/www.maidotips.com\/environment\/el-parlamento-aleman-sentencia-el-fin-de-la-energia-nuclear\/\" \/>\n<meta property=\"og:locale\" content=\"es_ES\" \/>\n<meta property=\"og:type\" content=\"article\" \/>\n<meta property=\"og:title\" content=\"El parlamento alem\u00e1n sentencia el fin de la energ\u00eda nuclear - BLOG de ENERGIAS RENOVABLES yTECNOLOGIA\" \/>\n<meta property=\"og:description\" content=\"[rax-google-adsense-1] En nueve a\u00f1os las renovables podr\u00edan generar casi la mitad de la electricidad del pa\u00eds. Importante voto el de ayer en el\u00a0Bundestag de\u00a0Berl\u00edn. M\u00e1s de treinta a\u00f1os despu\u00e9s del inicio del movimiento antinuclear en\u00a0Alemania, el pa\u00eds echa el tel\u00f3n, un\u00e1nimemente, sobre la\u00a0energ\u00eda at\u00f3mica. 513 diputados sobre 600, cuatro de los cinco grupos parlamentarios, del Leer m\u00e1s ...\" \/>\n<meta property=\"og:url\" content=\"https:\/\/www.maidotips.com\/environment\/el-parlamento-aleman-sentencia-el-fin-de-la-energia-nuclear\/\" \/>\n<meta property=\"og:site_name\" content=\"BLOG de ENERGIAS RENOVABLES yTECNOLOGIA\" \/>\n<meta property=\"article:publisher\" content=\"https:\/\/www.facebook.com\/Energiasrenovablesytecnologia\/\" \/>\n<meta property=\"article:published_time\" content=\"2011-07-01T11:02:00+00:00\" \/>\n<meta property=\"article:modified_time\" content=\"2011-07-01T11:03:34+00:00\" \/>\n<meta name=\"author\" content=\"admin\" \/>\n<meta name=\"twitter:card\" content=\"summary_large_image\" \/>\n<meta name=\"twitter:label1\" content=\"Escrito por\" \/>\n\t<meta name=\"twitter:data1\" content=\"admin\" \/>\n\t<meta name=\"twitter:label2\" content=\"Tiempo de lectura\" \/>\n\t<meta name=\"twitter:data2\" content=\"4 minutos\" \/>\n<script type=\"application\/ld+json\" class=\"yoast-schema-graph\">{\"@context\":\"https:\/\/schema.org\",\"@graph\":[{\"@type\":\"WebPage\",\"@id\":\"https:\/\/www.maidotips.com\/environment\/el-parlamento-aleman-sentencia-el-fin-de-la-energia-nuclear\/\",\"url\":\"https:\/\/www.maidotips.com\/environment\/el-parlamento-aleman-sentencia-el-fin-de-la-energia-nuclear\/\",\"name\":\"El parlamento alem\u00e1n sentencia el fin de la energ\u00eda nuclear - BLOG de ENERGIAS RENOVABLES yTECNOLOGIA\",\"isPartOf\":{\"@id\":\"http:\/\/www.maidotips.com\/environment\/#website\"},\"datePublished\":\"2011-07-01T11:02:00+00:00\",\"dateModified\":\"2011-07-01T11:03:34+00:00\",\"author\":{\"@id\":\"http:\/\/www.maidotips.com\/environment\/#\/schema\/person\/c9b890f523795aa69b81a95dee06d804\"},\"breadcrumb\":{\"@id\":\"https:\/\/www.maidotips.com\/environment\/el-parlamento-aleman-sentencia-el-fin-de-la-energia-nuclear\/#breadcrumb\"},\"inLanguage\":\"es\",\"potentialAction\":[{\"@type\":\"ReadAction\",\"target\":[\"https:\/\/www.maidotips.com\/environment\/el-parlamento-aleman-sentencia-el-fin-de-la-energia-nuclear\/\"]}]},{\"@type\":\"BreadcrumbList\",\"@id\":\"https:\/\/www.maidotips.com\/environment\/el-parlamento-aleman-sentencia-el-fin-de-la-energia-nuclear\/#breadcrumb\",\"itemListElement\":[{\"@type\":\"ListItem\",\"position\":1,\"name\":\"Portada\",\"item\":\"http:\/\/www.maidotips.com\/environment\/\"},{\"@type\":\"ListItem\",\"position\":2,\"name\":\"El parlamento alem\u00e1n sentencia el fin de la energ\u00eda nuclear\"}]},{\"@type\":\"WebSite\",\"@id\":\"http:\/\/www.maidotips.com\/environment\/#website\",\"url\":\"http:\/\/www.maidotips.com\/environment\/\",\"name\":\"BLOG de ENERGIAS RENOVABLES yTECNOLOGIA\",\"description\":\"BLOG sobre la energia verde y TECNOLOGIA\",\"potentialAction\":[{\"@type\":\"SearchAction\",\"target\":{\"@type\":\"EntryPoint\",\"urlTemplate\":\"http:\/\/www.maidotips.com\/environment\/?s={search_term_string}\"},\"query-input\":{\"@type\":\"PropertyValueSpecification\",\"valueRequired\":true,\"valueName\":\"search_term_string\"}}],\"inLanguage\":\"es\"},{\"@type\":\"Person\",\"@id\":\"http:\/\/www.maidotips.com\/environment\/#\/schema\/person\/c9b890f523795aa69b81a95dee06d804\",\"name\":\"admin\",\"url\":\"https:\/\/www.maidotips.com\/environment\/author\/admin\/\"}]}<\/script>\n<!-- \/ Yoast SEO plugin. -->","yoast_head_json":{"title":"El parlamento alem\u00e1n sentencia el fin de la energ\u00eda nuclear - BLOG de ENERGIAS RENOVABLES yTECNOLOGIA","robots":{"index":"index","follow":"follow","max-snippet":"max-snippet:-1","max-image-preview":"max-image-preview:large","max-video-preview":"max-video-preview:-1"},"canonical":"https:\/\/www.maidotips.com\/environment\/el-parlamento-aleman-sentencia-el-fin-de-la-energia-nuclear\/","og_locale":"es_ES","og_type":"article","og_title":"El parlamento alem\u00e1n sentencia el fin de la energ\u00eda nuclear - BLOG de ENERGIAS RENOVABLES yTECNOLOGIA","og_description":"[rax-google-adsense-1] En nueve a\u00f1os las renovables podr\u00edan generar casi la mitad de la electricidad del pa\u00eds. Importante voto el de ayer en el\u00a0Bundestag de\u00a0Berl\u00edn. M\u00e1s de treinta a\u00f1os despu\u00e9s del inicio del movimiento antinuclear en\u00a0Alemania, el pa\u00eds echa el tel\u00f3n, un\u00e1nimemente, sobre la\u00a0energ\u00eda at\u00f3mica. 513 diputados sobre 600, cuatro de los cinco grupos parlamentarios, del Leer m\u00e1s ...","og_url":"https:\/\/www.maidotips.com\/environment\/el-parlamento-aleman-sentencia-el-fin-de-la-energia-nuclear\/","og_site_name":"BLOG de ENERGIAS RENOVABLES yTECNOLOGIA","article_publisher":"https:\/\/www.facebook.com\/Energiasrenovablesytecnologia\/","article_published_time":"2011-07-01T11:02:00+00:00","article_modified_time":"2011-07-01T11:03:34+00:00","author":"admin","twitter_card":"summary_large_image","twitter_misc":{"Escrito por":"admin","Tiempo de lectura":"4 minutos"},"schema":{"@context":"https:\/\/schema.org","@graph":[{"@type":"WebPage","@id":"https:\/\/www.maidotips.com\/environment\/el-parlamento-aleman-sentencia-el-fin-de-la-energia-nuclear\/","url":"https:\/\/www.maidotips.com\/environment\/el-parlamento-aleman-sentencia-el-fin-de-la-energia-nuclear\/","name":"El parlamento alem\u00e1n sentencia el fin de la energ\u00eda nuclear - BLOG de ENERGIAS RENOVABLES yTECNOLOGIA","isPartOf":{"@id":"http:\/\/www.maidotips.com\/environment\/#website"},"datePublished":"2011-07-01T11:02:00+00:00","dateModified":"2011-07-01T11:03:34+00:00","author":{"@id":"http:\/\/www.maidotips.com\/environment\/#\/schema\/person\/c9b890f523795aa69b81a95dee06d804"},"breadcrumb":{"@id":"https:\/\/www.maidotips.com\/environment\/el-parlamento-aleman-sentencia-el-fin-de-la-energia-nuclear\/#breadcrumb"},"inLanguage":"es","potentialAction":[{"@type":"ReadAction","target":["https:\/\/www.maidotips.com\/environment\/el-parlamento-aleman-sentencia-el-fin-de-la-energia-nuclear\/"]}]},{"@type":"BreadcrumbList","@id":"https:\/\/www.maidotips.com\/environment\/el-parlamento-aleman-sentencia-el-fin-de-la-energia-nuclear\/#breadcrumb","itemListElement":[{"@type":"ListItem","position":1,"name":"Portada","item":"http:\/\/www.maidotips.com\/environment\/"},{"@type":"ListItem","position":2,"name":"El parlamento alem\u00e1n sentencia el fin de la energ\u00eda nuclear"}]},{"@type":"WebSite","@id":"http:\/\/www.maidotips.com\/environment\/#website","url":"http:\/\/www.maidotips.com\/environment\/","name":"BLOG de ENERGIAS RENOVABLES yTECNOLOGIA","description":"BLOG sobre la energia verde y TECNOLOGIA","potentialAction":[{"@type":"SearchAction","target":{"@type":"EntryPoint","urlTemplate":"http:\/\/www.maidotips.com\/environment\/?s={search_term_string}"},"query-input":{"@type":"PropertyValueSpecification","valueRequired":true,"valueName":"search_term_string"}}],"inLanguage":"es"},{"@type":"Person","@id":"http:\/\/www.maidotips.com\/environment\/#\/schema\/person\/c9b890f523795aa69b81a95dee06d804","name":"admin","url":"https:\/\/www.maidotips.com\/environment\/author\/admin\/"}]}},"jetpack_featured_media_url":"","jetpack_shortlink":"https:\/\/wp.me\/pbBd6N-2R","jetpack-related-posts":[],"jetpack_likes_enabled":true,"jetpack_sharing_enabled":true,"_links":{"self":[{"href":"https:\/\/www.maidotips.com\/environment\/wp-json\/wp\/v2\/posts\/177","targetHints":{"allow":["GET"]}}],"collection":[{"href":"https:\/\/www.maidotips.com\/environment\/wp-json\/wp\/v2\/posts"}],"about":[{"href":"https:\/\/www.maidotips.com\/environment\/wp-json\/wp\/v2\/types\/post"}],"author":[{"embeddable":true,"href":"https:\/\/www.maidotips.com\/environment\/wp-json\/wp\/v2\/users\/1"}],"replies":[{"embeddable":true,"href":"https:\/\/www.maidotips.com\/environment\/wp-json\/wp\/v2\/comments?post=177"}],"version-history":[{"count":4,"href":"https:\/\/www.maidotips.com\/environment\/wp-json\/wp\/v2\/posts\/177\/revisions"}],"predecessor-version":[{"id":181,"href":"https:\/\/www.maidotips.com\/environment\/wp-json\/wp\/v2\/posts\/177\/revisions\/181"}],"wp:attachment":[{"href":"https:\/\/www.maidotips.com\/environment\/wp-json\/wp\/v2\/media?parent=177"}],"wp:term":[{"taxonomy":"category","embeddable":true,"href":"https:\/\/www.maidotips.com\/environment\/wp-json\/wp\/v2\/categories?post=177"},{"taxonomy":"post_tag","embeddable":true,"href":"https:\/\/www.maidotips.com\/environment\/wp-json\/wp\/v2\/tags?post=177"}],"curies":[{"name":"wp","href":"https:\/\/api.w.org\/{rel}","templated":true}]}}