{"id":204,"date":"2011-10-04T16:44:06","date_gmt":"2011-10-04T14:44:06","guid":{"rendered":"https:\/\/www.maidotips.com\/environment\/?p=204"},"modified":"2011-10-06T10:38:58","modified_gmt":"2011-10-06T08:38:58","slug":"el-sector-fotovoltaico-espera-que-el-pp-restablezca-la-seguridad-juridica","status":"publish","type":"post","link":"https:\/\/www.maidotips.com\/environment\/el-sector-fotovoltaico-espera-que-el-pp-restablezca-la-seguridad-juridica\/","title":{"rendered":"El sector fotovoltaico espera que el PP restablezca la seguridad jur\u00eddica"},"content":{"rendered":"<p>[rax-google-adsense-3]<\/p>\n<h1><span class=\"Apple-style-span\" style=\"font-size: 13px; font-weight: normal;\">04\/10\/2011EFE<\/span><\/h1>\n<div>\n<div id=\"tamano\">\n<p>Madrid, 4 oct (EFECOM).- La industria fotovoltaica, agrupada en una nueva federaci\u00f3n (Uni\u00f3n Espa\u00f1ola Fotovoltaica), se\u00f1al\u00f3 hoy que el Partido Popular, con lo que han mantenido reuniones recientemente, es \u00absensible\u00bb con los problemas del sector y entiende que hay que revertir la situaci\u00f3n de \u00abinseguridad jur\u00eddica\u00bb.<\/p>\n<p>Durante la presentaci\u00f3n de la nueva federaci\u00f3n, Roc\u00edo Hortig\u00fcela -que comparte la presidencia con Antonio Navarro-, detall\u00f3 que han mantenido encuentros con \u00c1lvaro Nadal y que para el PP, pese al \u00abestigma\u00bb de pronucleares, el futuro energ\u00e9tico se basa tambi\u00e9n en las renovables.<\/p>\n<p>No est\u00e1n dispuestos a subir las primas pero s\u00ed a apoyar la investigaci\u00f3n y la tecnolog\u00eda con el objetivo de crear empleos, afirm\u00f3 Hortig\u00fcela, preguntada por las expectativas del sector ante un eventual cambio de Gobierno el 20-N.<\/p>\n<p>\u00abEl PP es sensible con lo que el Gobierno ha hecho al sector con medidas injustas. Entienden que hay revertir la situaci\u00f3n pero piden paciencia y flexibilidad\u00bb, a\u00f1adi\u00f3.<\/p>\n<p>Los responsables de la federaci\u00f3n &#8211; que representa a m\u00e1s de 3.800 empresas, entidades y productores- se\u00f1alaron que la entidad nace con \u00abgran consenso\u00bb y con la intenci\u00f3n de representar a todas las partes de la industria.<\/p>\n<p>UNEF, se\u00f1alaron, nace en un momento cr\u00edtico para el sector tras \u00absufrir\u00bb la regulaci\u00f3n de los \u00faltimos a\u00f1os y el \u00abhostigamiento\u00bb que viven.<\/p>\n<p>En UNEF se han unido las cuatro asociaciones fotovoltaicas m\u00e1s importantes: la Asociaci\u00f3n Empresarial Fotovoltaica (AEF), la Asociaci\u00f3n Nacional de Productores de Energ\u00edas Renovables (ANPER), la secci\u00f3n Fotovoltaica de la Asociaci\u00f3n de Productores de Energ\u00edas Renovables (APPA Fotovoltaica) y la Asociaci\u00f3n de la Industria Fotovoltaica (ASIF).<\/p>\n<p>La Junta Directiva de UNEF, que se da un plazo de un a\u00f1o para fijar unos estatutos y consolidarse como una \u00fanica asociaci\u00f3n de todo el sector, estar\u00e1 formada por dos miembros de cada una de las asociaciones y tomar\u00e1 las decisiones con un criterio de unanimidad.<\/p>\n<p>Los dos copresidentes, Hortig\u00fcela y Navarro representan a las productores y a la industria, respectivamente.<\/p>\n<p>Entre los objetivos de UNEF est\u00e1 tener una sola voz ante la administraci\u00f3n y contribuir a un desarrollo ordenado de la industria y el mercado nacional, as\u00ed como aprovechar mejor las oportunidades del mercado y alcanzar la posici\u00f3n que la \u00abfotovoltaica merece dentro del mix energ\u00e9tico\u00bb.<\/p>\n<p>Actualmente, en Espa\u00f1a hay unos 4.000 megavatios (MW) fotovoltaicos. EFECOM<\/p>\n<p>Fuente: EXPANSION.COM<\/p>\n<\/div>\n<\/div>\n<p>[rax-google-adsense-1]<\/p>\n","protected":false},"excerpt":{"rendered":"<p>[rax-google-adsense-3] 04\/10\/2011EFE Madrid, 4 oct (EFECOM).- La industria fotovoltaica, agrupada en una nueva federaci\u00f3n (Uni\u00f3n Espa\u00f1ola Fotovoltaica), se\u00f1al\u00f3 hoy que el Partido Popular, con lo que han mantenido reuniones recientemente, es \u00absensible\u00bb con los problemas del sector y entiende que hay que revertir la situaci\u00f3n de \u00abinseguridad jur\u00eddica\u00bb. Durante la presentaci\u00f3n de la nueva federaci\u00f3n, <a class=\"more-link\" href=\"https:\/\/www.maidotips.com\/environment\/el-sector-fotovoltaico-espera-que-el-pp-restablezca-la-seguridad-juridica\/\">Leer m\u00e1s &#8230;<\/a><\/p>\n","protected":false},"author":1,"featured_media":0,"comment_status":"closed","ping_status":"open","sticky":false,"template":"","format":"standard","meta":{"_monsterinsights_skip_tracking":false,"_monsterinsights_sitenote_active":false,"_monsterinsights_sitenote_note":"","_monsterinsights_sitenote_category":0,"jetpack_post_was_ever_published":false,"_jetpack_newsletter_access":"","_jetpack_dont_email_post_to_subs":false,"_jetpack_newsletter_tier_id":0,"_jetpack_memberships_contains_paywalled_content":false,"_jetpack_memberships_contains_paid_content":false,"footnotes":""},"categories":[1],"tags":[],"class_list":["post-204","post","type-post","status-publish","format-standard","hentry","category-energias-renovables"],"yoast_head":"<!-- This site is optimized with the Yoast SEO plugin v24.8.1 - https:\/\/yoast.com\/wordpress\/plugins\/seo\/ -->\n<title>El sector fotovoltaico espera que el PP restablezca la seguridad jur\u00eddica - BLOG de ENERGIAS RENOVABLES yTECNOLOGIA<\/title>\n<meta name=\"robots\" content=\"index, follow, max-snippet:-1, max-image-preview:large, max-video-preview:-1\" \/>\n<link rel=\"canonical\" href=\"https:\/\/www.maidotips.com\/environment\/el-sector-fotovoltaico-espera-que-el-pp-restablezca-la-seguridad-juridica\/\" \/>\n<meta property=\"og:locale\" content=\"es_ES\" \/>\n<meta property=\"og:type\" content=\"article\" \/>\n<meta property=\"og:title\" content=\"El sector fotovoltaico espera que el PP restablezca la seguridad jur\u00eddica - BLOG de ENERGIAS RENOVABLES yTECNOLOGIA\" \/>\n<meta property=\"og:description\" content=\"[rax-google-adsense-3] 04\/10\/2011EFE Madrid, 4 oct (EFECOM).- La industria fotovoltaica, agrupada en una nueva federaci\u00f3n (Uni\u00f3n Espa\u00f1ola Fotovoltaica), se\u00f1al\u00f3 hoy que el Partido Popular, con lo que han mantenido reuniones recientemente, es \u00absensible\u00bb con los problemas del sector y entiende que hay que revertir la situaci\u00f3n de \u00abinseguridad jur\u00eddica\u00bb. Durante la presentaci\u00f3n de la nueva federaci\u00f3n, Leer m\u00e1s ...\" \/>\n<meta property=\"og:url\" content=\"https:\/\/www.maidotips.com\/environment\/el-sector-fotovoltaico-espera-que-el-pp-restablezca-la-seguridad-juridica\/\" \/>\n<meta property=\"og:site_name\" content=\"BLOG de ENERGIAS RENOVABLES yTECNOLOGIA\" \/>\n<meta property=\"article:publisher\" content=\"https:\/\/www.facebook.com\/Energiasrenovablesytecnologia\/\" \/>\n<meta property=\"article:published_time\" content=\"2011-10-04T14:44:06+00:00\" \/>\n<meta property=\"article:modified_time\" content=\"2011-10-06T08:38:58+00:00\" \/>\n<meta name=\"author\" content=\"admin\" \/>\n<meta name=\"twitter:card\" content=\"summary_large_image\" \/>\n<meta name=\"twitter:label1\" content=\"Escrito por\" \/>\n\t<meta name=\"twitter:data1\" content=\"admin\" \/>\n\t<meta name=\"twitter:label2\" content=\"Tiempo de lectura\" \/>\n\t<meta name=\"twitter:data2\" content=\"2 minutos\" \/>\n<script type=\"application\/ld+json\" class=\"yoast-schema-graph\">{\"@context\":\"https:\/\/schema.org\",\"@graph\":[{\"@type\":\"WebPage\",\"@id\":\"https:\/\/www.maidotips.com\/environment\/el-sector-fotovoltaico-espera-que-el-pp-restablezca-la-seguridad-juridica\/\",\"url\":\"https:\/\/www.maidotips.com\/environment\/el-sector-fotovoltaico-espera-que-el-pp-restablezca-la-seguridad-juridica\/\",\"name\":\"El sector fotovoltaico espera que el PP restablezca la seguridad jur\u00eddica - BLOG de ENERGIAS RENOVABLES yTECNOLOGIA\",\"isPartOf\":{\"@id\":\"http:\/\/www.maidotips.com\/environment\/#website\"},\"datePublished\":\"2011-10-04T14:44:06+00:00\",\"dateModified\":\"2011-10-06T08:38:58+00:00\",\"author\":{\"@id\":\"http:\/\/www.maidotips.com\/environment\/#\/schema\/person\/c9b890f523795aa69b81a95dee06d804\"},\"breadcrumb\":{\"@id\":\"https:\/\/www.maidotips.com\/environment\/el-sector-fotovoltaico-espera-que-el-pp-restablezca-la-seguridad-juridica\/#breadcrumb\"},\"inLanguage\":\"es\",\"potentialAction\":[{\"@type\":\"ReadAction\",\"target\":[\"https:\/\/www.maidotips.com\/environment\/el-sector-fotovoltaico-espera-que-el-pp-restablezca-la-seguridad-juridica\/\"]}]},{\"@type\":\"BreadcrumbList\",\"@id\":\"https:\/\/www.maidotips.com\/environment\/el-sector-fotovoltaico-espera-que-el-pp-restablezca-la-seguridad-juridica\/#breadcrumb\",\"itemListElement\":[{\"@type\":\"ListItem\",\"position\":1,\"name\":\"Portada\",\"item\":\"http:\/\/www.maidotips.com\/environment\/\"},{\"@type\":\"ListItem\",\"position\":2,\"name\":\"El sector fotovoltaico espera que el PP restablezca la seguridad jur\u00eddica\"}]},{\"@type\":\"WebSite\",\"@id\":\"http:\/\/www.maidotips.com\/environment\/#website\",\"url\":\"http:\/\/www.maidotips.com\/environment\/\",\"name\":\"BLOG de ENERGIAS RENOVABLES yTECNOLOGIA\",\"description\":\"BLOG sobre la energia verde y TECNOLOGIA\",\"potentialAction\":[{\"@type\":\"SearchAction\",\"target\":{\"@type\":\"EntryPoint\",\"urlTemplate\":\"http:\/\/www.maidotips.com\/environment\/?s={search_term_string}\"},\"query-input\":{\"@type\":\"PropertyValueSpecification\",\"valueRequired\":true,\"valueName\":\"search_term_string\"}}],\"inLanguage\":\"es\"},{\"@type\":\"Person\",\"@id\":\"http:\/\/www.maidotips.com\/environment\/#\/schema\/person\/c9b890f523795aa69b81a95dee06d804\",\"name\":\"admin\",\"url\":\"https:\/\/www.maidotips.com\/environment\/author\/admin\/\"}]}<\/script>\n<!-- \/ Yoast SEO plugin. -->","yoast_head_json":{"title":"El sector fotovoltaico espera que el PP restablezca la seguridad jur\u00eddica - BLOG de ENERGIAS RENOVABLES yTECNOLOGIA","robots":{"index":"index","follow":"follow","max-snippet":"max-snippet:-1","max-image-preview":"max-image-preview:large","max-video-preview":"max-video-preview:-1"},"canonical":"https:\/\/www.maidotips.com\/environment\/el-sector-fotovoltaico-espera-que-el-pp-restablezca-la-seguridad-juridica\/","og_locale":"es_ES","og_type":"article","og_title":"El sector fotovoltaico espera que el PP restablezca la seguridad jur\u00eddica - BLOG de ENERGIAS RENOVABLES yTECNOLOGIA","og_description":"[rax-google-adsense-3] 04\/10\/2011EFE Madrid, 4 oct (EFECOM).- La industria fotovoltaica, agrupada en una nueva federaci\u00f3n (Uni\u00f3n Espa\u00f1ola Fotovoltaica), se\u00f1al\u00f3 hoy que el Partido Popular, con lo que han mantenido reuniones recientemente, es \u00absensible\u00bb con los problemas del sector y entiende que hay que revertir la situaci\u00f3n de \u00abinseguridad jur\u00eddica\u00bb. Durante la presentaci\u00f3n de la nueva federaci\u00f3n, Leer m\u00e1s ...","og_url":"https:\/\/www.maidotips.com\/environment\/el-sector-fotovoltaico-espera-que-el-pp-restablezca-la-seguridad-juridica\/","og_site_name":"BLOG de ENERGIAS RENOVABLES yTECNOLOGIA","article_publisher":"https:\/\/www.facebook.com\/Energiasrenovablesytecnologia\/","article_published_time":"2011-10-04T14:44:06+00:00","article_modified_time":"2011-10-06T08:38:58+00:00","author":"admin","twitter_card":"summary_large_image","twitter_misc":{"Escrito por":"admin","Tiempo de lectura":"2 minutos"},"schema":{"@context":"https:\/\/schema.org","@graph":[{"@type":"WebPage","@id":"https:\/\/www.maidotips.com\/environment\/el-sector-fotovoltaico-espera-que-el-pp-restablezca-la-seguridad-juridica\/","url":"https:\/\/www.maidotips.com\/environment\/el-sector-fotovoltaico-espera-que-el-pp-restablezca-la-seguridad-juridica\/","name":"El sector fotovoltaico espera que el PP restablezca la seguridad jur\u00eddica - BLOG de ENERGIAS RENOVABLES yTECNOLOGIA","isPartOf":{"@id":"http:\/\/www.maidotips.com\/environment\/#website"},"datePublished":"2011-10-04T14:44:06+00:00","dateModified":"2011-10-06T08:38:58+00:00","author":{"@id":"http:\/\/www.maidotips.com\/environment\/#\/schema\/person\/c9b890f523795aa69b81a95dee06d804"},"breadcrumb":{"@id":"https:\/\/www.maidotips.com\/environment\/el-sector-fotovoltaico-espera-que-el-pp-restablezca-la-seguridad-juridica\/#breadcrumb"},"inLanguage":"es","potentialAction":[{"@type":"ReadAction","target":["https:\/\/www.maidotips.com\/environment\/el-sector-fotovoltaico-espera-que-el-pp-restablezca-la-seguridad-juridica\/"]}]},{"@type":"BreadcrumbList","@id":"https:\/\/www.maidotips.com\/environment\/el-sector-fotovoltaico-espera-que-el-pp-restablezca-la-seguridad-juridica\/#breadcrumb","itemListElement":[{"@type":"ListItem","position":1,"name":"Portada","item":"http:\/\/www.maidotips.com\/environment\/"},{"@type":"ListItem","position":2,"name":"El sector fotovoltaico espera que el PP restablezca la seguridad jur\u00eddica"}]},{"@type":"WebSite","@id":"http:\/\/www.maidotips.com\/environment\/#website","url":"http:\/\/www.maidotips.com\/environment\/","name":"BLOG de ENERGIAS RENOVABLES yTECNOLOGIA","description":"BLOG sobre la energia verde y TECNOLOGIA","potentialAction":[{"@type":"SearchAction","target":{"@type":"EntryPoint","urlTemplate":"http:\/\/www.maidotips.com\/environment\/?s={search_term_string}"},"query-input":{"@type":"PropertyValueSpecification","valueRequired":true,"valueName":"search_term_string"}}],"inLanguage":"es"},{"@type":"Person","@id":"http:\/\/www.maidotips.com\/environment\/#\/schema\/person\/c9b890f523795aa69b81a95dee06d804","name":"admin","url":"https:\/\/www.maidotips.com\/environment\/author\/admin\/"}]}},"jetpack_featured_media_url":"","jetpack_shortlink":"https:\/\/wp.me\/pbBd6N-3i","jetpack-related-posts":[],"jetpack_likes_enabled":true,"jetpack_sharing_enabled":true,"_links":{"self":[{"href":"https:\/\/www.maidotips.com\/environment\/wp-json\/wp\/v2\/posts\/204","targetHints":{"allow":["GET"]}}],"collection":[{"href":"https:\/\/www.maidotips.com\/environment\/wp-json\/wp\/v2\/posts"}],"about":[{"href":"https:\/\/www.maidotips.com\/environment\/wp-json\/wp\/v2\/types\/post"}],"author":[{"embeddable":true,"href":"https:\/\/www.maidotips.com\/environment\/wp-json\/wp\/v2\/users\/1"}],"replies":[{"embeddable":true,"href":"https:\/\/www.maidotips.com\/environment\/wp-json\/wp\/v2\/comments?post=204"}],"version-history":[{"count":6,"href":"https:\/\/www.maidotips.com\/environment\/wp-json\/wp\/v2\/posts\/204\/revisions"}],"predecessor-version":[{"id":212,"href":"https:\/\/www.maidotips.com\/environment\/wp-json\/wp\/v2\/posts\/204\/revisions\/212"}],"wp:attachment":[{"href":"https:\/\/www.maidotips.com\/environment\/wp-json\/wp\/v2\/media?parent=204"}],"wp:term":[{"taxonomy":"category","embeddable":true,"href":"https:\/\/www.maidotips.com\/environment\/wp-json\/wp\/v2\/categories?post=204"},{"taxonomy":"post_tag","embeddable":true,"href":"https:\/\/www.maidotips.com\/environment\/wp-json\/wp\/v2\/tags?post=204"}],"curies":[{"name":"wp","href":"https:\/\/api.w.org\/{rel}","templated":true}]}}