{"id":264,"date":"2013-02-06T12:48:13","date_gmt":"2013-02-06T10:48:13","guid":{"rendered":"https:\/\/www.maidotips.com\/environment\/?p=264"},"modified":"2013-02-06T12:48:15","modified_gmt":"2013-02-06T10:48:15","slug":"energias-renovables-de-mal-en-peor","status":"publish","type":"post","link":"https:\/\/www.maidotips.com\/environment\/energias-renovables-de-mal-en-peor\/","title":{"rendered":"Energ\u00edas renovables, \u2018de mal en peor\u2019"},"content":{"rendered":"<p>[rax-google-adsense-1]<\/p>\n<div>\n<p>La norma aprobada en el \u00faltimo Consejo de Ministros se hace sin haber hecho un diagn\u00f3stico correcto de la crisis en la que est\u00e1 sumido el sector el\u00e9ctrico y sin haber aclarado las sombras que se describieron perfectamente<\/p>\n<\/div>\n<div><img data-recalc-dims=\"1\" decoding=\"async\" title=\"\" alt=\"\" src=\"https:\/\/i0.wp.com\/www.ecoticias.com\/userfiles\/extra\/thumbs\/306_SPOG_fotovleolicas.jpg?w=306\"  align=\"left\" \/><\/div>\n<div>\n<p><strong>Las renovables nos son las culpables del d\u00e9ficit de tarifa, \u00a0el problema de fondo es el sistema en s\u00ed y el m\u00e9todo de conformaci\u00f3n de precios<\/strong><strong>.<\/strong><\/p>\n<p>En el primer aniversario del RDL 1\/2012 de moratoria renovable el Gobierno persiste en el error con la aprobaci\u00f3n del\u00a0 Real Decreto-Ley 2\/2013, de 1 de febrero, de medidas urgentes en el sistema el\u00e9ctrico y en el sector financiero publicado en el BOE el pasado s\u00e1bado. A pesar de haber frenado las renovables en 2012, la luz ha seguido subiendo y el d\u00e9ficit tarifario descontrolado. Desde la\u00a0<strong>Fundaci\u00f3n Renovables<\/strong>\u00a0constatamos que\u00a0<strong>sin m\u00e1s renovables, la insostenibilidad econ\u00f3mica del sistema el\u00e9ctrico continua agrav\u00e1ndose.<\/strong>\u00a0A este fracaso se responde con un nuevo Real Decreto Ley \u2013y van cuatro- que insiste en levantar m\u00e1s barreras a las renovables pero que no va a impedir que el d\u00e9ficit de tarifa siga creciendo. La Fundaci\u00f3n Renovables afirma que se vuelve a dar un paso atr\u00e1s, que adem\u00e1s es tan in\u00fatil como los anteriores, en el pretendido objetivo de atajar el d\u00e9ficit y que solo sirve para desmantelar m\u00e1s todav\u00eda el sector renovable.<\/p>\n<p>La norma aprobada en el \u00faltimo Consejo de Ministros se hace sin haber hecho un diagn\u00f3stico correcto de la crisis en la que est\u00e1 sumido el sector el\u00e9ctrico y sin haber aclarado las sombras que se describieron perfectamente en el informe de la CNE sobre la no aprobada orden de tarifas y que cifraba la diferencia entre ingresos y gastos del sistema en cerca de 9.000 M\u20ac y en el que se expresaba que cerca del 28% de los ingresos previstos carec\u00edan de base normativa. Lo acordado el viernes es una medida parche para garantizar unos pocos ingresos al sistema, seguir tirando durante 2013 y\u00a0<strong>no abordar el problema de fondo como es el m\u00e9todo de conformaci\u00f3n de precios de la electricidad<\/strong>\u00a0que ni se toca ni se cita.<\/p>\n<p>Esta nueva norma no trata de dar respuestas a la CNE, ni siquiera de proteger a los consumidores como declaraba demag\u00f3gicamente el Ministro de Industria, Energ\u00eda y Turismo,\u00a0<strong>Jos\u00e9 Manuel Soria,<\/strong>en la rueda de prensa posterior al Consejo. Tampoco establece bases s\u00f3lidas para restablecer la sostenibilidad del sistema. En realidad solo se trata de proteger el rating de las empresas el\u00e9ctricas da\u00f1ado desde hace cinco a\u00f1os por el continuado descenso de la demanda el\u00e9ctrica y por la ruina de los bancos que ya no pueden adelantarles el d\u00e9ficit tarifario. El impacto de la crisis en el sistema el\u00e9ctrico es el que se deber\u00eda de tener en cuenta en cualquier modificaci\u00f3n regulatoria antes que reiterar los mayores e injustificados ataques a las renovables como culpables de todos los males de este pa\u00eds. A la vista de las nuevas medidas del Gobierno se puede afirmar que la crisis del sistema el\u00e9ctrico seguir\u00e1 agrav\u00e1ndose en 2013 con m\u00e1s d\u00e9ficit tarifario y nuevas subidas de la luz.<\/p>\n<p>Porque los verdaderos datos de la crisis del sistema el\u00e9ctrico no son el coste de las primas de las renovables sino los 27.123 MW de centrales de gas, instalados gran parte de ellos despu\u00e9s de 2008, con un descenso de la demanda el\u00e9ctrica que ha hecho que solo en 2012 la producci\u00f3n de los ciclos combinados de gas haya descendido un 23%, pero con la obligaci\u00f3n contractual de seguir aumentando las compras de gas argelino. Con el descenso de la demanda el\u00e9ctrica las importaciones energ\u00e9ticas han seguido creciendo hasta constituir el 86% de todo nuestro d\u00e9ficit comercial.\u00a0<strong>En 2012 el d\u00e9ficit tarifario ha crecido cuatro veces m\u00e1s que el coste de las primas a las renovables.<\/strong>\u00a0La culpa no es de las renovables sino de los apoyos a un modelo basado en el crecimiento del consumo de energ\u00eda importada del exterior. Este modelo es incompatible con un escenario de crisis de demanda, pero todas las medidas contribuyen a mantenerlo incrementando desmesuradamente los pagos por capacidad, los pagos por ajustes y restricciones t\u00e9cnicas y eliminando todas las ayudas a pol\u00edticas de ahorro y eficiencia energ\u00e9tica.<\/p>\n<p>Una vez m\u00e1s se cuestiona la imagen del pa\u00eds con medidas retroactivas contra las instalaciones renovables. La seguridad jur\u00eddica se pasa por alto con una facilidad m\u00e1s propia de econom\u00edas tercermundistas.\u00a0<strong>Se sigue incumpliendo la promesa de una reforma energ\u00e9tica y se sigue regulando en contra de las directivas europeas.<\/strong>\u00a0Es poco serio que frente a las afirmaciones rotundas de desprecio y ataque a la \u00fanica fuente de energ\u00eda que tiene Espa\u00f1a, como son las renovables, que al entrar a coste cero en el sistema son siempre un ahorro y un beneficio para el pa\u00eds, no se pongan encima de la mesa las cuentas claras de los riesgos de nuestra elevada dependencia energ\u00e9tica para ocultar la evidencia de que las energ\u00edas renovables son m\u00e1s baratas que importar gas de Argelia. Pero con este nuevo Decreto se trata de proteger tambi\u00e9n la opacidad y la falta de competencia del c\u00e1rtel el\u00e9ctrico que hoy est\u00e1 en el punto de mira de todas las agencias de calificaci\u00f3n.<\/p>\n<p>Igual que hace un a\u00f1o se hace pagar a los consumidores y a las renovables la factura de la crisis del sistema el\u00e9ctrico provocada por la mala gesti\u00f3n de la pol\u00edtica energ\u00e9tica y de las empresas energ\u00e9ticas desde el inicio de la crisis. A este respecto cabe destacar que la salida de la opci\u00f3n de mercado de las instalaciones renovables aumentar\u00e1 el coste de la gestionabilidad de los desv\u00edos que una vez m\u00e1s pagar\u00e1n los consumidores y cobrar\u00e1n las empresas del sector convencional.<\/p>\n<p>&nbsp;<br \/>\n<a href=\"http:\/\/www.fundacionrenovables.org\/\" target=\"_blank\">www.fundacionrenovables.org<\/a>\u00a0&#8211;\u00a0<a href=\"http:\/\/www.ecoticias.com\/\">ECOticias.com<\/a><\/p>\n<\/div>\n<p>[rax-google-adsense-3]<\/p>\n","protected":false},"excerpt":{"rendered":"<p>[rax-google-adsense-1] La norma aprobada en el \u00faltimo Consejo de Ministros se hace sin haber hecho un diagn\u00f3stico correcto de la crisis en la que est\u00e1 sumido el sector el\u00e9ctrico y sin haber aclarado las sombras que se describieron perfectamente Las renovables nos son las culpables del d\u00e9ficit de tarifa, \u00a0el problema de fondo es el <a class=\"more-link\" href=\"https:\/\/www.maidotips.com\/environment\/energias-renovables-de-mal-en-peor\/\">Leer m\u00e1s &#8230;<\/a><\/p>\n","protected":false},"author":1,"featured_media":0,"comment_status":"closed","ping_status":"open","sticky":false,"template":"","format":"standard","meta":{"_monsterinsights_skip_tracking":false,"_monsterinsights_sitenote_active":false,"_monsterinsights_sitenote_note":"","_monsterinsights_sitenote_category":0,"jetpack_post_was_ever_published":false,"_jetpack_newsletter_access":"","_jetpack_dont_email_post_to_subs":false,"_jetpack_newsletter_tier_id":0,"_jetpack_memberships_contains_paywalled_content":false,"_jetpack_memberships_contains_paid_content":false,"footnotes":""},"categories":[1],"tags":[],"class_list":["post-264","post","type-post","status-publish","format-standard","hentry","category-energias-renovables"],"yoast_head":"<!-- This site is optimized with the Yoast SEO plugin v24.8.1 - https:\/\/yoast.com\/wordpress\/plugins\/seo\/ -->\n<title>Energ\u00edas renovables, \u2018de mal en peor\u2019 - BLOG de ENERGIAS RENOVABLES yTECNOLOGIA<\/title>\n<meta name=\"robots\" content=\"index, follow, max-snippet:-1, max-image-preview:large, max-video-preview:-1\" \/>\n<link rel=\"canonical\" href=\"https:\/\/www.maidotips.com\/environment\/energias-renovables-de-mal-en-peor\/\" \/>\n<meta property=\"og:locale\" content=\"es_ES\" \/>\n<meta property=\"og:type\" content=\"article\" \/>\n<meta property=\"og:title\" content=\"Energ\u00edas renovables, \u2018de mal en peor\u2019 - BLOG de ENERGIAS RENOVABLES yTECNOLOGIA\" \/>\n<meta property=\"og:description\" content=\"[rax-google-adsense-1] La norma aprobada en el \u00faltimo Consejo de Ministros se hace sin haber hecho un diagn\u00f3stico correcto de la crisis en la que est\u00e1 sumido el sector el\u00e9ctrico y sin haber aclarado las sombras que se describieron perfectamente Las renovables nos son las culpables del d\u00e9ficit de tarifa, \u00a0el problema de fondo es el Leer m\u00e1s ...\" \/>\n<meta property=\"og:url\" content=\"https:\/\/www.maidotips.com\/environment\/energias-renovables-de-mal-en-peor\/\" \/>\n<meta property=\"og:site_name\" content=\"BLOG de ENERGIAS RENOVABLES yTECNOLOGIA\" \/>\n<meta property=\"article:publisher\" content=\"https:\/\/www.facebook.com\/Energiasrenovablesytecnologia\/\" \/>\n<meta property=\"article:published_time\" content=\"2013-02-06T10:48:13+00:00\" \/>\n<meta property=\"article:modified_time\" content=\"2013-02-06T10:48:15+00:00\" \/>\n<meta property=\"og:image\" content=\"http:\/\/www.ecoticias.com\/userfiles\/extra\/thumbs\/306_SPOG_fotovleolicas.jpg\" \/>\n<meta name=\"author\" content=\"admin\" \/>\n<meta name=\"twitter:card\" content=\"summary_large_image\" \/>\n<meta name=\"twitter:label1\" content=\"Escrito por\" \/>\n\t<meta name=\"twitter:data1\" content=\"admin\" \/>\n\t<meta name=\"twitter:label2\" content=\"Tiempo de lectura\" \/>\n\t<meta name=\"twitter:data2\" content=\"5 minutos\" \/>\n<script type=\"application\/ld+json\" class=\"yoast-schema-graph\">{\"@context\":\"https:\/\/schema.org\",\"@graph\":[{\"@type\":\"WebPage\",\"@id\":\"https:\/\/www.maidotips.com\/environment\/energias-renovables-de-mal-en-peor\/\",\"url\":\"https:\/\/www.maidotips.com\/environment\/energias-renovables-de-mal-en-peor\/\",\"name\":\"Energ\u00edas renovables, \u2018de mal en peor\u2019 - BLOG de ENERGIAS RENOVABLES yTECNOLOGIA\",\"isPartOf\":{\"@id\":\"http:\/\/www.maidotips.com\/environment\/#website\"},\"primaryImageOfPage\":{\"@id\":\"https:\/\/www.maidotips.com\/environment\/energias-renovables-de-mal-en-peor\/#primaryimage\"},\"image\":{\"@id\":\"https:\/\/www.maidotips.com\/environment\/energias-renovables-de-mal-en-peor\/#primaryimage\"},\"thumbnailUrl\":\"http:\/\/www.ecoticias.com\/userfiles\/extra\/thumbs\/306_SPOG_fotovleolicas.jpg\",\"datePublished\":\"2013-02-06T10:48:13+00:00\",\"dateModified\":\"2013-02-06T10:48:15+00:00\",\"author\":{\"@id\":\"http:\/\/www.maidotips.com\/environment\/#\/schema\/person\/c9b890f523795aa69b81a95dee06d804\"},\"breadcrumb\":{\"@id\":\"https:\/\/www.maidotips.com\/environment\/energias-renovables-de-mal-en-peor\/#breadcrumb\"},\"inLanguage\":\"es\",\"potentialAction\":[{\"@type\":\"ReadAction\",\"target\":[\"https:\/\/www.maidotips.com\/environment\/energias-renovables-de-mal-en-peor\/\"]}]},{\"@type\":\"ImageObject\",\"inLanguage\":\"es\",\"@id\":\"https:\/\/www.maidotips.com\/environment\/energias-renovables-de-mal-en-peor\/#primaryimage\",\"url\":\"http:\/\/www.ecoticias.com\/userfiles\/extra\/thumbs\/306_SPOG_fotovleolicas.jpg\",\"contentUrl\":\"http:\/\/www.ecoticias.com\/userfiles\/extra\/thumbs\/306_SPOG_fotovleolicas.jpg\"},{\"@type\":\"BreadcrumbList\",\"@id\":\"https:\/\/www.maidotips.com\/environment\/energias-renovables-de-mal-en-peor\/#breadcrumb\",\"itemListElement\":[{\"@type\":\"ListItem\",\"position\":1,\"name\":\"Portada\",\"item\":\"http:\/\/www.maidotips.com\/environment\/\"},{\"@type\":\"ListItem\",\"position\":2,\"name\":\"Energ\u00edas renovables, \u2018de mal en peor\u2019\"}]},{\"@type\":\"WebSite\",\"@id\":\"http:\/\/www.maidotips.com\/environment\/#website\",\"url\":\"http:\/\/www.maidotips.com\/environment\/\",\"name\":\"BLOG de ENERGIAS RENOVABLES yTECNOLOGIA\",\"description\":\"BLOG sobre la energia verde y TECNOLOGIA\",\"potentialAction\":[{\"@type\":\"SearchAction\",\"target\":{\"@type\":\"EntryPoint\",\"urlTemplate\":\"http:\/\/www.maidotips.com\/environment\/?s={search_term_string}\"},\"query-input\":{\"@type\":\"PropertyValueSpecification\",\"valueRequired\":true,\"valueName\":\"search_term_string\"}}],\"inLanguage\":\"es\"},{\"@type\":\"Person\",\"@id\":\"http:\/\/www.maidotips.com\/environment\/#\/schema\/person\/c9b890f523795aa69b81a95dee06d804\",\"name\":\"admin\",\"url\":\"https:\/\/www.maidotips.com\/environment\/author\/admin\/\"}]}<\/script>\n<!-- \/ Yoast SEO plugin. -->","yoast_head_json":{"title":"Energ\u00edas renovables, \u2018de mal en peor\u2019 - BLOG de ENERGIAS RENOVABLES yTECNOLOGIA","robots":{"index":"index","follow":"follow","max-snippet":"max-snippet:-1","max-image-preview":"max-image-preview:large","max-video-preview":"max-video-preview:-1"},"canonical":"https:\/\/www.maidotips.com\/environment\/energias-renovables-de-mal-en-peor\/","og_locale":"es_ES","og_type":"article","og_title":"Energ\u00edas renovables, \u2018de mal en peor\u2019 - BLOG de ENERGIAS RENOVABLES yTECNOLOGIA","og_description":"[rax-google-adsense-1] La norma aprobada en el \u00faltimo Consejo de Ministros se hace sin haber hecho un diagn\u00f3stico correcto de la crisis en la que est\u00e1 sumido el sector el\u00e9ctrico y sin haber aclarado las sombras que se describieron perfectamente Las renovables nos son las culpables del d\u00e9ficit de tarifa, \u00a0el problema de fondo es el Leer m\u00e1s ...","og_url":"https:\/\/www.maidotips.com\/environment\/energias-renovables-de-mal-en-peor\/","og_site_name":"BLOG de ENERGIAS RENOVABLES yTECNOLOGIA","article_publisher":"https:\/\/www.facebook.com\/Energiasrenovablesytecnologia\/","article_published_time":"2013-02-06T10:48:13+00:00","article_modified_time":"2013-02-06T10:48:15+00:00","og_image":[{"url":"http:\/\/www.ecoticias.com\/userfiles\/extra\/thumbs\/306_SPOG_fotovleolicas.jpg","type":"","width":"","height":""}],"author":"admin","twitter_card":"summary_large_image","twitter_misc":{"Escrito por":"admin","Tiempo de lectura":"5 minutos"},"schema":{"@context":"https:\/\/schema.org","@graph":[{"@type":"WebPage","@id":"https:\/\/www.maidotips.com\/environment\/energias-renovables-de-mal-en-peor\/","url":"https:\/\/www.maidotips.com\/environment\/energias-renovables-de-mal-en-peor\/","name":"Energ\u00edas renovables, \u2018de mal en peor\u2019 - BLOG de ENERGIAS RENOVABLES yTECNOLOGIA","isPartOf":{"@id":"http:\/\/www.maidotips.com\/environment\/#website"},"primaryImageOfPage":{"@id":"https:\/\/www.maidotips.com\/environment\/energias-renovables-de-mal-en-peor\/#primaryimage"},"image":{"@id":"https:\/\/www.maidotips.com\/environment\/energias-renovables-de-mal-en-peor\/#primaryimage"},"thumbnailUrl":"http:\/\/www.ecoticias.com\/userfiles\/extra\/thumbs\/306_SPOG_fotovleolicas.jpg","datePublished":"2013-02-06T10:48:13+00:00","dateModified":"2013-02-06T10:48:15+00:00","author":{"@id":"http:\/\/www.maidotips.com\/environment\/#\/schema\/person\/c9b890f523795aa69b81a95dee06d804"},"breadcrumb":{"@id":"https:\/\/www.maidotips.com\/environment\/energias-renovables-de-mal-en-peor\/#breadcrumb"},"inLanguage":"es","potentialAction":[{"@type":"ReadAction","target":["https:\/\/www.maidotips.com\/environment\/energias-renovables-de-mal-en-peor\/"]}]},{"@type":"ImageObject","inLanguage":"es","@id":"https:\/\/www.maidotips.com\/environment\/energias-renovables-de-mal-en-peor\/#primaryimage","url":"http:\/\/www.ecoticias.com\/userfiles\/extra\/thumbs\/306_SPOG_fotovleolicas.jpg","contentUrl":"http:\/\/www.ecoticias.com\/userfiles\/extra\/thumbs\/306_SPOG_fotovleolicas.jpg"},{"@type":"BreadcrumbList","@id":"https:\/\/www.maidotips.com\/environment\/energias-renovables-de-mal-en-peor\/#breadcrumb","itemListElement":[{"@type":"ListItem","position":1,"name":"Portada","item":"http:\/\/www.maidotips.com\/environment\/"},{"@type":"ListItem","position":2,"name":"Energ\u00edas renovables, \u2018de mal en peor\u2019"}]},{"@type":"WebSite","@id":"http:\/\/www.maidotips.com\/environment\/#website","url":"http:\/\/www.maidotips.com\/environment\/","name":"BLOG de ENERGIAS RENOVABLES yTECNOLOGIA","description":"BLOG sobre la energia verde y TECNOLOGIA","potentialAction":[{"@type":"SearchAction","target":{"@type":"EntryPoint","urlTemplate":"http:\/\/www.maidotips.com\/environment\/?s={search_term_string}"},"query-input":{"@type":"PropertyValueSpecification","valueRequired":true,"valueName":"search_term_string"}}],"inLanguage":"es"},{"@type":"Person","@id":"http:\/\/www.maidotips.com\/environment\/#\/schema\/person\/c9b890f523795aa69b81a95dee06d804","name":"admin","url":"https:\/\/www.maidotips.com\/environment\/author\/admin\/"}]}},"jetpack_featured_media_url":"","jetpack_shortlink":"https:\/\/wp.me\/pbBd6N-4g","jetpack-related-posts":[],"jetpack_likes_enabled":true,"jetpack_sharing_enabled":true,"_links":{"self":[{"href":"https:\/\/www.maidotips.com\/environment\/wp-json\/wp\/v2\/posts\/264","targetHints":{"allow":["GET"]}}],"collection":[{"href":"https:\/\/www.maidotips.com\/environment\/wp-json\/wp\/v2\/posts"}],"about":[{"href":"https:\/\/www.maidotips.com\/environment\/wp-json\/wp\/v2\/types\/post"}],"author":[{"embeddable":true,"href":"https:\/\/www.maidotips.com\/environment\/wp-json\/wp\/v2\/users\/1"}],"replies":[{"embeddable":true,"href":"https:\/\/www.maidotips.com\/environment\/wp-json\/wp\/v2\/comments?post=264"}],"version-history":[{"count":2,"href":"https:\/\/www.maidotips.com\/environment\/wp-json\/wp\/v2\/posts\/264\/revisions"}],"predecessor-version":[{"id":266,"href":"https:\/\/www.maidotips.com\/environment\/wp-json\/wp\/v2\/posts\/264\/revisions\/266"}],"wp:attachment":[{"href":"https:\/\/www.maidotips.com\/environment\/wp-json\/wp\/v2\/media?parent=264"}],"wp:term":[{"taxonomy":"category","embeddable":true,"href":"https:\/\/www.maidotips.com\/environment\/wp-json\/wp\/v2\/categories?post=264"},{"taxonomy":"post_tag","embeddable":true,"href":"https:\/\/www.maidotips.com\/environment\/wp-json\/wp\/v2\/tags?post=264"}],"curies":[{"name":"wp","href":"https:\/\/api.w.org\/{rel}","templated":true}]}}