{"id":271,"date":"2013-02-07T10:51:01","date_gmt":"2013-02-07T08:51:01","guid":{"rendered":"https:\/\/www.maidotips.com\/environment\/?p=271"},"modified":"2013-02-07T10:51:01","modified_gmt":"2013-02-07T08:51:01","slug":"soria-sigue-culpando-a-las-energias-renovables-de-todos-los-males-del-sistema-electrico","status":"publish","type":"post","link":"https:\/\/www.maidotips.com\/environment\/soria-sigue-culpando-a-las-energias-renovables-de-todos-los-males-del-sistema-electrico\/","title":{"rendered":"Soria sigue culpando a las energ\u00edas renovables de todos los males del sistema el\u00e9ctrico"},"content":{"rendered":"<p>[rax-google-adsense-1]<\/p>\n<div>\n<p><span style=\"color: #000080;\">El cr\u00e9dito \u00abtiene como fin hacer frente al importe del coste de lo que comportan las primas a las renovables\u00bb, afirm\u00f3 el ministro durante su comparecencia en el Pleno del Senado de este martes.<\/span><\/p>\n<\/div>\n<div><\/div>\n<div>\n<div><img data-recalc-dims=\"1\" decoding=\"async\" title=\"\" alt=\"\" src=\"https:\/\/i0.wp.com\/www.ecoticias.com\/userfiles\/extra\/thumbs\/306_WCPF_renovables2ssadads.jpg?w=306\"  align=\"left\" \/><\/div>\n<p><span style=\"color: #333399;\">El ministro de Industria, Energ\u00eda y Turismo, Jos\u00e9 Manuel Soria, justifica el pr\u00e9stamo \u00abextraordinario\u00bb de 2.200 millones de euros al sistema el\u00e9ctrico anunciado el pasado viernes por el Gobierno debido a la necesidad de financiar las energ\u00edas renovables.<\/span><\/p>\n<p><span style=\"color: #333399;\">\u00a0\u00a0 El cr\u00e9dito \u00abtiene como fin hacer frente al importe del coste de lo que comportan las primas a las renovables\u00bb, afirm\u00f3 el ministro durante su comparecencia en el Pleno del Senado de este martes.<\/span><\/p>\n<p><span style=\"color: #333399;\">\u00a0\u00a0 Este pr\u00e9stamo proceder\u00e1 del Ministerio de Hacienda y ya aparece recogido dentro del borrador de orden de peajes remitido por Industria a la CNE, entre las partidas de ingresos necesarias para que el d\u00e9ficit de tarifa sea cero en 2013.<\/span><\/p>\n<p><span style=\"color: #333399;\">\u00a0\u00a0 \u00abTodas las medidas sin excepci\u00f3n que el Ministerio de Industria, Energ\u00eda y Turismo ha tomado en los \u00faltimos doce meses han tenido como finalidad disminuir los costes del sistema y aumentar los ingresos\u00bb, con el objetivo de \u00abencauzar\u00bb el d\u00e9ficit de tarifa, se\u00f1al\u00f3.<\/span><\/p>\n<p><span style=\"color: #333399;\">\u00a0\u00a0 Soria tambi\u00e9n incidi\u00f3 en que, dentro de los componentes del precio final de la electricidad, el del mercado tiene un peso actual de \u00abentre el 45% y 48%\u00bb, mientras que los peajes de acceso, que incluyen los costes regulados, equivalen al resto.<\/span><\/p>\n<p><span style=\"color: #333399;\">\u00a0\u00a0 Adem\u00e1s, repas\u00f3 las \u00faltimas revisiones de la tarifa regulada y record\u00f3 que en enero, tras una subida del 6,4% en el precio de las subastas el\u00e9ctricas y una congelaci\u00f3n de los peajes, el recibo de la luz registr\u00f3 un incremento final del 3%.<\/span><\/p>\n<p><a href=\"http:\/\/www.ecoticias.com\/\">ECOticias.com<\/a>\u00a0\u2013 ep<\/p>\n<\/div>\n<p>[rax-google-adsense-1]<\/p>\n","protected":false},"excerpt":{"rendered":"<p>[rax-google-adsense-1] El cr\u00e9dito \u00abtiene como fin hacer frente al importe del coste de lo que comportan las primas a las renovables\u00bb, afirm\u00f3 el ministro durante su comparecencia en el Pleno del Senado de este martes. El ministro de Industria, Energ\u00eda y Turismo, Jos\u00e9 Manuel Soria, justifica el pr\u00e9stamo \u00abextraordinario\u00bb de 2.200 millones de euros al <a class=\"more-link\" href=\"https:\/\/www.maidotips.com\/environment\/soria-sigue-culpando-a-las-energias-renovables-de-todos-los-males-del-sistema-electrico\/\">Leer m\u00e1s &#8230;<\/a><\/p>\n","protected":false},"author":1,"featured_media":0,"comment_status":"closed","ping_status":"open","sticky":false,"template":"","format":"standard","meta":{"_monsterinsights_skip_tracking":false,"_monsterinsights_sitenote_active":false,"_monsterinsights_sitenote_note":"","_monsterinsights_sitenote_category":0,"jetpack_post_was_ever_published":false,"_jetpack_newsletter_access":"","_jetpack_dont_email_post_to_subs":false,"_jetpack_newsletter_tier_id":0,"_jetpack_memberships_contains_paywalled_content":false,"_jetpack_memberships_contains_paid_content":false,"footnotes":""},"categories":[1],"tags":[],"class_list":["post-271","post","type-post","status-publish","format-standard","hentry","category-energias-renovables"],"yoast_head":"<!-- This site is optimized with the Yoast SEO plugin v24.8.1 - https:\/\/yoast.com\/wordpress\/plugins\/seo\/ -->\n<title>Soria sigue culpando a las energ\u00edas renovables de todos los males del sistema el\u00e9ctrico - BLOG de ENERGIAS RENOVABLES yTECNOLOGIA<\/title>\n<meta name=\"robots\" content=\"index, follow, max-snippet:-1, max-image-preview:large, max-video-preview:-1\" \/>\n<link rel=\"canonical\" href=\"https:\/\/www.maidotips.com\/environment\/soria-sigue-culpando-a-las-energias-renovables-de-todos-los-males-del-sistema-electrico\/\" \/>\n<meta property=\"og:locale\" content=\"es_ES\" \/>\n<meta property=\"og:type\" content=\"article\" \/>\n<meta property=\"og:title\" content=\"Soria sigue culpando a las energ\u00edas renovables de todos los males del sistema el\u00e9ctrico - BLOG de ENERGIAS RENOVABLES yTECNOLOGIA\" \/>\n<meta property=\"og:description\" content=\"[rax-google-adsense-1] El cr\u00e9dito \u00abtiene como fin hacer frente al importe del coste de lo que comportan las primas a las renovables\u00bb, afirm\u00f3 el ministro durante su comparecencia en el Pleno del Senado de este martes. El ministro de Industria, Energ\u00eda y Turismo, Jos\u00e9 Manuel Soria, justifica el pr\u00e9stamo \u00abextraordinario\u00bb de 2.200 millones de euros al Leer m\u00e1s ...\" \/>\n<meta property=\"og:url\" content=\"https:\/\/www.maidotips.com\/environment\/soria-sigue-culpando-a-las-energias-renovables-de-todos-los-males-del-sistema-electrico\/\" \/>\n<meta property=\"og:site_name\" content=\"BLOG de ENERGIAS RENOVABLES yTECNOLOGIA\" \/>\n<meta property=\"article:publisher\" content=\"https:\/\/www.facebook.com\/Energiasrenovablesytecnologia\/\" \/>\n<meta property=\"article:published_time\" content=\"2013-02-07T08:51:01+00:00\" \/>\n<meta property=\"og:image\" content=\"http:\/\/www.ecoticias.com\/userfiles\/extra\/thumbs\/306_WCPF_renovables2ssadads.jpg\" \/>\n<meta name=\"author\" content=\"admin\" \/>\n<meta name=\"twitter:card\" content=\"summary_large_image\" \/>\n<meta name=\"twitter:label1\" content=\"Escrito por\" \/>\n\t<meta name=\"twitter:data1\" content=\"admin\" \/>\n\t<meta name=\"twitter:label2\" content=\"Tiempo de lectura\" \/>\n\t<meta name=\"twitter:data2\" content=\"1 minuto\" \/>\n<script type=\"application\/ld+json\" class=\"yoast-schema-graph\">{\"@context\":\"https:\/\/schema.org\",\"@graph\":[{\"@type\":\"WebPage\",\"@id\":\"https:\/\/www.maidotips.com\/environment\/soria-sigue-culpando-a-las-energias-renovables-de-todos-los-males-del-sistema-electrico\/\",\"url\":\"https:\/\/www.maidotips.com\/environment\/soria-sigue-culpando-a-las-energias-renovables-de-todos-los-males-del-sistema-electrico\/\",\"name\":\"Soria sigue culpando a las energ\u00edas renovables de todos los males del sistema el\u00e9ctrico - BLOG de ENERGIAS RENOVABLES yTECNOLOGIA\",\"isPartOf\":{\"@id\":\"http:\/\/www.maidotips.com\/environment\/#website\"},\"primaryImageOfPage\":{\"@id\":\"https:\/\/www.maidotips.com\/environment\/soria-sigue-culpando-a-las-energias-renovables-de-todos-los-males-del-sistema-electrico\/#primaryimage\"},\"image\":{\"@id\":\"https:\/\/www.maidotips.com\/environment\/soria-sigue-culpando-a-las-energias-renovables-de-todos-los-males-del-sistema-electrico\/#primaryimage\"},\"thumbnailUrl\":\"http:\/\/www.ecoticias.com\/userfiles\/extra\/thumbs\/306_WCPF_renovables2ssadads.jpg\",\"datePublished\":\"2013-02-07T08:51:01+00:00\",\"author\":{\"@id\":\"http:\/\/www.maidotips.com\/environment\/#\/schema\/person\/c9b890f523795aa69b81a95dee06d804\"},\"breadcrumb\":{\"@id\":\"https:\/\/www.maidotips.com\/environment\/soria-sigue-culpando-a-las-energias-renovables-de-todos-los-males-del-sistema-electrico\/#breadcrumb\"},\"inLanguage\":\"es\",\"potentialAction\":[{\"@type\":\"ReadAction\",\"target\":[\"https:\/\/www.maidotips.com\/environment\/soria-sigue-culpando-a-las-energias-renovables-de-todos-los-males-del-sistema-electrico\/\"]}]},{\"@type\":\"ImageObject\",\"inLanguage\":\"es\",\"@id\":\"https:\/\/www.maidotips.com\/environment\/soria-sigue-culpando-a-las-energias-renovables-de-todos-los-males-del-sistema-electrico\/#primaryimage\",\"url\":\"http:\/\/www.ecoticias.com\/userfiles\/extra\/thumbs\/306_WCPF_renovables2ssadads.jpg\",\"contentUrl\":\"http:\/\/www.ecoticias.com\/userfiles\/extra\/thumbs\/306_WCPF_renovables2ssadads.jpg\"},{\"@type\":\"BreadcrumbList\",\"@id\":\"https:\/\/www.maidotips.com\/environment\/soria-sigue-culpando-a-las-energias-renovables-de-todos-los-males-del-sistema-electrico\/#breadcrumb\",\"itemListElement\":[{\"@type\":\"ListItem\",\"position\":1,\"name\":\"Portada\",\"item\":\"http:\/\/www.maidotips.com\/environment\/\"},{\"@type\":\"ListItem\",\"position\":2,\"name\":\"Soria sigue culpando a las energ\u00edas renovables de todos los males del sistema el\u00e9ctrico\"}]},{\"@type\":\"WebSite\",\"@id\":\"http:\/\/www.maidotips.com\/environment\/#website\",\"url\":\"http:\/\/www.maidotips.com\/environment\/\",\"name\":\"BLOG de ENERGIAS RENOVABLES yTECNOLOGIA\",\"description\":\"BLOG sobre la energia verde y TECNOLOGIA\",\"potentialAction\":[{\"@type\":\"SearchAction\",\"target\":{\"@type\":\"EntryPoint\",\"urlTemplate\":\"http:\/\/www.maidotips.com\/environment\/?s={search_term_string}\"},\"query-input\":{\"@type\":\"PropertyValueSpecification\",\"valueRequired\":true,\"valueName\":\"search_term_string\"}}],\"inLanguage\":\"es\"},{\"@type\":\"Person\",\"@id\":\"http:\/\/www.maidotips.com\/environment\/#\/schema\/person\/c9b890f523795aa69b81a95dee06d804\",\"name\":\"admin\",\"url\":\"https:\/\/www.maidotips.com\/environment\/author\/admin\/\"}]}<\/script>\n<!-- \/ Yoast SEO plugin. -->","yoast_head_json":{"title":"Soria sigue culpando a las energ\u00edas renovables de todos los males del sistema el\u00e9ctrico - BLOG de ENERGIAS RENOVABLES yTECNOLOGIA","robots":{"index":"index","follow":"follow","max-snippet":"max-snippet:-1","max-image-preview":"max-image-preview:large","max-video-preview":"max-video-preview:-1"},"canonical":"https:\/\/www.maidotips.com\/environment\/soria-sigue-culpando-a-las-energias-renovables-de-todos-los-males-del-sistema-electrico\/","og_locale":"es_ES","og_type":"article","og_title":"Soria sigue culpando a las energ\u00edas renovables de todos los males del sistema el\u00e9ctrico - BLOG de ENERGIAS RENOVABLES yTECNOLOGIA","og_description":"[rax-google-adsense-1] El cr\u00e9dito \u00abtiene como fin hacer frente al importe del coste de lo que comportan las primas a las renovables\u00bb, afirm\u00f3 el ministro durante su comparecencia en el Pleno del Senado de este martes. El ministro de Industria, Energ\u00eda y Turismo, Jos\u00e9 Manuel Soria, justifica el pr\u00e9stamo \u00abextraordinario\u00bb de 2.200 millones de euros al Leer m\u00e1s ...","og_url":"https:\/\/www.maidotips.com\/environment\/soria-sigue-culpando-a-las-energias-renovables-de-todos-los-males-del-sistema-electrico\/","og_site_name":"BLOG de ENERGIAS RENOVABLES yTECNOLOGIA","article_publisher":"https:\/\/www.facebook.com\/Energiasrenovablesytecnologia\/","article_published_time":"2013-02-07T08:51:01+00:00","og_image":[{"url":"http:\/\/www.ecoticias.com\/userfiles\/extra\/thumbs\/306_WCPF_renovables2ssadads.jpg","type":"","width":"","height":""}],"author":"admin","twitter_card":"summary_large_image","twitter_misc":{"Escrito por":"admin","Tiempo de lectura":"1 minuto"},"schema":{"@context":"https:\/\/schema.org","@graph":[{"@type":"WebPage","@id":"https:\/\/www.maidotips.com\/environment\/soria-sigue-culpando-a-las-energias-renovables-de-todos-los-males-del-sistema-electrico\/","url":"https:\/\/www.maidotips.com\/environment\/soria-sigue-culpando-a-las-energias-renovables-de-todos-los-males-del-sistema-electrico\/","name":"Soria sigue culpando a las energ\u00edas renovables de todos los males del sistema el\u00e9ctrico - BLOG de ENERGIAS RENOVABLES yTECNOLOGIA","isPartOf":{"@id":"http:\/\/www.maidotips.com\/environment\/#website"},"primaryImageOfPage":{"@id":"https:\/\/www.maidotips.com\/environment\/soria-sigue-culpando-a-las-energias-renovables-de-todos-los-males-del-sistema-electrico\/#primaryimage"},"image":{"@id":"https:\/\/www.maidotips.com\/environment\/soria-sigue-culpando-a-las-energias-renovables-de-todos-los-males-del-sistema-electrico\/#primaryimage"},"thumbnailUrl":"http:\/\/www.ecoticias.com\/userfiles\/extra\/thumbs\/306_WCPF_renovables2ssadads.jpg","datePublished":"2013-02-07T08:51:01+00:00","author":{"@id":"http:\/\/www.maidotips.com\/environment\/#\/schema\/person\/c9b890f523795aa69b81a95dee06d804"},"breadcrumb":{"@id":"https:\/\/www.maidotips.com\/environment\/soria-sigue-culpando-a-las-energias-renovables-de-todos-los-males-del-sistema-electrico\/#breadcrumb"},"inLanguage":"es","potentialAction":[{"@type":"ReadAction","target":["https:\/\/www.maidotips.com\/environment\/soria-sigue-culpando-a-las-energias-renovables-de-todos-los-males-del-sistema-electrico\/"]}]},{"@type":"ImageObject","inLanguage":"es","@id":"https:\/\/www.maidotips.com\/environment\/soria-sigue-culpando-a-las-energias-renovables-de-todos-los-males-del-sistema-electrico\/#primaryimage","url":"http:\/\/www.ecoticias.com\/userfiles\/extra\/thumbs\/306_WCPF_renovables2ssadads.jpg","contentUrl":"http:\/\/www.ecoticias.com\/userfiles\/extra\/thumbs\/306_WCPF_renovables2ssadads.jpg"},{"@type":"BreadcrumbList","@id":"https:\/\/www.maidotips.com\/environment\/soria-sigue-culpando-a-las-energias-renovables-de-todos-los-males-del-sistema-electrico\/#breadcrumb","itemListElement":[{"@type":"ListItem","position":1,"name":"Portada","item":"http:\/\/www.maidotips.com\/environment\/"},{"@type":"ListItem","position":2,"name":"Soria sigue culpando a las energ\u00edas renovables de todos los males del sistema el\u00e9ctrico"}]},{"@type":"WebSite","@id":"http:\/\/www.maidotips.com\/environment\/#website","url":"http:\/\/www.maidotips.com\/environment\/","name":"BLOG de ENERGIAS RENOVABLES yTECNOLOGIA","description":"BLOG sobre la energia verde y TECNOLOGIA","potentialAction":[{"@type":"SearchAction","target":{"@type":"EntryPoint","urlTemplate":"http:\/\/www.maidotips.com\/environment\/?s={search_term_string}"},"query-input":{"@type":"PropertyValueSpecification","valueRequired":true,"valueName":"search_term_string"}}],"inLanguage":"es"},{"@type":"Person","@id":"http:\/\/www.maidotips.com\/environment\/#\/schema\/person\/c9b890f523795aa69b81a95dee06d804","name":"admin","url":"https:\/\/www.maidotips.com\/environment\/author\/admin\/"}]}},"jetpack_featured_media_url":"","jetpack_shortlink":"https:\/\/wp.me\/pbBd6N-4n","jetpack-related-posts":[],"jetpack_likes_enabled":true,"jetpack_sharing_enabled":true,"_links":{"self":[{"href":"https:\/\/www.maidotips.com\/environment\/wp-json\/wp\/v2\/posts\/271","targetHints":{"allow":["GET"]}}],"collection":[{"href":"https:\/\/www.maidotips.com\/environment\/wp-json\/wp\/v2\/posts"}],"about":[{"href":"https:\/\/www.maidotips.com\/environment\/wp-json\/wp\/v2\/types\/post"}],"author":[{"embeddable":true,"href":"https:\/\/www.maidotips.com\/environment\/wp-json\/wp\/v2\/users\/1"}],"replies":[{"embeddable":true,"href":"https:\/\/www.maidotips.com\/environment\/wp-json\/wp\/v2\/comments?post=271"}],"version-history":[{"count":1,"href":"https:\/\/www.maidotips.com\/environment\/wp-json\/wp\/v2\/posts\/271\/revisions"}],"predecessor-version":[{"id":272,"href":"https:\/\/www.maidotips.com\/environment\/wp-json\/wp\/v2\/posts\/271\/revisions\/272"}],"wp:attachment":[{"href":"https:\/\/www.maidotips.com\/environment\/wp-json\/wp\/v2\/media?parent=271"}],"wp:term":[{"taxonomy":"category","embeddable":true,"href":"https:\/\/www.maidotips.com\/environment\/wp-json\/wp\/v2\/categories?post=271"},{"taxonomy":"post_tag","embeddable":true,"href":"https:\/\/www.maidotips.com\/environment\/wp-json\/wp\/v2\/tags?post=271"}],"curies":[{"name":"wp","href":"https:\/\/api.w.org\/{rel}","templated":true}]}}