{"id":302,"date":"2013-03-06T10:59:48","date_gmt":"2013-03-06T08:59:48","guid":{"rendered":"https:\/\/www.maidotips.com\/environment\/?p=302"},"modified":"2013-03-06T10:59:48","modified_gmt":"2013-03-06T08:59:48","slug":"la-biomasa-reclama-una-regulacion-propia","status":"publish","type":"post","link":"https:\/\/www.maidotips.com\/environment\/la-biomasa-reclama-una-regulacion-propia\/","title":{"rendered":"La biomasa reclama una regulaci\u00f3n propia"},"content":{"rendered":"<p>[rax-google-adsense-1]<\/p>\n<div>\n<p>La asociaci\u00f3n destaca que estas instalaciones son plenamente gestionables y que, al necesitar un combustible que hay que elaborar, transportar y almacenar, generan una importante cantidad de empleo.<\/p>\n<\/div>\n<div><\/div>\n<div>\n<div><img data-recalc-dims=\"1\" decoding=\"async\" title=\"\" alt=\"\" src=\"https:\/\/i0.wp.com\/www.ecoticias.com\/userfiles\/extra\/thumbs\/306_MQSE_biomasasasdf.jpg?w=306\"  align=\"left\" \/><\/div>\n<p>El sector de la biomasa pide al Gobierno una regulaci\u00f3n propia que reconozca su aportaci\u00f3n a la econom\u00eda y a la sociedad, a la vista de que el balance entre esta contribuci\u00f3n y las primas recibidas es positivo, asegura Uni\u00f3n Por la Biomasa en un comunicado.<\/p>\n<p>La asociaci\u00f3n destaca que estas instalaciones son plenamente gestionables y que, al necesitar un combustible que hay que elaborar, transportar y almacenar, generan una importante cantidad de empleo.<\/p>\n<p>Adem\u00e1s, pide un reconocimiento regulatorio especial por la \u00absingular producci\u00f3n agr\u00edcola y ganadera\u00bb de Espa\u00f1a, as\u00ed como por la extensi\u00f3n de su masa forestal y por la necesidad \u00abacuciante\u00bb de prevenir \u00abm\u00e1s racional y eficazmente los numerosos incendios\u00bb en el pa\u00eds.<\/p>\n<p>\u00abEs necesario que esta regulaci\u00f3n espec\u00edfica tenga en cuenta las externalidades positivas que esta tecnolog\u00eda renovable induce de modo que se explicite que su balance es claramente positivo\u00bb, afirma.<\/p>\n<p>La asociaci\u00f3n lamenta adem\u00e1s que la \u00abinacabable sucesi\u00f3n de nuevas normas, todas ellas restrictivas, haya causado unos efectos demoledores para el sector\u00bb.<\/p>\n<p>Junto a esto, pide que se trasponga al C\u00f3digo T\u00e9cnico de la Edificaci\u00f3n (CTE) la Directiva 2010\/31\/UE sobre la eficiencia energ\u00e9tica de los edificios, as\u00ed como la Directiva 2009\/28\/UE en relaci\u00f3n a la exigencia<\/p>\n<p>de niveles m\u00ednimos de energ\u00eda precedentes de fuentes renovables en los edificios.<\/p>\n<p><a href=\"http:\/\/www.ecoticias.com\/\">ECOticias.com<\/a>\u00a0\u2013 ep<\/p>\n<\/div>\n<p>[rax-google-adsense-3]<\/p>\n","protected":false},"excerpt":{"rendered":"<p>[rax-google-adsense-1] La asociaci\u00f3n destaca que estas instalaciones son plenamente gestionables y que, al necesitar un combustible que hay que elaborar, transportar y almacenar, generan una importante cantidad de empleo. El sector de la biomasa pide al Gobierno una regulaci\u00f3n propia que reconozca su aportaci\u00f3n a la econom\u00eda y a la sociedad, a la vista de <a class=\"more-link\" href=\"https:\/\/www.maidotips.com\/environment\/la-biomasa-reclama-una-regulacion-propia\/\">Leer m\u00e1s &#8230;<\/a><\/p>\n","protected":false},"author":1,"featured_media":0,"comment_status":"closed","ping_status":"open","sticky":false,"template":"","format":"standard","meta":{"_monsterinsights_skip_tracking":false,"_monsterinsights_sitenote_active":false,"_monsterinsights_sitenote_note":"","_monsterinsights_sitenote_category":0,"jetpack_post_was_ever_published":false,"_jetpack_newsletter_access":"","_jetpack_dont_email_post_to_subs":false,"_jetpack_newsletter_tier_id":0,"_jetpack_memberships_contains_paywalled_content":false,"_jetpack_memberships_contains_paid_content":false,"footnotes":""},"categories":[1],"tags":[],"class_list":["post-302","post","type-post","status-publish","format-standard","hentry","category-energias-renovables"],"yoast_head":"<!-- This site is optimized with the Yoast SEO plugin v24.8.1 - https:\/\/yoast.com\/wordpress\/plugins\/seo\/ -->\n<title>La biomasa reclama una regulaci\u00f3n propia - BLOG de ENERGIAS RENOVABLES yTECNOLOGIA<\/title>\n<meta name=\"robots\" content=\"index, follow, max-snippet:-1, max-image-preview:large, max-video-preview:-1\" \/>\n<link rel=\"canonical\" href=\"https:\/\/www.maidotips.com\/environment\/la-biomasa-reclama-una-regulacion-propia\/\" \/>\n<meta property=\"og:locale\" content=\"es_ES\" \/>\n<meta property=\"og:type\" content=\"article\" \/>\n<meta property=\"og:title\" content=\"La biomasa reclama una regulaci\u00f3n propia - BLOG de ENERGIAS RENOVABLES yTECNOLOGIA\" \/>\n<meta property=\"og:description\" content=\"[rax-google-adsense-1] La asociaci\u00f3n destaca que estas instalaciones son plenamente gestionables y que, al necesitar un combustible que hay que elaborar, transportar y almacenar, generan una importante cantidad de empleo. El sector de la biomasa pide al Gobierno una regulaci\u00f3n propia que reconozca su aportaci\u00f3n a la econom\u00eda y a la sociedad, a la vista de Leer m\u00e1s ...\" \/>\n<meta property=\"og:url\" content=\"https:\/\/www.maidotips.com\/environment\/la-biomasa-reclama-una-regulacion-propia\/\" \/>\n<meta property=\"og:site_name\" content=\"BLOG de ENERGIAS RENOVABLES yTECNOLOGIA\" \/>\n<meta property=\"article:publisher\" content=\"https:\/\/www.facebook.com\/Energiasrenovablesytecnologia\/\" \/>\n<meta property=\"article:published_time\" content=\"2013-03-06T08:59:48+00:00\" \/>\n<meta property=\"og:image\" content=\"http:\/\/www.ecoticias.com\/userfiles\/extra\/thumbs\/306_MQSE_biomasasasdf.jpg\" \/>\n<meta name=\"author\" content=\"admin\" \/>\n<meta name=\"twitter:card\" content=\"summary_large_image\" \/>\n<meta name=\"twitter:label1\" content=\"Escrito por\" \/>\n\t<meta name=\"twitter:data1\" content=\"admin\" \/>\n\t<meta name=\"twitter:label2\" content=\"Tiempo de lectura\" \/>\n\t<meta name=\"twitter:data2\" content=\"1 minuto\" \/>\n<script type=\"application\/ld+json\" class=\"yoast-schema-graph\">{\"@context\":\"https:\/\/schema.org\",\"@graph\":[{\"@type\":\"WebPage\",\"@id\":\"https:\/\/www.maidotips.com\/environment\/la-biomasa-reclama-una-regulacion-propia\/\",\"url\":\"https:\/\/www.maidotips.com\/environment\/la-biomasa-reclama-una-regulacion-propia\/\",\"name\":\"La biomasa reclama una regulaci\u00f3n propia - BLOG de ENERGIAS RENOVABLES yTECNOLOGIA\",\"isPartOf\":{\"@id\":\"https:\/\/www.maidotips.com\/environment\/#website\"},\"primaryImageOfPage\":{\"@id\":\"https:\/\/www.maidotips.com\/environment\/la-biomasa-reclama-una-regulacion-propia\/#primaryimage\"},\"image\":{\"@id\":\"https:\/\/www.maidotips.com\/environment\/la-biomasa-reclama-una-regulacion-propia\/#primaryimage\"},\"thumbnailUrl\":\"http:\/\/www.ecoticias.com\/userfiles\/extra\/thumbs\/306_MQSE_biomasasasdf.jpg\",\"datePublished\":\"2013-03-06T08:59:48+00:00\",\"author\":{\"@id\":\"https:\/\/www.maidotips.com\/environment\/#\/schema\/person\/c9b890f523795aa69b81a95dee06d804\"},\"breadcrumb\":{\"@id\":\"https:\/\/www.maidotips.com\/environment\/la-biomasa-reclama-una-regulacion-propia\/#breadcrumb\"},\"inLanguage\":\"es\",\"potentialAction\":[{\"@type\":\"ReadAction\",\"target\":[\"https:\/\/www.maidotips.com\/environment\/la-biomasa-reclama-una-regulacion-propia\/\"]}]},{\"@type\":\"ImageObject\",\"inLanguage\":\"es\",\"@id\":\"https:\/\/www.maidotips.com\/environment\/la-biomasa-reclama-una-regulacion-propia\/#primaryimage\",\"url\":\"http:\/\/www.ecoticias.com\/userfiles\/extra\/thumbs\/306_MQSE_biomasasasdf.jpg\",\"contentUrl\":\"http:\/\/www.ecoticias.com\/userfiles\/extra\/thumbs\/306_MQSE_biomasasasdf.jpg\"},{\"@type\":\"BreadcrumbList\",\"@id\":\"https:\/\/www.maidotips.com\/environment\/la-biomasa-reclama-una-regulacion-propia\/#breadcrumb\",\"itemListElement\":[{\"@type\":\"ListItem\",\"position\":1,\"name\":\"Portada\",\"item\":\"https:\/\/www.maidotips.com\/environment\/\"},{\"@type\":\"ListItem\",\"position\":2,\"name\":\"La biomasa reclama una regulaci\u00f3n propia\"}]},{\"@type\":\"WebSite\",\"@id\":\"https:\/\/www.maidotips.com\/environment\/#website\",\"url\":\"https:\/\/www.maidotips.com\/environment\/\",\"name\":\"BLOG de ENERGIAS RENOVABLES yTECNOLOGIA\",\"description\":\"BLOG sobre la energia verde y TECNOLOGIA\",\"potentialAction\":[{\"@type\":\"SearchAction\",\"target\":{\"@type\":\"EntryPoint\",\"urlTemplate\":\"https:\/\/www.maidotips.com\/environment\/?s={search_term_string}\"},\"query-input\":{\"@type\":\"PropertyValueSpecification\",\"valueRequired\":true,\"valueName\":\"search_term_string\"}}],\"inLanguage\":\"es\"},{\"@type\":\"Person\",\"@id\":\"https:\/\/www.maidotips.com\/environment\/#\/schema\/person\/c9b890f523795aa69b81a95dee06d804\",\"name\":\"admin\",\"url\":\"https:\/\/www.maidotips.com\/environment\/author\/admin\/\"}]}<\/script>\n<!-- \/ Yoast SEO plugin. -->","yoast_head_json":{"title":"La biomasa reclama una regulaci\u00f3n propia - BLOG de ENERGIAS RENOVABLES yTECNOLOGIA","robots":{"index":"index","follow":"follow","max-snippet":"max-snippet:-1","max-image-preview":"max-image-preview:large","max-video-preview":"max-video-preview:-1"},"canonical":"https:\/\/www.maidotips.com\/environment\/la-biomasa-reclama-una-regulacion-propia\/","og_locale":"es_ES","og_type":"article","og_title":"La biomasa reclama una regulaci\u00f3n propia - BLOG de ENERGIAS RENOVABLES yTECNOLOGIA","og_description":"[rax-google-adsense-1] La asociaci\u00f3n destaca que estas instalaciones son plenamente gestionables y que, al necesitar un combustible que hay que elaborar, transportar y almacenar, generan una importante cantidad de empleo. El sector de la biomasa pide al Gobierno una regulaci\u00f3n propia que reconozca su aportaci\u00f3n a la econom\u00eda y a la sociedad, a la vista de Leer m\u00e1s ...","og_url":"https:\/\/www.maidotips.com\/environment\/la-biomasa-reclama-una-regulacion-propia\/","og_site_name":"BLOG de ENERGIAS RENOVABLES yTECNOLOGIA","article_publisher":"https:\/\/www.facebook.com\/Energiasrenovablesytecnologia\/","article_published_time":"2013-03-06T08:59:48+00:00","og_image":[{"url":"http:\/\/www.ecoticias.com\/userfiles\/extra\/thumbs\/306_MQSE_biomasasasdf.jpg","type":"","width":"","height":""}],"author":"admin","twitter_card":"summary_large_image","twitter_misc":{"Escrito por":"admin","Tiempo de lectura":"1 minuto"},"schema":{"@context":"https:\/\/schema.org","@graph":[{"@type":"WebPage","@id":"https:\/\/www.maidotips.com\/environment\/la-biomasa-reclama-una-regulacion-propia\/","url":"https:\/\/www.maidotips.com\/environment\/la-biomasa-reclama-una-regulacion-propia\/","name":"La biomasa reclama una regulaci\u00f3n propia - BLOG de ENERGIAS RENOVABLES yTECNOLOGIA","isPartOf":{"@id":"https:\/\/www.maidotips.com\/environment\/#website"},"primaryImageOfPage":{"@id":"https:\/\/www.maidotips.com\/environment\/la-biomasa-reclama-una-regulacion-propia\/#primaryimage"},"image":{"@id":"https:\/\/www.maidotips.com\/environment\/la-biomasa-reclama-una-regulacion-propia\/#primaryimage"},"thumbnailUrl":"http:\/\/www.ecoticias.com\/userfiles\/extra\/thumbs\/306_MQSE_biomasasasdf.jpg","datePublished":"2013-03-06T08:59:48+00:00","author":{"@id":"https:\/\/www.maidotips.com\/environment\/#\/schema\/person\/c9b890f523795aa69b81a95dee06d804"},"breadcrumb":{"@id":"https:\/\/www.maidotips.com\/environment\/la-biomasa-reclama-una-regulacion-propia\/#breadcrumb"},"inLanguage":"es","potentialAction":[{"@type":"ReadAction","target":["https:\/\/www.maidotips.com\/environment\/la-biomasa-reclama-una-regulacion-propia\/"]}]},{"@type":"ImageObject","inLanguage":"es","@id":"https:\/\/www.maidotips.com\/environment\/la-biomasa-reclama-una-regulacion-propia\/#primaryimage","url":"http:\/\/www.ecoticias.com\/userfiles\/extra\/thumbs\/306_MQSE_biomasasasdf.jpg","contentUrl":"http:\/\/www.ecoticias.com\/userfiles\/extra\/thumbs\/306_MQSE_biomasasasdf.jpg"},{"@type":"BreadcrumbList","@id":"https:\/\/www.maidotips.com\/environment\/la-biomasa-reclama-una-regulacion-propia\/#breadcrumb","itemListElement":[{"@type":"ListItem","position":1,"name":"Portada","item":"https:\/\/www.maidotips.com\/environment\/"},{"@type":"ListItem","position":2,"name":"La biomasa reclama una regulaci\u00f3n propia"}]},{"@type":"WebSite","@id":"https:\/\/www.maidotips.com\/environment\/#website","url":"https:\/\/www.maidotips.com\/environment\/","name":"BLOG de ENERGIAS RENOVABLES yTECNOLOGIA","description":"BLOG sobre la energia verde y TECNOLOGIA","potentialAction":[{"@type":"SearchAction","target":{"@type":"EntryPoint","urlTemplate":"https:\/\/www.maidotips.com\/environment\/?s={search_term_string}"},"query-input":{"@type":"PropertyValueSpecification","valueRequired":true,"valueName":"search_term_string"}}],"inLanguage":"es"},{"@type":"Person","@id":"https:\/\/www.maidotips.com\/environment\/#\/schema\/person\/c9b890f523795aa69b81a95dee06d804","name":"admin","url":"https:\/\/www.maidotips.com\/environment\/author\/admin\/"}]}},"jetpack_featured_media_url":"","jetpack_shortlink":"https:\/\/wp.me\/pbBd6N-4S","jetpack-related-posts":[],"jetpack_likes_enabled":true,"jetpack_sharing_enabled":true,"_links":{"self":[{"href":"https:\/\/www.maidotips.com\/environment\/wp-json\/wp\/v2\/posts\/302","targetHints":{"allow":["GET"]}}],"collection":[{"href":"https:\/\/www.maidotips.com\/environment\/wp-json\/wp\/v2\/posts"}],"about":[{"href":"https:\/\/www.maidotips.com\/environment\/wp-json\/wp\/v2\/types\/post"}],"author":[{"embeddable":true,"href":"https:\/\/www.maidotips.com\/environment\/wp-json\/wp\/v2\/users\/1"}],"replies":[{"embeddable":true,"href":"https:\/\/www.maidotips.com\/environment\/wp-json\/wp\/v2\/comments?post=302"}],"version-history":[{"count":1,"href":"https:\/\/www.maidotips.com\/environment\/wp-json\/wp\/v2\/posts\/302\/revisions"}],"predecessor-version":[{"id":303,"href":"https:\/\/www.maidotips.com\/environment\/wp-json\/wp\/v2\/posts\/302\/revisions\/303"}],"wp:attachment":[{"href":"https:\/\/www.maidotips.com\/environment\/wp-json\/wp\/v2\/media?parent=302"}],"wp:term":[{"taxonomy":"category","embeddable":true,"href":"https:\/\/www.maidotips.com\/environment\/wp-json\/wp\/v2\/categories?post=302"},{"taxonomy":"post_tag","embeddable":true,"href":"https:\/\/www.maidotips.com\/environment\/wp-json\/wp\/v2\/tags?post=302"}],"curies":[{"name":"wp","href":"https:\/\/api.w.org\/{rel}","templated":true}]}}