{"id":322,"date":"2013-04-22T19:14:39","date_gmt":"2013-04-22T17:14:39","guid":{"rendered":"https:\/\/www.maidotips.com\/environment\/?p=322"},"modified":"2013-04-22T19:14:39","modified_gmt":"2013-04-22T17:14:39","slug":"lo-peor-del-cambio-climatico-a-la-vuelta-de-la-esquina","status":"publish","type":"post","link":"https:\/\/www.maidotips.com\/environment\/lo-peor-del-cambio-climatico-a-la-vuelta-de-la-esquina\/","title":{"rendered":"Lo peor del cambio clim\u00e1tico a la vuelta de la esquina"},"content":{"rendered":"<p>[rax-google-adsense-3]<\/p>\n<p><strong><span style=\"color: #008000;\">Es el reconocimiento al trabajo de muchos a\u00f1os del Grupo de Geociencias Oce\u00e1nicas de la Universidad de Salamanca.<\/span><\/strong><\/p>\n<div><\/div>\n<div>\n<div><img data-recalc-dims=\"1\" decoding=\"async\" title=\"\" alt=\"\" src=\"https:\/\/i0.wp.com\/www.ecoticias.com\/userfiles\/extra\/thumbs\/306_CBCV_osopolarasasa.jpg?w=306\"  align=\"left\" \/><\/div>\n<p>Francisco Javier Sierro recibir\u00e1 hoy el Premio Castilla y Le\u00f3n de Protecci\u00f3n del Medio Ambiente. Este salmantino, miembro del Grupo de Geociencias Oce\u00e1nicas del Departamento de Geolog\u00eda de la Universidad de Salamanca, destaca por sus investigaciones cient\u00edficas acerca de los cambios clim\u00e1ticos ocurridos en el pasado, sobre todo del Mar Mediterr\u00e1neo, un trabajo que sirve para entender mejor el cambio clim\u00e1tico actual y la influencia que tiene el ser humano. En una entrevista concedida a DiCYT reflexiona sobre estas y otras cuestiones que afectan a las Ciencias de la Tierra.<\/p>\n<p>&nbsp;<\/p>\n<p><strong>Pregunta: Recibe usted este premio despu\u00e9s de que el pasado a\u00f1o se lo llevase su compa\u00f1ero Jos\u00e9 Abel Flores.<\/strong><br \/>\n<strong>Respuesta:<\/strong>\u00a0Es el reconocimiento al trabajo de muchos a\u00f1os del Grupo de Geociencias Oce\u00e1nicas de la Universidad de Salamanca. A nivel nacional, estamos entre los dos o tres grupos principales y a nivel internacional, colaboramos con cient\u00edficos de Europa y de Estados Unidos.<br \/>\n<strong>P: \u00bfCu\u00e1les son los principales m\u00e9ritos que acumula a lo largo de su carrera?<\/strong><br \/>\n<strong>R:<\/strong>\u00a0Investigamos sobre cambios clim\u00e1ticos no recientes, aunque llaman menos la atenci\u00f3n de los periodistas que el cambio clim\u00e1tico actual. Son cambios bruscos que se produjeron, por ejemplo, en el Mioceno, con episodios como la desecaci\u00f3n del Mar Mediterr\u00e1neo y otros cambios bruscos que afectaron al \u00c1rtico o a la Ant\u00e1rtida.<br \/>\n<strong>P: Para ello ha viajado usted por todo el mundo. \u00bfEn qu\u00e9 consiste exactamente su trabajo?<\/strong><br \/>\n<strong>R:\u00a0<\/strong>Analizamos los sedimentos de los fondos oce\u00e1nicos de miles de a\u00f1os, que contienen microf\u00f3siles que vivieron en \u00e9pocas concretas gracias a corrientes c\u00e1lidas o fr\u00edas. Pueden ser conchas, por ejemplo, que nos ofrecen un registro del clima del pasado y nos dan pistas acerca de los cambios de clima que se produjeron.<br \/>\n<strong>P: \u00bfQu\u00e9 utilidad tiene este tipo de investigaci\u00f3n?<\/strong><br \/>\n<strong>R:\u00a0<\/strong>Conocer el clima de la Tierra antes de que el hombre influyera en \u00e9l. De esta manera podemos saber mejor c\u00f3mo lo estamos modificando y podemos estudiar los mecanismos que regulan los niveles de CO2, que est\u00e1n ligados a las temperaturas. Si conocemos los ciclos naturales, podremos entender mejor la respuesta del clima ante una perturbaci\u00f3n no natural.<br \/>\n<strong>P: Porque est\u00e1 claro que el cambio clim\u00e1tico actual es responsabilidad del hombre\u2026<\/strong><br \/>\n<strong>R:<\/strong>\u00a0Existen muy pocas dudas. Es un cambio que a\u00fan est\u00e1 inici\u00e1ndose y todav\u00eda es relativamente peque\u00f1o, lo peor est\u00e1 por venir. Cuando se incrementa el CO2 de forma natural, suben las temperaturas, aumenta el deshielo y con \u00e9l, el nivel del mar. Ahora, aunque el incremento fuese natural, hay que a\u00f1adirle la acci\u00f3n del hombre. En 100 a\u00f1os lo veremos con claridad, es un escenario desconocido porque nunca ha habido tanto CO2.<br \/>\n<strong>P: \u00bfQu\u00e9 retos tiene la investigaci\u00f3n cient\u00edfica sobre cambio clim\u00e1tico?<\/strong><br \/>\n<strong>R:<\/strong>\u00a0Existen muchas v\u00edas de investigaci\u00f3n abiertas y el estudio del CO2 es una de las m\u00e1s importantes. Se sabe cu\u00e1ndo se ha producido en el pasado, pero no porqu\u00e9 y tampoco se conocen bien estos ciclos. La clave est\u00e1 en averiguar estos mecanismos.<br \/>\n<strong>P: Sin embargo, no parecen ser buenos tiempos para la investigaci\u00f3n en Ciencias de la Tierra.<\/strong>\u00a0<strong>\u00bfRecomendar\u00eda usted a los j\u00f3venes seguir sus pasos?<\/strong><br \/>\n<strong>R:\u00a0<\/strong>La situaci\u00f3n no es la mejor en ning\u00fan campo y hay determinados \u00e1mbitos de las Ciencias de la Tierra que no han experimentado crisis. Por ejemplo, las materias primas tienen en la actualidad precios muy altos y muchos ge\u00f3logos encuentran trabajo en compa\u00f1\u00edas petroleras. Otros ten\u00edan salida en la construcci\u00f3n y, l\u00f3gicamente, s\u00ed les ha afectado la crisis, pero la tendencia tendr\u00e1 que cambiar en cinco o seis a\u00f1os. Tambi\u00e9n hay que tener en cuenta que en la actualidad hay pocos alumnos y tienen m\u00e1s posibilidades.<br \/>\n<strong>P: \u00bfPodr\u00e1n dedicarse a la investigaci\u00f3n?<\/strong><br \/>\n<strong>R:\u00a0<\/strong>Hay oportunidades en el \u00e1mbito internacional. Este a\u00f1o hemos tenido cinco o seis tesis de alumnos que se ir\u00e1n a universidades del extranjero con contratos posdoctorales. El problema es c\u00f3mo volver, el retorno est\u00e1 muy complicado, pero en los pr\u00f3ximos cinco o diez a\u00f1os se van a jubilar muchos profesores universitarios y un investigador no se forma en tres d\u00edas. Seguramente, con la crisis no se cubrir\u00e1n todas esas plazas, pero habr\u00e1 posibilidades de aqu\u00ed a 10 a\u00f1os. Soy optimista pero no a corto plazo.<\/p>\n<p><a href=\"http:\/\/www.dicyt.com\/\">DiCYT<\/a>\u00a0\u2013\u00a0<a href=\"http:\/\/www.ecoticias.com\/\">ECOticias.com<\/a>\u2013\u00a0<a href=\"http:\/\/innovaticias.com\/\" target=\"_blank\">innovaticias.com<\/a><\/p>\n<\/div>\n<p>[rax-google-adsense-3]<\/p>\n","protected":false},"excerpt":{"rendered":"<p>[rax-google-adsense-3] Es el reconocimiento al trabajo de muchos a\u00f1os del Grupo de Geociencias Oce\u00e1nicas de la Universidad de Salamanca. Francisco Javier Sierro recibir\u00e1 hoy el Premio Castilla y Le\u00f3n de Protecci\u00f3n del Medio Ambiente. Este salmantino, miembro del Grupo de Geociencias Oce\u00e1nicas del Departamento de Geolog\u00eda de la Universidad de Salamanca, destaca por sus investigaciones <a class=\"more-link\" href=\"https:\/\/www.maidotips.com\/environment\/lo-peor-del-cambio-climatico-a-la-vuelta-de-la-esquina\/\">Leer m\u00e1s &#8230;<\/a><\/p>\n","protected":false},"author":1,"featured_media":0,"comment_status":"closed","ping_status":"open","sticky":false,"template":"","format":"standard","meta":{"_monsterinsights_skip_tracking":false,"_monsterinsights_sitenote_active":false,"_monsterinsights_sitenote_note":"","_monsterinsights_sitenote_category":0,"jetpack_post_was_ever_published":false,"_jetpack_newsletter_access":"","_jetpack_dont_email_post_to_subs":false,"_jetpack_newsletter_tier_id":0,"_jetpack_memberships_contains_paywalled_content":false,"_jetpack_memberships_contains_paid_content":false,"footnotes":""},"categories":[1],"tags":[],"class_list":["post-322","post","type-post","status-publish","format-standard","hentry","category-energias-renovables"],"yoast_head":"<!-- This site is optimized with the Yoast SEO plugin v24.8.1 - https:\/\/yoast.com\/wordpress\/plugins\/seo\/ -->\n<title>Lo peor del cambio clim\u00e1tico a la vuelta de la esquina - BLOG de ENERGIAS RENOVABLES yTECNOLOGIA<\/title>\n<meta name=\"robots\" content=\"index, follow, max-snippet:-1, max-image-preview:large, max-video-preview:-1\" \/>\n<link rel=\"canonical\" href=\"https:\/\/www.maidotips.com\/environment\/lo-peor-del-cambio-climatico-a-la-vuelta-de-la-esquina\/\" \/>\n<meta property=\"og:locale\" content=\"es_ES\" \/>\n<meta property=\"og:type\" content=\"article\" \/>\n<meta property=\"og:title\" content=\"Lo peor del cambio clim\u00e1tico a la vuelta de la esquina - BLOG de ENERGIAS RENOVABLES yTECNOLOGIA\" \/>\n<meta property=\"og:description\" content=\"[rax-google-adsense-3] Es el reconocimiento al trabajo de muchos a\u00f1os del Grupo de Geociencias Oce\u00e1nicas de la Universidad de Salamanca. Francisco Javier Sierro recibir\u00e1 hoy el Premio Castilla y Le\u00f3n de Protecci\u00f3n del Medio Ambiente. Este salmantino, miembro del Grupo de Geociencias Oce\u00e1nicas del Departamento de Geolog\u00eda de la Universidad de Salamanca, destaca por sus investigaciones Leer m\u00e1s ...\" \/>\n<meta property=\"og:url\" content=\"https:\/\/www.maidotips.com\/environment\/lo-peor-del-cambio-climatico-a-la-vuelta-de-la-esquina\/\" \/>\n<meta property=\"og:site_name\" content=\"BLOG de ENERGIAS RENOVABLES yTECNOLOGIA\" \/>\n<meta property=\"article:publisher\" content=\"https:\/\/www.facebook.com\/Energiasrenovablesytecnologia\/\" \/>\n<meta property=\"article:published_time\" content=\"2013-04-22T17:14:39+00:00\" \/>\n<meta property=\"og:image\" content=\"http:\/\/www.ecoticias.com\/userfiles\/extra\/thumbs\/306_CBCV_osopolarasasa.jpg\" \/>\n<meta name=\"author\" content=\"admin\" \/>\n<meta name=\"twitter:card\" content=\"summary_large_image\" \/>\n<meta name=\"twitter:label1\" content=\"Escrito por\" \/>\n\t<meta name=\"twitter:data1\" content=\"admin\" \/>\n\t<meta name=\"twitter:label2\" content=\"Tiempo de lectura\" \/>\n\t<meta name=\"twitter:data2\" content=\"4 minutos\" \/>\n<script type=\"application\/ld+json\" class=\"yoast-schema-graph\">{\"@context\":\"https:\/\/schema.org\",\"@graph\":[{\"@type\":\"WebPage\",\"@id\":\"https:\/\/www.maidotips.com\/environment\/lo-peor-del-cambio-climatico-a-la-vuelta-de-la-esquina\/\",\"url\":\"https:\/\/www.maidotips.com\/environment\/lo-peor-del-cambio-climatico-a-la-vuelta-de-la-esquina\/\",\"name\":\"Lo peor del cambio clim\u00e1tico a la vuelta de la esquina - BLOG de ENERGIAS RENOVABLES yTECNOLOGIA\",\"isPartOf\":{\"@id\":\"https:\/\/www.maidotips.com\/environment\/#website\"},\"primaryImageOfPage\":{\"@id\":\"https:\/\/www.maidotips.com\/environment\/lo-peor-del-cambio-climatico-a-la-vuelta-de-la-esquina\/#primaryimage\"},\"image\":{\"@id\":\"https:\/\/www.maidotips.com\/environment\/lo-peor-del-cambio-climatico-a-la-vuelta-de-la-esquina\/#primaryimage\"},\"thumbnailUrl\":\"http:\/\/www.ecoticias.com\/userfiles\/extra\/thumbs\/306_CBCV_osopolarasasa.jpg\",\"datePublished\":\"2013-04-22T17:14:39+00:00\",\"author\":{\"@id\":\"https:\/\/www.maidotips.com\/environment\/#\/schema\/person\/c9b890f523795aa69b81a95dee06d804\"},\"breadcrumb\":{\"@id\":\"https:\/\/www.maidotips.com\/environment\/lo-peor-del-cambio-climatico-a-la-vuelta-de-la-esquina\/#breadcrumb\"},\"inLanguage\":\"es\",\"potentialAction\":[{\"@type\":\"ReadAction\",\"target\":[\"https:\/\/www.maidotips.com\/environment\/lo-peor-del-cambio-climatico-a-la-vuelta-de-la-esquina\/\"]}]},{\"@type\":\"ImageObject\",\"inLanguage\":\"es\",\"@id\":\"https:\/\/www.maidotips.com\/environment\/lo-peor-del-cambio-climatico-a-la-vuelta-de-la-esquina\/#primaryimage\",\"url\":\"http:\/\/www.ecoticias.com\/userfiles\/extra\/thumbs\/306_CBCV_osopolarasasa.jpg\",\"contentUrl\":\"http:\/\/www.ecoticias.com\/userfiles\/extra\/thumbs\/306_CBCV_osopolarasasa.jpg\"},{\"@type\":\"BreadcrumbList\",\"@id\":\"https:\/\/www.maidotips.com\/environment\/lo-peor-del-cambio-climatico-a-la-vuelta-de-la-esquina\/#breadcrumb\",\"itemListElement\":[{\"@type\":\"ListItem\",\"position\":1,\"name\":\"Portada\",\"item\":\"https:\/\/www.maidotips.com\/environment\/\"},{\"@type\":\"ListItem\",\"position\":2,\"name\":\"Lo peor del cambio clim\u00e1tico a la vuelta de la esquina\"}]},{\"@type\":\"WebSite\",\"@id\":\"https:\/\/www.maidotips.com\/environment\/#website\",\"url\":\"https:\/\/www.maidotips.com\/environment\/\",\"name\":\"BLOG de ENERGIAS RENOVABLES yTECNOLOGIA\",\"description\":\"BLOG sobre la energia verde y TECNOLOGIA\",\"potentialAction\":[{\"@type\":\"SearchAction\",\"target\":{\"@type\":\"EntryPoint\",\"urlTemplate\":\"https:\/\/www.maidotips.com\/environment\/?s={search_term_string}\"},\"query-input\":{\"@type\":\"PropertyValueSpecification\",\"valueRequired\":true,\"valueName\":\"search_term_string\"}}],\"inLanguage\":\"es\"},{\"@type\":\"Person\",\"@id\":\"https:\/\/www.maidotips.com\/environment\/#\/schema\/person\/c9b890f523795aa69b81a95dee06d804\",\"name\":\"admin\",\"url\":\"https:\/\/www.maidotips.com\/environment\/author\/admin\/\"}]}<\/script>\n<!-- \/ Yoast SEO plugin. -->","yoast_head_json":{"title":"Lo peor del cambio clim\u00e1tico a la vuelta de la esquina - BLOG de ENERGIAS RENOVABLES yTECNOLOGIA","robots":{"index":"index","follow":"follow","max-snippet":"max-snippet:-1","max-image-preview":"max-image-preview:large","max-video-preview":"max-video-preview:-1"},"canonical":"https:\/\/www.maidotips.com\/environment\/lo-peor-del-cambio-climatico-a-la-vuelta-de-la-esquina\/","og_locale":"es_ES","og_type":"article","og_title":"Lo peor del cambio clim\u00e1tico a la vuelta de la esquina - BLOG de ENERGIAS RENOVABLES yTECNOLOGIA","og_description":"[rax-google-adsense-3] Es el reconocimiento al trabajo de muchos a\u00f1os del Grupo de Geociencias Oce\u00e1nicas de la Universidad de Salamanca. Francisco Javier Sierro recibir\u00e1 hoy el Premio Castilla y Le\u00f3n de Protecci\u00f3n del Medio Ambiente. Este salmantino, miembro del Grupo de Geociencias Oce\u00e1nicas del Departamento de Geolog\u00eda de la Universidad de Salamanca, destaca por sus investigaciones Leer m\u00e1s ...","og_url":"https:\/\/www.maidotips.com\/environment\/lo-peor-del-cambio-climatico-a-la-vuelta-de-la-esquina\/","og_site_name":"BLOG de ENERGIAS RENOVABLES yTECNOLOGIA","article_publisher":"https:\/\/www.facebook.com\/Energiasrenovablesytecnologia\/","article_published_time":"2013-04-22T17:14:39+00:00","og_image":[{"url":"http:\/\/www.ecoticias.com\/userfiles\/extra\/thumbs\/306_CBCV_osopolarasasa.jpg","type":"","width":"","height":""}],"author":"admin","twitter_card":"summary_large_image","twitter_misc":{"Escrito por":"admin","Tiempo de lectura":"4 minutos"},"schema":{"@context":"https:\/\/schema.org","@graph":[{"@type":"WebPage","@id":"https:\/\/www.maidotips.com\/environment\/lo-peor-del-cambio-climatico-a-la-vuelta-de-la-esquina\/","url":"https:\/\/www.maidotips.com\/environment\/lo-peor-del-cambio-climatico-a-la-vuelta-de-la-esquina\/","name":"Lo peor del cambio clim\u00e1tico a la vuelta de la esquina - BLOG de ENERGIAS RENOVABLES yTECNOLOGIA","isPartOf":{"@id":"https:\/\/www.maidotips.com\/environment\/#website"},"primaryImageOfPage":{"@id":"https:\/\/www.maidotips.com\/environment\/lo-peor-del-cambio-climatico-a-la-vuelta-de-la-esquina\/#primaryimage"},"image":{"@id":"https:\/\/www.maidotips.com\/environment\/lo-peor-del-cambio-climatico-a-la-vuelta-de-la-esquina\/#primaryimage"},"thumbnailUrl":"http:\/\/www.ecoticias.com\/userfiles\/extra\/thumbs\/306_CBCV_osopolarasasa.jpg","datePublished":"2013-04-22T17:14:39+00:00","author":{"@id":"https:\/\/www.maidotips.com\/environment\/#\/schema\/person\/c9b890f523795aa69b81a95dee06d804"},"breadcrumb":{"@id":"https:\/\/www.maidotips.com\/environment\/lo-peor-del-cambio-climatico-a-la-vuelta-de-la-esquina\/#breadcrumb"},"inLanguage":"es","potentialAction":[{"@type":"ReadAction","target":["https:\/\/www.maidotips.com\/environment\/lo-peor-del-cambio-climatico-a-la-vuelta-de-la-esquina\/"]}]},{"@type":"ImageObject","inLanguage":"es","@id":"https:\/\/www.maidotips.com\/environment\/lo-peor-del-cambio-climatico-a-la-vuelta-de-la-esquina\/#primaryimage","url":"http:\/\/www.ecoticias.com\/userfiles\/extra\/thumbs\/306_CBCV_osopolarasasa.jpg","contentUrl":"http:\/\/www.ecoticias.com\/userfiles\/extra\/thumbs\/306_CBCV_osopolarasasa.jpg"},{"@type":"BreadcrumbList","@id":"https:\/\/www.maidotips.com\/environment\/lo-peor-del-cambio-climatico-a-la-vuelta-de-la-esquina\/#breadcrumb","itemListElement":[{"@type":"ListItem","position":1,"name":"Portada","item":"https:\/\/www.maidotips.com\/environment\/"},{"@type":"ListItem","position":2,"name":"Lo peor del cambio clim\u00e1tico a la vuelta de la esquina"}]},{"@type":"WebSite","@id":"https:\/\/www.maidotips.com\/environment\/#website","url":"https:\/\/www.maidotips.com\/environment\/","name":"BLOG de ENERGIAS RENOVABLES yTECNOLOGIA","description":"BLOG sobre la energia verde y TECNOLOGIA","potentialAction":[{"@type":"SearchAction","target":{"@type":"EntryPoint","urlTemplate":"https:\/\/www.maidotips.com\/environment\/?s={search_term_string}"},"query-input":{"@type":"PropertyValueSpecification","valueRequired":true,"valueName":"search_term_string"}}],"inLanguage":"es"},{"@type":"Person","@id":"https:\/\/www.maidotips.com\/environment\/#\/schema\/person\/c9b890f523795aa69b81a95dee06d804","name":"admin","url":"https:\/\/www.maidotips.com\/environment\/author\/admin\/"}]}},"jetpack_featured_media_url":"","jetpack_shortlink":"https:\/\/wp.me\/pbBd6N-5c","jetpack-related-posts":[],"jetpack_likes_enabled":true,"jetpack_sharing_enabled":true,"_links":{"self":[{"href":"https:\/\/www.maidotips.com\/environment\/wp-json\/wp\/v2\/posts\/322","targetHints":{"allow":["GET"]}}],"collection":[{"href":"https:\/\/www.maidotips.com\/environment\/wp-json\/wp\/v2\/posts"}],"about":[{"href":"https:\/\/www.maidotips.com\/environment\/wp-json\/wp\/v2\/types\/post"}],"author":[{"embeddable":true,"href":"https:\/\/www.maidotips.com\/environment\/wp-json\/wp\/v2\/users\/1"}],"replies":[{"embeddable":true,"href":"https:\/\/www.maidotips.com\/environment\/wp-json\/wp\/v2\/comments?post=322"}],"version-history":[{"count":1,"href":"https:\/\/www.maidotips.com\/environment\/wp-json\/wp\/v2\/posts\/322\/revisions"}],"predecessor-version":[{"id":323,"href":"https:\/\/www.maidotips.com\/environment\/wp-json\/wp\/v2\/posts\/322\/revisions\/323"}],"wp:attachment":[{"href":"https:\/\/www.maidotips.com\/environment\/wp-json\/wp\/v2\/media?parent=322"}],"wp:term":[{"taxonomy":"category","embeddable":true,"href":"https:\/\/www.maidotips.com\/environment\/wp-json\/wp\/v2\/categories?post=322"},{"taxonomy":"post_tag","embeddable":true,"href":"https:\/\/www.maidotips.com\/environment\/wp-json\/wp\/v2\/tags?post=322"}],"curies":[{"name":"wp","href":"https:\/\/api.w.org\/{rel}","templated":true}]}}