{"id":335,"date":"2013-06-06T21:20:56","date_gmt":"2013-06-06T19:20:56","guid":{"rendered":"https:\/\/www.maidotips.com\/environment\/?p=335"},"modified":"2013-06-06T21:31:29","modified_gmt":"2013-06-06T19:31:29","slug":"desde-2010-la-regulacion-espanola-en-renovables-y-eficiencia-energetica-ha-do-en-contra-de-la-directiva-europea","status":"publish","type":"post","link":"https:\/\/www.maidotips.com\/environment\/desde-2010-la-regulacion-espanola-en-renovables-y-eficiencia-energetica-ha-do-en-contra-de-la-directiva-europea\/","title":{"rendered":"Desde 2010 la regulacion espa\u00f1ola en renovables Y eficiencia energetica ha do en contra de la directiva europea"},"content":{"rendered":"<p>[rax-google-adsense-3]<\/p>\n<p>Javier Garc\u00eda Breva, presidente de la Fundaci\u00f3n Renovables, denuncia la petici\u00f3n de las empresas el\u00e9ctricas de acabar con el derecho prioritario de acceso a la red.<\/p>\n<p>La salida de la crisis econ\u00f3mica pasa por el cambio de modelo energ\u00e9tico.<\/p>\n<p>El presidente de la Fundaci\u00f3n FRenovables, Javier Garc\u00eda Breva, ha manifestado ante la cumbre de los Verdes Europeos celebrada en Madrid que \u201cdesde 2010 la regulaci\u00f3n espa\u00f1ola en renovables ha ido en contra de las directivas europeas y de la propia pol\u00edtica energ\u00e9tica de la Uni\u00f3n Europea\u201d. \u201cEl Gobierno espa\u00f1ol est\u00e1 apostando por los hidrocarburos, se est\u00e1n autorizando prospecciones para extraer gas no convencional con la tecnolog\u00eda del fracking, se autorizan prospecciones petrol\u00edferas en Canarias, Castilla- Le\u00f3n, Navarra y otras regiones, pero se han eliminado todas las pol\u00edticas de eficiencia energ\u00e9tica, se ha incumplido flagrantemente la directiva de renovables y se ha aprobado una moratoria al desarrollo de futuros proyectos de tecnolog\u00edas renovables\u201d ha se\u00f1alado Garc\u00eda Breva ante m\u00e1s de trescientos representantes del Partido de los Verdes Europeos en el transcurso de una jornada dedicada a la Sostenibilidad Energ\u00e9tica en Espa\u00f1a y en Europa.<br \/>\nHa iniciado su intervenci\u00f3n denunciando la petici\u00f3n de las empresas de UNESA para discriminar a las energ\u00edas renovables poniendo fin al derecho prioritario de acceso a la red que consagran las dos directivas europeas de renovables y la propia normativa espa\u00f1ola. El presidente de la Fundaci\u00f3n Renovables ha presentado esta iniciativa como el \u00faltimo eslab\u00f3n de una serie de medidas que han supuesto la reducci\u00f3n en un 96% de la inversi\u00f3n en renovables y la destrucci\u00f3n de m\u00e1s de 70.000 empleos en el sector de las renovables. \u201cHay autorizadas prospecciones de gas no convencional en 400.000 Has. de nuestro territorio porque este Gobierno quiere impulsar la econom\u00eda de los combustibles f\u00f3siles frente al modelo de las renovables al que culpa del d\u00e9ficit de tarifa\u201d. A este respecto ha se\u00f1alado que la desviaci\u00f3n del importe previsto de las primas el pasado a\u00f1o fue de un 22% respecto a las previsiones del Gobierno, mientras que la desviaci\u00f3n del d\u00e9ficit tarifario fue un 114% superior al previsto. El d\u00e9ficit tarifario crece 5 veces m\u00e1s que las primas a las renovables por lo que no son \u00e9stas la causa del mismo.<br \/>\nJavier Garc\u00eda Breva ha denunciado tambi\u00e9n el proyecto de ley del Gobierno que suprime los organismos reguladores de la competencia y la energ\u00eda que va a suponer que las decisiones sobre la regulaci\u00f3n, competencia y operaciones corporativas las adoptar\u00e1 directamente el Ministro de Industria, lo que va a reforzar el funcionamiento oligopol\u00edstico del mercado energ\u00e9tico y la expulsi\u00f3n de las renovables del mercado en contra de todas las normas europeas. La Fundaci\u00f3n Renovables recuerda que la mayor presencia de las renovables reduce el precio de la energ\u00eda en el mercado el\u00e9ctrico como ha quedado en evidencia en los \u00faltimos meses con una cobertura de la demanda del 51% gracias al incremento del recurso hidr\u00e1ulico y e\u00f3lico. Sacar las renovables del mercado supone que los consumidores no podr\u00e1n beneficiarse de la rebaja del precio de la energ\u00eda por la mayor producci\u00f3n renovable.<br \/>\nPara resumir la situaci\u00f3n de la energ\u00eda en nuestro pa\u00eds, Garc\u00eda Breva ha recordado que este Gobierno ha votado en contra de la \u00faltima Directiva de Eficiencia Energ\u00e9tica, ha paralizado las renovables con el RDL 1 \/ 2012 y ha dejado fuera de la agenda pol\u00edtica el CO2, por lo que Espa\u00f1a no va a cumplir los objetivos europeos para 2020. Por \u00faltimo ha recordado lo que viene diciendo la Fundaci\u00f3n Renovables desde su constituci\u00f3n: la salida de la crisis econ\u00f3mica pasa por el cambio de modelo energ\u00e9tico.<br \/>\nEn esta jornada han intervenido tambi\u00e9n Rebecca Harms, vicepresidenta del Grupo Parlamento de los Verdes Europeos en la Euroc\u00e1mara, Juantxo L\u00f3pez Uralde dirigente de Equo, Laia Ortiz, diputada de Iniciativa_Les Verts (ICV), Claude Turmes, europarlamentario luxemburgu\u00e9s y B\u00e4rbel H\u00f6hn, europarlamentaria alemana, ambos vicepresidentes de los Verdes Europeos.<\/p>\n<p><a href=\"http:\/\/www.fundacionrenovables.org\/?email_id=72&amp;user_id=793&amp;urlpassed=aHR0cDovL3d3dy5mdW5kYWNpb25yZW5vdmFibGVzLm9yZy8%2FdXRtX3NvdXJjZT13eXNpamEmdXRtX21lZGl1bT1lbWFpbCZ1dG1fY2FtcGFpZ249TWFpbF9TZXJnaW9fUmVub3ZhbmRvb3NfX19pbnRyb2R1Y2NpX19u&amp;controller=stats&amp;action=analyse&amp;wysija-page=1&amp;wysijap=subscriptions\" target=\"_blank\">www.fundacionrenovables.org<\/a><\/p>\n<p>[rax-google-adsense-3]<\/p>\n","protected":false},"excerpt":{"rendered":"<p>[rax-google-adsense-3] Javier Garc\u00eda Breva, presidente de la Fundaci\u00f3n Renovables, denuncia la petici\u00f3n de las empresas el\u00e9ctricas de acabar con el derecho prioritario de acceso a la red. La salida de la crisis econ\u00f3mica pasa por el cambio de modelo energ\u00e9tico. El presidente de la Fundaci\u00f3n FRenovables, Javier Garc\u00eda Breva, ha manifestado ante la cumbre de <a class=\"more-link\" href=\"https:\/\/www.maidotips.com\/environment\/desde-2010-la-regulacion-espanola-en-renovables-y-eficiencia-energetica-ha-do-en-contra-de-la-directiva-europea\/\">Leer m\u00e1s &#8230;<\/a><\/p>\n","protected":false},"author":1,"featured_media":0,"comment_status":"closed","ping_status":"open","sticky":false,"template":"","format":"standard","meta":{"_monsterinsights_skip_tracking":false,"_monsterinsights_sitenote_active":false,"_monsterinsights_sitenote_note":"","_monsterinsights_sitenote_category":0,"jetpack_post_was_ever_published":false,"_jetpack_newsletter_access":"","_jetpack_dont_email_post_to_subs":false,"_jetpack_newsletter_tier_id":0,"_jetpack_memberships_contains_paywalled_content":false,"_jetpack_memberships_contains_paid_content":false,"footnotes":""},"categories":[1],"tags":[],"class_list":["post-335","post","type-post","status-publish","format-standard","hentry","category-energias-renovables"],"yoast_head":"<!-- This site is optimized with the Yoast SEO plugin v24.8.1 - https:\/\/yoast.com\/wordpress\/plugins\/seo\/ -->\n<title>Desde 2010 la regulacion espa\u00f1ola en renovables Y eficiencia energetica ha do en contra de la directiva europea - BLOG de ENERGIAS RENOVABLES yTECNOLOGIA<\/title>\n<meta name=\"robots\" content=\"index, follow, max-snippet:-1, max-image-preview:large, max-video-preview:-1\" \/>\n<link rel=\"canonical\" href=\"https:\/\/www.maidotips.com\/environment\/desde-2010-la-regulacion-espanola-en-renovables-y-eficiencia-energetica-ha-do-en-contra-de-la-directiva-europea\/\" \/>\n<meta property=\"og:locale\" content=\"es_ES\" \/>\n<meta property=\"og:type\" content=\"article\" \/>\n<meta property=\"og:title\" content=\"Desde 2010 la regulacion espa\u00f1ola en renovables Y eficiencia energetica ha do en contra de la directiva europea - BLOG de ENERGIAS RENOVABLES yTECNOLOGIA\" \/>\n<meta property=\"og:description\" content=\"[rax-google-adsense-3] Javier Garc\u00eda Breva, presidente de la Fundaci\u00f3n Renovables, denuncia la petici\u00f3n de las empresas el\u00e9ctricas de acabar con el derecho prioritario de acceso a la red. La salida de la crisis econ\u00f3mica pasa por el cambio de modelo energ\u00e9tico. El presidente de la Fundaci\u00f3n FRenovables, Javier Garc\u00eda Breva, ha manifestado ante la cumbre de Leer m\u00e1s ...\" \/>\n<meta property=\"og:url\" content=\"https:\/\/www.maidotips.com\/environment\/desde-2010-la-regulacion-espanola-en-renovables-y-eficiencia-energetica-ha-do-en-contra-de-la-directiva-europea\/\" \/>\n<meta property=\"og:site_name\" content=\"BLOG de ENERGIAS RENOVABLES yTECNOLOGIA\" \/>\n<meta property=\"article:publisher\" content=\"https:\/\/www.facebook.com\/Energiasrenovablesytecnologia\/\" \/>\n<meta property=\"article:published_time\" content=\"2013-06-06T19:20:56+00:00\" \/>\n<meta property=\"article:modified_time\" content=\"2013-06-06T19:31:29+00:00\" \/>\n<meta name=\"author\" content=\"admin\" \/>\n<meta name=\"twitter:card\" content=\"summary_large_image\" \/>\n<meta name=\"twitter:label1\" content=\"Escrito por\" \/>\n\t<meta name=\"twitter:data1\" content=\"admin\" \/>\n\t<meta name=\"twitter:label2\" content=\"Tiempo de lectura\" \/>\n\t<meta name=\"twitter:data2\" content=\"4 minutos\" \/>\n<script type=\"application\/ld+json\" class=\"yoast-schema-graph\">{\"@context\":\"https:\/\/schema.org\",\"@graph\":[{\"@type\":\"WebPage\",\"@id\":\"https:\/\/www.maidotips.com\/environment\/desde-2010-la-regulacion-espanola-en-renovables-y-eficiencia-energetica-ha-do-en-contra-de-la-directiva-europea\/\",\"url\":\"https:\/\/www.maidotips.com\/environment\/desde-2010-la-regulacion-espanola-en-renovables-y-eficiencia-energetica-ha-do-en-contra-de-la-directiva-europea\/\",\"name\":\"Desde 2010 la regulacion espa\u00f1ola en renovables Y eficiencia energetica ha do en contra de la directiva europea - BLOG de ENERGIAS RENOVABLES yTECNOLOGIA\",\"isPartOf\":{\"@id\":\"https:\/\/www.maidotips.com\/environment\/#website\"},\"datePublished\":\"2013-06-06T19:20:56+00:00\",\"dateModified\":\"2013-06-06T19:31:29+00:00\",\"author\":{\"@id\":\"https:\/\/www.maidotips.com\/environment\/#\/schema\/person\/c9b890f523795aa69b81a95dee06d804\"},\"breadcrumb\":{\"@id\":\"https:\/\/www.maidotips.com\/environment\/desde-2010-la-regulacion-espanola-en-renovables-y-eficiencia-energetica-ha-do-en-contra-de-la-directiva-europea\/#breadcrumb\"},\"inLanguage\":\"es\",\"potentialAction\":[{\"@type\":\"ReadAction\",\"target\":[\"https:\/\/www.maidotips.com\/environment\/desde-2010-la-regulacion-espanola-en-renovables-y-eficiencia-energetica-ha-do-en-contra-de-la-directiva-europea\/\"]}]},{\"@type\":\"BreadcrumbList\",\"@id\":\"https:\/\/www.maidotips.com\/environment\/desde-2010-la-regulacion-espanola-en-renovables-y-eficiencia-energetica-ha-do-en-contra-de-la-directiva-europea\/#breadcrumb\",\"itemListElement\":[{\"@type\":\"ListItem\",\"position\":1,\"name\":\"Portada\",\"item\":\"https:\/\/www.maidotips.com\/environment\/\"},{\"@type\":\"ListItem\",\"position\":2,\"name\":\"Desde 2010 la regulacion espa\u00f1ola en renovables Y eficiencia energetica ha do en contra de la directiva europea\"}]},{\"@type\":\"WebSite\",\"@id\":\"https:\/\/www.maidotips.com\/environment\/#website\",\"url\":\"https:\/\/www.maidotips.com\/environment\/\",\"name\":\"BLOG de ENERGIAS RENOVABLES yTECNOLOGIA\",\"description\":\"BLOG sobre la energia verde y TECNOLOGIA\",\"potentialAction\":[{\"@type\":\"SearchAction\",\"target\":{\"@type\":\"EntryPoint\",\"urlTemplate\":\"https:\/\/www.maidotips.com\/environment\/?s={search_term_string}\"},\"query-input\":{\"@type\":\"PropertyValueSpecification\",\"valueRequired\":true,\"valueName\":\"search_term_string\"}}],\"inLanguage\":\"es\"},{\"@type\":\"Person\",\"@id\":\"https:\/\/www.maidotips.com\/environment\/#\/schema\/person\/c9b890f523795aa69b81a95dee06d804\",\"name\":\"admin\",\"url\":\"https:\/\/www.maidotips.com\/environment\/author\/admin\/\"}]}<\/script>\n<!-- \/ Yoast SEO plugin. -->","yoast_head_json":{"title":"Desde 2010 la regulacion espa\u00f1ola en renovables Y eficiencia energetica ha do en contra de la directiva europea - BLOG de ENERGIAS RENOVABLES yTECNOLOGIA","robots":{"index":"index","follow":"follow","max-snippet":"max-snippet:-1","max-image-preview":"max-image-preview:large","max-video-preview":"max-video-preview:-1"},"canonical":"https:\/\/www.maidotips.com\/environment\/desde-2010-la-regulacion-espanola-en-renovables-y-eficiencia-energetica-ha-do-en-contra-de-la-directiva-europea\/","og_locale":"es_ES","og_type":"article","og_title":"Desde 2010 la regulacion espa\u00f1ola en renovables Y eficiencia energetica ha do en contra de la directiva europea - BLOG de ENERGIAS RENOVABLES yTECNOLOGIA","og_description":"[rax-google-adsense-3] Javier Garc\u00eda Breva, presidente de la Fundaci\u00f3n Renovables, denuncia la petici\u00f3n de las empresas el\u00e9ctricas de acabar con el derecho prioritario de acceso a la red. La salida de la crisis econ\u00f3mica pasa por el cambio de modelo energ\u00e9tico. El presidente de la Fundaci\u00f3n FRenovables, Javier Garc\u00eda Breva, ha manifestado ante la cumbre de Leer m\u00e1s ...","og_url":"https:\/\/www.maidotips.com\/environment\/desde-2010-la-regulacion-espanola-en-renovables-y-eficiencia-energetica-ha-do-en-contra-de-la-directiva-europea\/","og_site_name":"BLOG de ENERGIAS RENOVABLES yTECNOLOGIA","article_publisher":"https:\/\/www.facebook.com\/Energiasrenovablesytecnologia\/","article_published_time":"2013-06-06T19:20:56+00:00","article_modified_time":"2013-06-06T19:31:29+00:00","author":"admin","twitter_card":"summary_large_image","twitter_misc":{"Escrito por":"admin","Tiempo de lectura":"4 minutos"},"schema":{"@context":"https:\/\/schema.org","@graph":[{"@type":"WebPage","@id":"https:\/\/www.maidotips.com\/environment\/desde-2010-la-regulacion-espanola-en-renovables-y-eficiencia-energetica-ha-do-en-contra-de-la-directiva-europea\/","url":"https:\/\/www.maidotips.com\/environment\/desde-2010-la-regulacion-espanola-en-renovables-y-eficiencia-energetica-ha-do-en-contra-de-la-directiva-europea\/","name":"Desde 2010 la regulacion espa\u00f1ola en renovables Y eficiencia energetica ha do en contra de la directiva europea - BLOG de ENERGIAS RENOVABLES yTECNOLOGIA","isPartOf":{"@id":"https:\/\/www.maidotips.com\/environment\/#website"},"datePublished":"2013-06-06T19:20:56+00:00","dateModified":"2013-06-06T19:31:29+00:00","author":{"@id":"https:\/\/www.maidotips.com\/environment\/#\/schema\/person\/c9b890f523795aa69b81a95dee06d804"},"breadcrumb":{"@id":"https:\/\/www.maidotips.com\/environment\/desde-2010-la-regulacion-espanola-en-renovables-y-eficiencia-energetica-ha-do-en-contra-de-la-directiva-europea\/#breadcrumb"},"inLanguage":"es","potentialAction":[{"@type":"ReadAction","target":["https:\/\/www.maidotips.com\/environment\/desde-2010-la-regulacion-espanola-en-renovables-y-eficiencia-energetica-ha-do-en-contra-de-la-directiva-europea\/"]}]},{"@type":"BreadcrumbList","@id":"https:\/\/www.maidotips.com\/environment\/desde-2010-la-regulacion-espanola-en-renovables-y-eficiencia-energetica-ha-do-en-contra-de-la-directiva-europea\/#breadcrumb","itemListElement":[{"@type":"ListItem","position":1,"name":"Portada","item":"https:\/\/www.maidotips.com\/environment\/"},{"@type":"ListItem","position":2,"name":"Desde 2010 la regulacion espa\u00f1ola en renovables Y eficiencia energetica ha do en contra de la directiva europea"}]},{"@type":"WebSite","@id":"https:\/\/www.maidotips.com\/environment\/#website","url":"https:\/\/www.maidotips.com\/environment\/","name":"BLOG de ENERGIAS RENOVABLES yTECNOLOGIA","description":"BLOG sobre la energia verde y TECNOLOGIA","potentialAction":[{"@type":"SearchAction","target":{"@type":"EntryPoint","urlTemplate":"https:\/\/www.maidotips.com\/environment\/?s={search_term_string}"},"query-input":{"@type":"PropertyValueSpecification","valueRequired":true,"valueName":"search_term_string"}}],"inLanguage":"es"},{"@type":"Person","@id":"https:\/\/www.maidotips.com\/environment\/#\/schema\/person\/c9b890f523795aa69b81a95dee06d804","name":"admin","url":"https:\/\/www.maidotips.com\/environment\/author\/admin\/"}]}},"jetpack_featured_media_url":"","jetpack_shortlink":"https:\/\/wp.me\/pbBd6N-5p","jetpack-related-posts":[],"jetpack_likes_enabled":true,"jetpack_sharing_enabled":true,"_links":{"self":[{"href":"https:\/\/www.maidotips.com\/environment\/wp-json\/wp\/v2\/posts\/335","targetHints":{"allow":["GET"]}}],"collection":[{"href":"https:\/\/www.maidotips.com\/environment\/wp-json\/wp\/v2\/posts"}],"about":[{"href":"https:\/\/www.maidotips.com\/environment\/wp-json\/wp\/v2\/types\/post"}],"author":[{"embeddable":true,"href":"https:\/\/www.maidotips.com\/environment\/wp-json\/wp\/v2\/users\/1"}],"replies":[{"embeddable":true,"href":"https:\/\/www.maidotips.com\/environment\/wp-json\/wp\/v2\/comments?post=335"}],"version-history":[{"count":5,"href":"https:\/\/www.maidotips.com\/environment\/wp-json\/wp\/v2\/posts\/335\/revisions"}],"predecessor-version":[{"id":337,"href":"https:\/\/www.maidotips.com\/environment\/wp-json\/wp\/v2\/posts\/335\/revisions\/337"}],"wp:attachment":[{"href":"https:\/\/www.maidotips.com\/environment\/wp-json\/wp\/v2\/media?parent=335"}],"wp:term":[{"taxonomy":"category","embeddable":true,"href":"https:\/\/www.maidotips.com\/environment\/wp-json\/wp\/v2\/categories?post=335"},{"taxonomy":"post_tag","embeddable":true,"href":"https:\/\/www.maidotips.com\/environment\/wp-json\/wp\/v2\/tags?post=335"}],"curies":[{"name":"wp","href":"https:\/\/api.w.org\/{rel}","templated":true}]}}