{"id":341,"date":"2013-06-11T18:54:04","date_gmt":"2013-06-11T16:54:04","guid":{"rendered":"https:\/\/www.maidotips.com\/environment\/?p=341"},"modified":"2013-06-11T18:54:04","modified_gmt":"2013-06-11T16:54:04","slug":"catorce-asociaciones-de-energias-renovables-solicitan-sacar-las-primas-de-la-parte-regulada-del-recibo-de-la-luz","status":"publish","type":"post","link":"https:\/\/www.maidotips.com\/environment\/catorce-asociaciones-de-energias-renovables-solicitan-sacar-las-primas-de-la-parte-regulada-del-recibo-de-la-luz\/","title":{"rendered":"Catorce asociaciones de energ\u00edas renovables solicitan sacar las primas de la parte regulada del recibo de la luz"},"content":{"rendered":"<p>[rax-google-adsense-3]<\/p>\n<p><strong><span style=\"color: #0000ff;\">De esta forma, las renovables tendr\u00edan una retribuci\u00f3n acorde a lo que son, producci\u00f3n de energ\u00eda, y dejar\u00edan de considerarse un sobrecoste para los consumidores.<\/span><\/strong><\/p>\n<div>\n<div><img data-recalc-dims=\"1\" decoding=\"async\" title=\"\" alt=\"\" src=\"https:\/\/i0.wp.com\/www.ecoticias.com\/userfiles\/extra\/thumbs\/306_THYV_factradasaas.jpg?w=306\"  align=\"left\" \/><\/div>\n<p><span style=\"color: #0000ff;\">Catorce asociaciones de energ\u00edas renovables han firmado un comunicado de prensa conjunto en el que proponen al Ministerio de Industria, Energ\u00eda y Turismo que las primas dejen de computarse en la tarifa el\u00e9ctrica como peaje de acceso, que es donde se produce el d\u00e9ficit de tarifa, y se consideren en cambio parte del coste de la energ\u00eda.<\/span><\/p>\n<p><span style=\"color: #0000ff;\">\u00a0\u00a0 De esta forma, las renovables tendr\u00edan una retribuci\u00f3n acorde a lo que son, producci\u00f3n de energ\u00eda, y dejar\u00edan de considerarse un sobrecoste para los consumidores. Otros pa\u00edses del entorno, como Alemania o Italia, ya computan de esta forma la actividad de estas tecnolog\u00edas &#8216;limpias&#8217;.<\/span><\/p>\n<p><span style=\"color: #0000ff;\">\u00a0\u00a0 El dise\u00f1o regulatorio espa\u00f1ol, indican las asociaciones en el comunicado, hace que el consumidor no solo no pueda beneficiarse del ahorro que las renovables procuran al mercado el\u00e9ctrico, de 1.400 millones en el primer trimestre, sino que adem\u00e1s tenga que afrontar al mismo tiempo un sobrecoste en primas que, en el mismo periodo, produjo un efecto anual de 600 millones.<\/span><\/p>\n<p><span style=\"color: #0000ff;\">\u00a0\u00a0 \u00abLa actual asignaci\u00f3n de partidas en la tarifa el\u00e9ctrica perjudica claramente a los consumidores\u00bb, dicen, antes de proponer a cambio un modelo en el que cada kilovatio hora tenga una &#8216;cuota renovable&#8217; destinada a sufragar las primas, como en Alemania o Italia.<\/span><\/p>\n<p><span style=\"color: #0000ff;\">\u00a0\u00a0 Las renovables reciben una tarifa fija por su producci\u00f3n el\u00e9ctrica, compuesta por el precio del mercado m\u00e1s una prima equivalente. Se da la paradoja de que cuanto m\u00e1s producen y m\u00e1s abaratan el mercado, m\u00e1s aumenta el precio que el consumidor paga v\u00eda coste regulado, pese a que la tarifa sigue siendo la misma.<\/span><\/p>\n<p><span style=\"color: #0000ff;\">\u00a0\u00a0 El consumidor no disfruta de la bajada de precios de mercado inducida por las renovables porque lo que paga en el trimestre lo fijan de antemano las subastas Cesur. Mientras, ve c\u00f3mo las primas, al cargarse a la parte del recibo regulada, le suponen un sobrecoste.<\/span><\/p>\n<p><span style=\"color: #0000ff;\">\u00a0\u00a0 Las asociaciones denuncian que hay pagos por la producci\u00f3n, como las ayudas al carb\u00f3n, que ya se incluyen en el t\u00e9rmino de energ\u00eda. Al mismo tiempo, \u00ablas primas se incluyen en el tramo regulado de la factura el\u00e9ctrica, entre los llamados peajes de acceso, que s\u00f3lo deber\u00edan incluir costes estructurales del sistema el\u00e9ctrico, como las redes\u00bb, se\u00f1alan.<\/span><\/p>\n<p><span style=\"color: #0000ff;\">\u00a0\u00a0 El modelo perjudica \u00abclaramente\u00bb a los m\u00e1s de 17 millones de consumidores acogidos a la Tarifa de \u00daltimo Recurso (TUR), ya que las renovables entran a cero en el &#8216;pool&#8217; y deprimen su precio, hasta el punto de que en el primer trimestre, seg\u00fan la CNE, han bajado el precio anual de la electricidad de los 51,19 euros por megavatio hora (MWh) previstos en la orden de tarifas el\u00e9ctricas a 45,13 euros.<\/span><\/p>\n<h2><span style=\"color: #0000ff;\">UN MWH ABARATADO, 100 MILLONES M\u00c1S EN PRIMAS.<\/span><\/h2>\n<p><span style=\"color: #0000ff;\">\u00a0\u00a0 Esta noticia podr\u00eda ser positiva si no fuese porque, como tambi\u00e9n indica la CNE, cada euro de reducci\u00f3n en el precio del megavatio hora supone un desv\u00edo de 100 millones de euros en la prima equivalente del r\u00e9gimen especial en t\u00e9rminos anuales.<\/span><\/p>\n<p><span style=\"color: #0000ff;\">\u00a0\u00a0 \u00abDe este modo, a menos que suba el precio de la electricidad en lo que resta de a\u00f1o, las renovables cobrar\u00e1n lo mismo\u00bb, ya que la tarifa que tienen asignada es fija, \u00abpero la prima equivalente aumentar\u00e1 en 600 millones por la indicada relaci\u00f3n inversa entre el precio del &#8216;pool&#8217; y las primas\u00bb, se\u00f1alan.<\/span><\/p>\n<p><span style=\"color: #0000ff;\">\u00a0\u00a0 Mientras, los precios que el consumidor paga por el t\u00e9rmino de la energ\u00eda y que se fijan en las subastas Cesur arrojan resultados superiores al precio de mercado. Por ejemplo, la Cesur del primer trimestre arroj\u00f3 un 54,18 euros por MWh, mientras que el &#8216;pool&#8217; estuvo a 50,5 euros MWh en enero, a 45,04 euros por MWh en febrero y a 25,92 euros por MWh en marzo.<\/span><\/p>\n<p><span style=\"color: #0000ff;\">\u00a0\u00a0 En marzo, la revisi\u00f3n conforme a la Cesur implic\u00f3 un precio de 45,41 euros por MWh, mientras que ese mes el precio del &#8216;pool&#8217; estuvo en apenas 18,17 euros por MWh.<\/span><\/p>\n<p><span style=\"color: #0000ff;\">\u00a0\u00a0 Esta \u00abinjusta situaci\u00f3n\u00bb, indica, se ha agravado con la promulgaci\u00f3n del real decreto ley 2\/2013, en el que se elimina la opci\u00f3n de retribuci\u00f3n de &#8216;pool&#8217; m\u00e1s prima y empujar a todas las tecnolog\u00edas del r\u00e9gimen especial a la opci\u00f3n de cobrar \u00fanicamente una tarifa.<\/span><\/p>\n<h2><span style=\"color: #0000ff;\">CUOTA RENOVABLES.<\/span><\/h2>\n<p><span style=\"color: #0000ff;\">\u00a0\u00a0 El paso de las primas al t\u00e9rmino de energ\u00eda que reclaman las asociaciones de renovables evitar\u00eda esta situaci\u00f3n, porque la bajada del &#8216;pool&#8217; compensar\u00eda directamente el aumento de la prima equivalente, lo que aportar\u00eda una mayor coherencia al sistema, se\u00f1alan las asociaciones.<\/span><\/p>\n<p><span style=\"color: #0000ff;\">\u00a0\u00a0 Con la propuesta, una parte del precio de cada kilovatio hora consumido ir\u00eda destinada a sufragar las primas. Esta \u00abcuota renovable\u00bb se decidir\u00eda al inicio de cada ejercicio, se calcular\u00eda por diferencias respecto al precio del &#8216;pool&#8217; y se revisar\u00eda cada trimestre.<\/span><\/p>\n<p><span style=\"color: #0000ff;\">\u00a0\u00a0 Podr\u00eda adem\u00e1s incluirse dentro del coste de la energ\u00eda, como ya se hace con las p\u00e9rdidas o los pagos por capacidad, o, en un momento dado, como un cap\u00edtulo diferenciado de la factura. Al final de cada ejercicio se analizar\u00eda la desviaci\u00f3n que pudiera haber surgido, al alza o a la baja, y se corregir\u00eda en el ejercicio siguiente.<\/span><\/p>\n<h2><span style=\"color: #0000ff;\">FIRMANTES.<\/span><\/h2>\n<p><span style=\"color: #0000ff;\">\u00a0\u00a0 El comunicado aparece firmado por la asociaci\u00f3n de productores de renovables APPA, as\u00ed como por la termosolar Protermosolar y por las dos principales asociaciones fotovoltaicas, que son UNEF y Anpier.<\/span><\/p>\n<p><span style=\"color: #0000ff;\">\u00a0\u00a0 Adem\u00e1s, participan en la propuesta la asociaci\u00f3n canaria de renovables ACER, la gallega Acluxega, la e\u00f3lica aragonesa AEA, Aeversu, la de autoconsumo Agaen, la t\u00e9rmica ASIT, la valenciana Avaesen, la catalana Eolicat y la solar Solartys.<\/span><\/p>\n<p><a href=\"http:\/\/www.ecoticias.com\/\">ECOticias.com<\/a>\u00a0\u2013 ep<\/p>\n<\/div>\n<p>[rax-google-adsense-3]<\/p>\n","protected":false},"excerpt":{"rendered":"<p>[rax-google-adsense-3] De esta forma, las renovables tendr\u00edan una retribuci\u00f3n acorde a lo que son, producci\u00f3n de energ\u00eda, y dejar\u00edan de considerarse un sobrecoste para los consumidores. Catorce asociaciones de energ\u00edas renovables han firmado un comunicado de prensa conjunto en el que proponen al Ministerio de Industria, Energ\u00eda y Turismo que las primas dejen de computarse <a class=\"more-link\" href=\"https:\/\/www.maidotips.com\/environment\/catorce-asociaciones-de-energias-renovables-solicitan-sacar-las-primas-de-la-parte-regulada-del-recibo-de-la-luz\/\">Leer m\u00e1s &#8230;<\/a><\/p>\n","protected":false},"author":1,"featured_media":0,"comment_status":"closed","ping_status":"open","sticky":false,"template":"","format":"standard","meta":{"_monsterinsights_skip_tracking":false,"_monsterinsights_sitenote_active":false,"_monsterinsights_sitenote_note":"","_monsterinsights_sitenote_category":0,"jetpack_post_was_ever_published":false,"_jetpack_newsletter_access":"","_jetpack_dont_email_post_to_subs":false,"_jetpack_newsletter_tier_id":0,"_jetpack_memberships_contains_paywalled_content":false,"_jetpack_memberships_contains_paid_content":false,"footnotes":""},"categories":[1],"tags":[],"class_list":["post-341","post","type-post","status-publish","format-standard","hentry","category-energias-renovables"],"yoast_head":"<!-- This site is optimized with the Yoast SEO plugin v24.8.1 - https:\/\/yoast.com\/wordpress\/plugins\/seo\/ -->\n<title>Catorce asociaciones de energ\u00edas renovables solicitan sacar las primas de la parte regulada del recibo de la luz - BLOG de ENERGIAS RENOVABLES yTECNOLOGIA<\/title>\n<meta name=\"robots\" content=\"index, follow, max-snippet:-1, max-image-preview:large, max-video-preview:-1\" \/>\n<link rel=\"canonical\" href=\"https:\/\/www.maidotips.com\/environment\/catorce-asociaciones-de-energias-renovables-solicitan-sacar-las-primas-de-la-parte-regulada-del-recibo-de-la-luz\/\" \/>\n<meta property=\"og:locale\" content=\"es_ES\" \/>\n<meta property=\"og:type\" content=\"article\" \/>\n<meta property=\"og:title\" content=\"Catorce asociaciones de energ\u00edas renovables solicitan sacar las primas de la parte regulada del recibo de la luz - BLOG de ENERGIAS RENOVABLES yTECNOLOGIA\" \/>\n<meta property=\"og:description\" content=\"[rax-google-adsense-3] De esta forma, las renovables tendr\u00edan una retribuci\u00f3n acorde a lo que son, producci\u00f3n de energ\u00eda, y dejar\u00edan de considerarse un sobrecoste para los consumidores. Catorce asociaciones de energ\u00edas renovables han firmado un comunicado de prensa conjunto en el que proponen al Ministerio de Industria, Energ\u00eda y Turismo que las primas dejen de computarse Leer m\u00e1s ...\" \/>\n<meta property=\"og:url\" content=\"https:\/\/www.maidotips.com\/environment\/catorce-asociaciones-de-energias-renovables-solicitan-sacar-las-primas-de-la-parte-regulada-del-recibo-de-la-luz\/\" \/>\n<meta property=\"og:site_name\" content=\"BLOG de ENERGIAS RENOVABLES yTECNOLOGIA\" \/>\n<meta property=\"article:publisher\" content=\"https:\/\/www.facebook.com\/Energiasrenovablesytecnologia\/\" \/>\n<meta property=\"article:published_time\" content=\"2013-06-11T16:54:04+00:00\" \/>\n<meta property=\"og:image\" content=\"http:\/\/www.ecoticias.com\/userfiles\/extra\/thumbs\/306_THYV_factradasaas.jpg\" \/>\n<meta name=\"author\" content=\"admin\" \/>\n<meta name=\"twitter:card\" content=\"summary_large_image\" \/>\n<meta name=\"twitter:label1\" content=\"Escrito por\" \/>\n\t<meta name=\"twitter:data1\" content=\"admin\" \/>\n\t<meta name=\"twitter:label2\" content=\"Tiempo de lectura\" \/>\n\t<meta name=\"twitter:data2\" content=\"5 minutos\" \/>\n<script type=\"application\/ld+json\" class=\"yoast-schema-graph\">{\"@context\":\"https:\/\/schema.org\",\"@graph\":[{\"@type\":\"WebPage\",\"@id\":\"https:\/\/www.maidotips.com\/environment\/catorce-asociaciones-de-energias-renovables-solicitan-sacar-las-primas-de-la-parte-regulada-del-recibo-de-la-luz\/\",\"url\":\"https:\/\/www.maidotips.com\/environment\/catorce-asociaciones-de-energias-renovables-solicitan-sacar-las-primas-de-la-parte-regulada-del-recibo-de-la-luz\/\",\"name\":\"Catorce asociaciones de energ\u00edas renovables solicitan sacar las primas de la parte regulada del recibo de la luz - BLOG de ENERGIAS RENOVABLES yTECNOLOGIA\",\"isPartOf\":{\"@id\":\"https:\/\/www.maidotips.com\/environment\/#website\"},\"primaryImageOfPage\":{\"@id\":\"https:\/\/www.maidotips.com\/environment\/catorce-asociaciones-de-energias-renovables-solicitan-sacar-las-primas-de-la-parte-regulada-del-recibo-de-la-luz\/#primaryimage\"},\"image\":{\"@id\":\"https:\/\/www.maidotips.com\/environment\/catorce-asociaciones-de-energias-renovables-solicitan-sacar-las-primas-de-la-parte-regulada-del-recibo-de-la-luz\/#primaryimage\"},\"thumbnailUrl\":\"http:\/\/www.ecoticias.com\/userfiles\/extra\/thumbs\/306_THYV_factradasaas.jpg\",\"datePublished\":\"2013-06-11T16:54:04+00:00\",\"author\":{\"@id\":\"https:\/\/www.maidotips.com\/environment\/#\/schema\/person\/c9b890f523795aa69b81a95dee06d804\"},\"breadcrumb\":{\"@id\":\"https:\/\/www.maidotips.com\/environment\/catorce-asociaciones-de-energias-renovables-solicitan-sacar-las-primas-de-la-parte-regulada-del-recibo-de-la-luz\/#breadcrumb\"},\"inLanguage\":\"es\",\"potentialAction\":[{\"@type\":\"ReadAction\",\"target\":[\"https:\/\/www.maidotips.com\/environment\/catorce-asociaciones-de-energias-renovables-solicitan-sacar-las-primas-de-la-parte-regulada-del-recibo-de-la-luz\/\"]}]},{\"@type\":\"ImageObject\",\"inLanguage\":\"es\",\"@id\":\"https:\/\/www.maidotips.com\/environment\/catorce-asociaciones-de-energias-renovables-solicitan-sacar-las-primas-de-la-parte-regulada-del-recibo-de-la-luz\/#primaryimage\",\"url\":\"http:\/\/www.ecoticias.com\/userfiles\/extra\/thumbs\/306_THYV_factradasaas.jpg\",\"contentUrl\":\"http:\/\/www.ecoticias.com\/userfiles\/extra\/thumbs\/306_THYV_factradasaas.jpg\"},{\"@type\":\"BreadcrumbList\",\"@id\":\"https:\/\/www.maidotips.com\/environment\/catorce-asociaciones-de-energias-renovables-solicitan-sacar-las-primas-de-la-parte-regulada-del-recibo-de-la-luz\/#breadcrumb\",\"itemListElement\":[{\"@type\":\"ListItem\",\"position\":1,\"name\":\"Portada\",\"item\":\"https:\/\/www.maidotips.com\/environment\/\"},{\"@type\":\"ListItem\",\"position\":2,\"name\":\"Catorce asociaciones de energ\u00edas renovables solicitan sacar las primas de la parte regulada del recibo de la luz\"}]},{\"@type\":\"WebSite\",\"@id\":\"https:\/\/www.maidotips.com\/environment\/#website\",\"url\":\"https:\/\/www.maidotips.com\/environment\/\",\"name\":\"BLOG de ENERGIAS RENOVABLES yTECNOLOGIA\",\"description\":\"BLOG sobre la energia verde y TECNOLOGIA\",\"potentialAction\":[{\"@type\":\"SearchAction\",\"target\":{\"@type\":\"EntryPoint\",\"urlTemplate\":\"https:\/\/www.maidotips.com\/environment\/?s={search_term_string}\"},\"query-input\":{\"@type\":\"PropertyValueSpecification\",\"valueRequired\":true,\"valueName\":\"search_term_string\"}}],\"inLanguage\":\"es\"},{\"@type\":\"Person\",\"@id\":\"https:\/\/www.maidotips.com\/environment\/#\/schema\/person\/c9b890f523795aa69b81a95dee06d804\",\"name\":\"admin\",\"url\":\"https:\/\/www.maidotips.com\/environment\/author\/admin\/\"}]}<\/script>\n<!-- \/ Yoast SEO plugin. -->","yoast_head_json":{"title":"Catorce asociaciones de energ\u00edas renovables solicitan sacar las primas de la parte regulada del recibo de la luz - BLOG de ENERGIAS RENOVABLES yTECNOLOGIA","robots":{"index":"index","follow":"follow","max-snippet":"max-snippet:-1","max-image-preview":"max-image-preview:large","max-video-preview":"max-video-preview:-1"},"canonical":"https:\/\/www.maidotips.com\/environment\/catorce-asociaciones-de-energias-renovables-solicitan-sacar-las-primas-de-la-parte-regulada-del-recibo-de-la-luz\/","og_locale":"es_ES","og_type":"article","og_title":"Catorce asociaciones de energ\u00edas renovables solicitan sacar las primas de la parte regulada del recibo de la luz - BLOG de ENERGIAS RENOVABLES yTECNOLOGIA","og_description":"[rax-google-adsense-3] De esta forma, las renovables tendr\u00edan una retribuci\u00f3n acorde a lo que son, producci\u00f3n de energ\u00eda, y dejar\u00edan de considerarse un sobrecoste para los consumidores. Catorce asociaciones de energ\u00edas renovables han firmado un comunicado de prensa conjunto en el que proponen al Ministerio de Industria, Energ\u00eda y Turismo que las primas dejen de computarse Leer m\u00e1s ...","og_url":"https:\/\/www.maidotips.com\/environment\/catorce-asociaciones-de-energias-renovables-solicitan-sacar-las-primas-de-la-parte-regulada-del-recibo-de-la-luz\/","og_site_name":"BLOG de ENERGIAS RENOVABLES yTECNOLOGIA","article_publisher":"https:\/\/www.facebook.com\/Energiasrenovablesytecnologia\/","article_published_time":"2013-06-11T16:54:04+00:00","og_image":[{"url":"http:\/\/www.ecoticias.com\/userfiles\/extra\/thumbs\/306_THYV_factradasaas.jpg","type":"","width":"","height":""}],"author":"admin","twitter_card":"summary_large_image","twitter_misc":{"Escrito por":"admin","Tiempo de lectura":"5 minutos"},"schema":{"@context":"https:\/\/schema.org","@graph":[{"@type":"WebPage","@id":"https:\/\/www.maidotips.com\/environment\/catorce-asociaciones-de-energias-renovables-solicitan-sacar-las-primas-de-la-parte-regulada-del-recibo-de-la-luz\/","url":"https:\/\/www.maidotips.com\/environment\/catorce-asociaciones-de-energias-renovables-solicitan-sacar-las-primas-de-la-parte-regulada-del-recibo-de-la-luz\/","name":"Catorce asociaciones de energ\u00edas renovables solicitan sacar las primas de la parte regulada del recibo de la luz - BLOG de ENERGIAS RENOVABLES yTECNOLOGIA","isPartOf":{"@id":"https:\/\/www.maidotips.com\/environment\/#website"},"primaryImageOfPage":{"@id":"https:\/\/www.maidotips.com\/environment\/catorce-asociaciones-de-energias-renovables-solicitan-sacar-las-primas-de-la-parte-regulada-del-recibo-de-la-luz\/#primaryimage"},"image":{"@id":"https:\/\/www.maidotips.com\/environment\/catorce-asociaciones-de-energias-renovables-solicitan-sacar-las-primas-de-la-parte-regulada-del-recibo-de-la-luz\/#primaryimage"},"thumbnailUrl":"http:\/\/www.ecoticias.com\/userfiles\/extra\/thumbs\/306_THYV_factradasaas.jpg","datePublished":"2013-06-11T16:54:04+00:00","author":{"@id":"https:\/\/www.maidotips.com\/environment\/#\/schema\/person\/c9b890f523795aa69b81a95dee06d804"},"breadcrumb":{"@id":"https:\/\/www.maidotips.com\/environment\/catorce-asociaciones-de-energias-renovables-solicitan-sacar-las-primas-de-la-parte-regulada-del-recibo-de-la-luz\/#breadcrumb"},"inLanguage":"es","potentialAction":[{"@type":"ReadAction","target":["https:\/\/www.maidotips.com\/environment\/catorce-asociaciones-de-energias-renovables-solicitan-sacar-las-primas-de-la-parte-regulada-del-recibo-de-la-luz\/"]}]},{"@type":"ImageObject","inLanguage":"es","@id":"https:\/\/www.maidotips.com\/environment\/catorce-asociaciones-de-energias-renovables-solicitan-sacar-las-primas-de-la-parte-regulada-del-recibo-de-la-luz\/#primaryimage","url":"http:\/\/www.ecoticias.com\/userfiles\/extra\/thumbs\/306_THYV_factradasaas.jpg","contentUrl":"http:\/\/www.ecoticias.com\/userfiles\/extra\/thumbs\/306_THYV_factradasaas.jpg"},{"@type":"BreadcrumbList","@id":"https:\/\/www.maidotips.com\/environment\/catorce-asociaciones-de-energias-renovables-solicitan-sacar-las-primas-de-la-parte-regulada-del-recibo-de-la-luz\/#breadcrumb","itemListElement":[{"@type":"ListItem","position":1,"name":"Portada","item":"https:\/\/www.maidotips.com\/environment\/"},{"@type":"ListItem","position":2,"name":"Catorce asociaciones de energ\u00edas renovables solicitan sacar las primas de la parte regulada del recibo de la luz"}]},{"@type":"WebSite","@id":"https:\/\/www.maidotips.com\/environment\/#website","url":"https:\/\/www.maidotips.com\/environment\/","name":"BLOG de ENERGIAS RENOVABLES yTECNOLOGIA","description":"BLOG sobre la energia verde y TECNOLOGIA","potentialAction":[{"@type":"SearchAction","target":{"@type":"EntryPoint","urlTemplate":"https:\/\/www.maidotips.com\/environment\/?s={search_term_string}"},"query-input":{"@type":"PropertyValueSpecification","valueRequired":true,"valueName":"search_term_string"}}],"inLanguage":"es"},{"@type":"Person","@id":"https:\/\/www.maidotips.com\/environment\/#\/schema\/person\/c9b890f523795aa69b81a95dee06d804","name":"admin","url":"https:\/\/www.maidotips.com\/environment\/author\/admin\/"}]}},"jetpack_featured_media_url":"","jetpack_shortlink":"https:\/\/wp.me\/pbBd6N-5v","jetpack-related-posts":[],"jetpack_likes_enabled":true,"jetpack_sharing_enabled":true,"_links":{"self":[{"href":"https:\/\/www.maidotips.com\/environment\/wp-json\/wp\/v2\/posts\/341","targetHints":{"allow":["GET"]}}],"collection":[{"href":"https:\/\/www.maidotips.com\/environment\/wp-json\/wp\/v2\/posts"}],"about":[{"href":"https:\/\/www.maidotips.com\/environment\/wp-json\/wp\/v2\/types\/post"}],"author":[{"embeddable":true,"href":"https:\/\/www.maidotips.com\/environment\/wp-json\/wp\/v2\/users\/1"}],"replies":[{"embeddable":true,"href":"https:\/\/www.maidotips.com\/environment\/wp-json\/wp\/v2\/comments?post=341"}],"version-history":[{"count":2,"href":"https:\/\/www.maidotips.com\/environment\/wp-json\/wp\/v2\/posts\/341\/revisions"}],"predecessor-version":[{"id":344,"href":"https:\/\/www.maidotips.com\/environment\/wp-json\/wp\/v2\/posts\/341\/revisions\/344"}],"wp:attachment":[{"href":"https:\/\/www.maidotips.com\/environment\/wp-json\/wp\/v2\/media?parent=341"}],"wp:term":[{"taxonomy":"category","embeddable":true,"href":"https:\/\/www.maidotips.com\/environment\/wp-json\/wp\/v2\/categories?post=341"},{"taxonomy":"post_tag","embeddable":true,"href":"https:\/\/www.maidotips.com\/environment\/wp-json\/wp\/v2\/tags?post=341"}],"curies":[{"name":"wp","href":"https:\/\/api.w.org\/{rel}","templated":true}]}}