{"id":387,"date":"2015-02-03T13:51:57","date_gmt":"2015-02-03T11:51:57","guid":{"rendered":"https:\/\/www.maidotips.com\/environment\/?p=387"},"modified":"2015-02-03T13:51:57","modified_gmt":"2015-02-03T11:51:57","slug":"enero-una-quincena-con-mucho-viento-y-la-otra-no-en-cual-crees-que-has-pagado-la-luz-mas-cara","status":"publish","type":"post","link":"https:\/\/www.maidotips.com\/environment\/enero-una-quincena-con-mucho-viento-y-la-otra-no-en-cual-crees-que-has-pagado-la-luz-mas-cara\/","title":{"rendered":"Enero, una quincena con mucho viento y la otra no: \u00bfen cu\u00e1l crees que has pagado la luz m\u00e1s cara?"},"content":{"rendered":"<p>[rax-google-adsense-1]<\/p>\n<p>La <a href=\"http:\/\/www.aeeolica.org\" target=\"_blank\"><strong>Asociaci\u00f3n Empresarial E\u00f3lica (AEE)<\/strong><\/a> se hace hoy una de esas preguntas que se entienden muy bien. Y que tiene una respuesta clara: cuando sopla el viento baja el precio de la electricidad. Sus datos difieren levemente de los aportados por <a href=\"http:\/\/www.energias-renovables.com\/articulo\/electricidad-en-enero-mas-carbon-mas-cara-20150202\" target=\"_blank\"><strong>REE<\/strong><\/a> porque AEE incluye el d\u00eda 31 de enero. Que fue, por cierto, muy ventoso.<\/p>\n<p><a><img data-recalc-dims=\"1\" decoding=\"async\" class=\"foto_flota_izq\" title=\"Enero, una quincena con mucho viento y la otra no: \u00bfen cu\u00e1l crees que has pagado la luz m\u00e1s cara?\" src=\"https:\/\/i0.wp.com\/www.energias-renovables.com\/ficheroenergias\/fotos\/eolica\/ampliada\/e\/3eolica-y-precio-electricidad.jpg?w=780\" alt=\"Enero, una quincena con mucho viento y la otra no: \u00bfen cu\u00e1l crees que has pagado la luz m\u00e1s cara?\"  \/><\/a><\/p>\n<div class=\"div_opacidad\"><span class=\"titulo_opacidad\">Fuente: REE, OMIE y elaboraci\u00f3n AEE<\/span><\/div>\n<p>La generaci\u00f3n e\u00f3lica en enero ha sido de 4.958 GWh y ha cubierto el 21,4% de las necesidades de los espa\u00f1oles de electricidad, lo que la sit\u00faa como la segunda tecnolog\u00eda del sistema en el mes (detr\u00e1s de la nuclear).<\/p>\n<p>Mientras en la primera quincena de enero apenas sopl\u00f3 el viento, en la segunda s\u00ed lo hizo, lo que ha provocado precios en el mercado mayorista considerablemente m\u00e1s altos en los primeros quince d\u00edas.<\/p>\n<p>En la primera quincena, la cobertura de la demanda con e\u00f3lica fue escasa, del 13,7%, y el precio medio del mercado diario se situ\u00f3 en 55,67\u20ac\/MWh. En la segunda quincena (16 d\u00edas incluido el 31), con una cobertura de la demanda con e\u00f3lica de m\u00e1s del doble, del 29%, el precio del pool baj\u00f3 un 14% respecto a los primeros quince d\u00edas, hasta 47,78 \u20ac\/MWh.<\/p>\n<p>Fuente: energias-renovables.com<\/p>\n<p>[rax-google-adsense-1]<\/p>\n","protected":false},"excerpt":{"rendered":"<p>[rax-google-adsense-1] La Asociaci\u00f3n Empresarial E\u00f3lica (AEE) se hace hoy una de esas preguntas que se entienden muy bien. Y que tiene una respuesta clara: cuando sopla el viento baja el precio de la electricidad. Sus datos difieren levemente de los aportados por REE porque AEE incluye el d\u00eda 31 de enero. Que fue, por cierto, <a class=\"more-link\" href=\"https:\/\/www.maidotips.com\/environment\/enero-una-quincena-con-mucho-viento-y-la-otra-no-en-cual-crees-que-has-pagado-la-luz-mas-cara\/\">Leer m\u00e1s &#8230;<\/a><\/p>\n","protected":false},"author":1,"featured_media":0,"comment_status":"closed","ping_status":"open","sticky":false,"template":"","format":"standard","meta":{"_monsterinsights_skip_tracking":false,"_monsterinsights_sitenote_active":false,"_monsterinsights_sitenote_note":"","_monsterinsights_sitenote_category":0,"jetpack_post_was_ever_published":false,"_jetpack_newsletter_access":"","_jetpack_dont_email_post_to_subs":false,"_jetpack_newsletter_tier_id":0,"_jetpack_memberships_contains_paywalled_content":false,"_jetpack_memberships_contains_paid_content":false,"footnotes":""},"categories":[1],"tags":[],"class_list":["post-387","post","type-post","status-publish","format-standard","hentry","category-energias-renovables"],"yoast_head":"<!-- This site is optimized with the Yoast SEO plugin v24.8.1 - https:\/\/yoast.com\/wordpress\/plugins\/seo\/ -->\n<title>Enero, una quincena con mucho viento y la otra no: \u00bfen cu\u00e1l crees que has pagado la luz m\u00e1s cara? - BLOG de ENERGIAS RENOVABLES yTECNOLOGIA<\/title>\n<meta name=\"robots\" content=\"index, follow, max-snippet:-1, max-image-preview:large, max-video-preview:-1\" \/>\n<link rel=\"canonical\" href=\"https:\/\/www.maidotips.com\/environment\/enero-una-quincena-con-mucho-viento-y-la-otra-no-en-cual-crees-que-has-pagado-la-luz-mas-cara\/\" \/>\n<meta property=\"og:locale\" content=\"es_ES\" \/>\n<meta property=\"og:type\" content=\"article\" \/>\n<meta property=\"og:title\" content=\"Enero, una quincena con mucho viento y la otra no: \u00bfen cu\u00e1l crees que has pagado la luz m\u00e1s cara? - BLOG de ENERGIAS RENOVABLES yTECNOLOGIA\" \/>\n<meta property=\"og:description\" content=\"[rax-google-adsense-1] La Asociaci\u00f3n Empresarial E\u00f3lica (AEE) se hace hoy una de esas preguntas que se entienden muy bien. Y que tiene una respuesta clara: cuando sopla el viento baja el precio de la electricidad. Sus datos difieren levemente de los aportados por REE porque AEE incluye el d\u00eda 31 de enero. Que fue, por cierto, Leer m\u00e1s ...\" \/>\n<meta property=\"og:url\" content=\"https:\/\/www.maidotips.com\/environment\/enero-una-quincena-con-mucho-viento-y-la-otra-no-en-cual-crees-que-has-pagado-la-luz-mas-cara\/\" \/>\n<meta property=\"og:site_name\" content=\"BLOG de ENERGIAS RENOVABLES yTECNOLOGIA\" \/>\n<meta property=\"article:publisher\" content=\"https:\/\/www.facebook.com\/Energiasrenovablesytecnologia\/\" \/>\n<meta property=\"article:published_time\" content=\"2015-02-03T11:51:57+00:00\" \/>\n<meta property=\"og:image\" content=\"http:\/\/www.energias-renovables.com\/ficheroenergias\/fotos\/eolica\/ampliada\/e\/3eolica-y-precio-electricidad.jpg\" \/>\n<meta name=\"author\" content=\"admin\" \/>\n<meta name=\"twitter:card\" content=\"summary_large_image\" \/>\n<meta name=\"twitter:label1\" content=\"Escrito por\" \/>\n\t<meta name=\"twitter:data1\" content=\"admin\" \/>\n\t<meta name=\"twitter:label2\" content=\"Tiempo de lectura\" \/>\n\t<meta name=\"twitter:data2\" content=\"1 minuto\" \/>\n<script type=\"application\/ld+json\" class=\"yoast-schema-graph\">{\"@context\":\"https:\/\/schema.org\",\"@graph\":[{\"@type\":\"WebPage\",\"@id\":\"https:\/\/www.maidotips.com\/environment\/enero-una-quincena-con-mucho-viento-y-la-otra-no-en-cual-crees-que-has-pagado-la-luz-mas-cara\/\",\"url\":\"https:\/\/www.maidotips.com\/environment\/enero-una-quincena-con-mucho-viento-y-la-otra-no-en-cual-crees-que-has-pagado-la-luz-mas-cara\/\",\"name\":\"Enero, una quincena con mucho viento y la otra no: \u00bfen cu\u00e1l crees que has pagado la luz m\u00e1s cara? - BLOG de ENERGIAS RENOVABLES yTECNOLOGIA\",\"isPartOf\":{\"@id\":\"https:\/\/www.maidotips.com\/environment\/#website\"},\"primaryImageOfPage\":{\"@id\":\"https:\/\/www.maidotips.com\/environment\/enero-una-quincena-con-mucho-viento-y-la-otra-no-en-cual-crees-que-has-pagado-la-luz-mas-cara\/#primaryimage\"},\"image\":{\"@id\":\"https:\/\/www.maidotips.com\/environment\/enero-una-quincena-con-mucho-viento-y-la-otra-no-en-cual-crees-que-has-pagado-la-luz-mas-cara\/#primaryimage\"},\"thumbnailUrl\":\"http:\/\/www.energias-renovables.com\/ficheroenergias\/fotos\/eolica\/ampliada\/e\/3eolica-y-precio-electricidad.jpg\",\"datePublished\":\"2015-02-03T11:51:57+00:00\",\"author\":{\"@id\":\"https:\/\/www.maidotips.com\/environment\/#\/schema\/person\/c9b890f523795aa69b81a95dee06d804\"},\"breadcrumb\":{\"@id\":\"https:\/\/www.maidotips.com\/environment\/enero-una-quincena-con-mucho-viento-y-la-otra-no-en-cual-crees-que-has-pagado-la-luz-mas-cara\/#breadcrumb\"},\"inLanguage\":\"es\",\"potentialAction\":[{\"@type\":\"ReadAction\",\"target\":[\"https:\/\/www.maidotips.com\/environment\/enero-una-quincena-con-mucho-viento-y-la-otra-no-en-cual-crees-que-has-pagado-la-luz-mas-cara\/\"]}]},{\"@type\":\"ImageObject\",\"inLanguage\":\"es\",\"@id\":\"https:\/\/www.maidotips.com\/environment\/enero-una-quincena-con-mucho-viento-y-la-otra-no-en-cual-crees-que-has-pagado-la-luz-mas-cara\/#primaryimage\",\"url\":\"http:\/\/www.energias-renovables.com\/ficheroenergias\/fotos\/eolica\/ampliada\/e\/3eolica-y-precio-electricidad.jpg\",\"contentUrl\":\"http:\/\/www.energias-renovables.com\/ficheroenergias\/fotos\/eolica\/ampliada\/e\/3eolica-y-precio-electricidad.jpg\"},{\"@type\":\"BreadcrumbList\",\"@id\":\"https:\/\/www.maidotips.com\/environment\/enero-una-quincena-con-mucho-viento-y-la-otra-no-en-cual-crees-que-has-pagado-la-luz-mas-cara\/#breadcrumb\",\"itemListElement\":[{\"@type\":\"ListItem\",\"position\":1,\"name\":\"Portada\",\"item\":\"https:\/\/www.maidotips.com\/environment\/\"},{\"@type\":\"ListItem\",\"position\":2,\"name\":\"Enero, una quincena con mucho viento y la otra no: \u00bfen cu\u00e1l crees que has pagado la luz m\u00e1s cara?\"}]},{\"@type\":\"WebSite\",\"@id\":\"https:\/\/www.maidotips.com\/environment\/#website\",\"url\":\"https:\/\/www.maidotips.com\/environment\/\",\"name\":\"BLOG de ENERGIAS RENOVABLES yTECNOLOGIA\",\"description\":\"BLOG sobre la energia verde y TECNOLOGIA\",\"potentialAction\":[{\"@type\":\"SearchAction\",\"target\":{\"@type\":\"EntryPoint\",\"urlTemplate\":\"https:\/\/www.maidotips.com\/environment\/?s={search_term_string}\"},\"query-input\":{\"@type\":\"PropertyValueSpecification\",\"valueRequired\":true,\"valueName\":\"search_term_string\"}}],\"inLanguage\":\"es\"},{\"@type\":\"Person\",\"@id\":\"https:\/\/www.maidotips.com\/environment\/#\/schema\/person\/c9b890f523795aa69b81a95dee06d804\",\"name\":\"admin\",\"url\":\"https:\/\/www.maidotips.com\/environment\/author\/admin\/\"}]}<\/script>\n<!-- \/ Yoast SEO plugin. -->","yoast_head_json":{"title":"Enero, una quincena con mucho viento y la otra no: \u00bfen cu\u00e1l crees que has pagado la luz m\u00e1s cara? - BLOG de ENERGIAS RENOVABLES yTECNOLOGIA","robots":{"index":"index","follow":"follow","max-snippet":"max-snippet:-1","max-image-preview":"max-image-preview:large","max-video-preview":"max-video-preview:-1"},"canonical":"https:\/\/www.maidotips.com\/environment\/enero-una-quincena-con-mucho-viento-y-la-otra-no-en-cual-crees-que-has-pagado-la-luz-mas-cara\/","og_locale":"es_ES","og_type":"article","og_title":"Enero, una quincena con mucho viento y la otra no: \u00bfen cu\u00e1l crees que has pagado la luz m\u00e1s cara? - BLOG de ENERGIAS RENOVABLES yTECNOLOGIA","og_description":"[rax-google-adsense-1] La Asociaci\u00f3n Empresarial E\u00f3lica (AEE) se hace hoy una de esas preguntas que se entienden muy bien. Y que tiene una respuesta clara: cuando sopla el viento baja el precio de la electricidad. Sus datos difieren levemente de los aportados por REE porque AEE incluye el d\u00eda 31 de enero. Que fue, por cierto, Leer m\u00e1s ...","og_url":"https:\/\/www.maidotips.com\/environment\/enero-una-quincena-con-mucho-viento-y-la-otra-no-en-cual-crees-que-has-pagado-la-luz-mas-cara\/","og_site_name":"BLOG de ENERGIAS RENOVABLES yTECNOLOGIA","article_publisher":"https:\/\/www.facebook.com\/Energiasrenovablesytecnologia\/","article_published_time":"2015-02-03T11:51:57+00:00","og_image":[{"url":"http:\/\/www.energias-renovables.com\/ficheroenergias\/fotos\/eolica\/ampliada\/e\/3eolica-y-precio-electricidad.jpg","type":"","width":"","height":""}],"author":"admin","twitter_card":"summary_large_image","twitter_misc":{"Escrito por":"admin","Tiempo de lectura":"1 minuto"},"schema":{"@context":"https:\/\/schema.org","@graph":[{"@type":"WebPage","@id":"https:\/\/www.maidotips.com\/environment\/enero-una-quincena-con-mucho-viento-y-la-otra-no-en-cual-crees-que-has-pagado-la-luz-mas-cara\/","url":"https:\/\/www.maidotips.com\/environment\/enero-una-quincena-con-mucho-viento-y-la-otra-no-en-cual-crees-que-has-pagado-la-luz-mas-cara\/","name":"Enero, una quincena con mucho viento y la otra no: \u00bfen cu\u00e1l crees que has pagado la luz m\u00e1s cara? - BLOG de ENERGIAS RENOVABLES yTECNOLOGIA","isPartOf":{"@id":"https:\/\/www.maidotips.com\/environment\/#website"},"primaryImageOfPage":{"@id":"https:\/\/www.maidotips.com\/environment\/enero-una-quincena-con-mucho-viento-y-la-otra-no-en-cual-crees-que-has-pagado-la-luz-mas-cara\/#primaryimage"},"image":{"@id":"https:\/\/www.maidotips.com\/environment\/enero-una-quincena-con-mucho-viento-y-la-otra-no-en-cual-crees-que-has-pagado-la-luz-mas-cara\/#primaryimage"},"thumbnailUrl":"http:\/\/www.energias-renovables.com\/ficheroenergias\/fotos\/eolica\/ampliada\/e\/3eolica-y-precio-electricidad.jpg","datePublished":"2015-02-03T11:51:57+00:00","author":{"@id":"https:\/\/www.maidotips.com\/environment\/#\/schema\/person\/c9b890f523795aa69b81a95dee06d804"},"breadcrumb":{"@id":"https:\/\/www.maidotips.com\/environment\/enero-una-quincena-con-mucho-viento-y-la-otra-no-en-cual-crees-que-has-pagado-la-luz-mas-cara\/#breadcrumb"},"inLanguage":"es","potentialAction":[{"@type":"ReadAction","target":["https:\/\/www.maidotips.com\/environment\/enero-una-quincena-con-mucho-viento-y-la-otra-no-en-cual-crees-que-has-pagado-la-luz-mas-cara\/"]}]},{"@type":"ImageObject","inLanguage":"es","@id":"https:\/\/www.maidotips.com\/environment\/enero-una-quincena-con-mucho-viento-y-la-otra-no-en-cual-crees-que-has-pagado-la-luz-mas-cara\/#primaryimage","url":"http:\/\/www.energias-renovables.com\/ficheroenergias\/fotos\/eolica\/ampliada\/e\/3eolica-y-precio-electricidad.jpg","contentUrl":"http:\/\/www.energias-renovables.com\/ficheroenergias\/fotos\/eolica\/ampliada\/e\/3eolica-y-precio-electricidad.jpg"},{"@type":"BreadcrumbList","@id":"https:\/\/www.maidotips.com\/environment\/enero-una-quincena-con-mucho-viento-y-la-otra-no-en-cual-crees-que-has-pagado-la-luz-mas-cara\/#breadcrumb","itemListElement":[{"@type":"ListItem","position":1,"name":"Portada","item":"https:\/\/www.maidotips.com\/environment\/"},{"@type":"ListItem","position":2,"name":"Enero, una quincena con mucho viento y la otra no: \u00bfen cu\u00e1l crees que has pagado la luz m\u00e1s cara?"}]},{"@type":"WebSite","@id":"https:\/\/www.maidotips.com\/environment\/#website","url":"https:\/\/www.maidotips.com\/environment\/","name":"BLOG de ENERGIAS RENOVABLES yTECNOLOGIA","description":"BLOG sobre la energia verde y TECNOLOGIA","potentialAction":[{"@type":"SearchAction","target":{"@type":"EntryPoint","urlTemplate":"https:\/\/www.maidotips.com\/environment\/?s={search_term_string}"},"query-input":{"@type":"PropertyValueSpecification","valueRequired":true,"valueName":"search_term_string"}}],"inLanguage":"es"},{"@type":"Person","@id":"https:\/\/www.maidotips.com\/environment\/#\/schema\/person\/c9b890f523795aa69b81a95dee06d804","name":"admin","url":"https:\/\/www.maidotips.com\/environment\/author\/admin\/"}]}},"jetpack_featured_media_url":"","jetpack_shortlink":"https:\/\/wp.me\/pbBd6N-6f","jetpack-related-posts":[],"jetpack_likes_enabled":true,"jetpack_sharing_enabled":true,"_links":{"self":[{"href":"https:\/\/www.maidotips.com\/environment\/wp-json\/wp\/v2\/posts\/387","targetHints":{"allow":["GET"]}}],"collection":[{"href":"https:\/\/www.maidotips.com\/environment\/wp-json\/wp\/v2\/posts"}],"about":[{"href":"https:\/\/www.maidotips.com\/environment\/wp-json\/wp\/v2\/types\/post"}],"author":[{"embeddable":true,"href":"https:\/\/www.maidotips.com\/environment\/wp-json\/wp\/v2\/users\/1"}],"replies":[{"embeddable":true,"href":"https:\/\/www.maidotips.com\/environment\/wp-json\/wp\/v2\/comments?post=387"}],"version-history":[{"count":1,"href":"https:\/\/www.maidotips.com\/environment\/wp-json\/wp\/v2\/posts\/387\/revisions"}],"predecessor-version":[{"id":388,"href":"https:\/\/www.maidotips.com\/environment\/wp-json\/wp\/v2\/posts\/387\/revisions\/388"}],"wp:attachment":[{"href":"https:\/\/www.maidotips.com\/environment\/wp-json\/wp\/v2\/media?parent=387"}],"wp:term":[{"taxonomy":"category","embeddable":true,"href":"https:\/\/www.maidotips.com\/environment\/wp-json\/wp\/v2\/categories?post=387"},{"taxonomy":"post_tag","embeddable":true,"href":"https:\/\/www.maidotips.com\/environment\/wp-json\/wp\/v2\/tags?post=387"}],"curies":[{"name":"wp","href":"https:\/\/api.w.org\/{rel}","templated":true}]}}