{"id":397,"date":"2015-02-10T16:42:35","date_gmt":"2015-02-10T14:42:35","guid":{"rendered":"https:\/\/www.maidotips.com\/environment\/?p=397"},"modified":"2015-02-10T16:44:21","modified_gmt":"2015-02-10T14:44:21","slug":"la-comarca-de-osona-un-buen-ejemplo-para-el-arranque-de-la-fira-de-biomassa-forestal","status":"publish","type":"post","link":"https:\/\/www.maidotips.com\/environment\/la-comarca-de-osona-un-buen-ejemplo-para-el-arranque-de-la-fira-de-biomassa-forestal\/","title":{"rendered":"La comarca de Osona, un buen ejemplo para el arranque de la Fira de Biomassa Forestal"},"content":{"rendered":"<p>[rax-google-adsense-3]<\/p>\n<p>Veintisiete instalaciones de biomasa en 18 ayuntamientos de la comarca de Osona, entre los que se encuentra el municipio de Vic (Barcelona), 214.000 euros de ahorro en los \u00faltimos tres a\u00f1os y seis empresas creadas en torno al suministro de astillas y p\u00e9lets. Datos como estos jalonaron ayer la presentaci\u00f3n de la 4\u00aa Fira de Biomassa de Catalunya (19 al 21 de febrero en Vic). El alcalde de Vic, Josep Maria Vila d\u2019Abadal, afirm\u00f3 que su municipio \u201capuesta por la biomasa y con la feria contribuye a desarrollar este sector de futuro\u00bb.<\/p>\n<p><a><img data-recalc-dims=\"1\" decoding=\"async\" class=\"foto_flota_izq\" title=\"La comarca de Osona, un buen ejemplo para el arranque de la Fira de Biomassa Forestal\" src=\"https:\/\/i0.wp.com\/www.energias-renovables.com\/ficheroenergias\/fotos\/biomasa\/ampliada\/f\/2fira_biomassa.jpg?w=780\" alt=\"La comarca de Osona, un buen ejemplo para el arranque de la Fira de Biomassa Forestal\"  \/><\/a><\/p>\n<p>Con los principales datos de expositores, jornadas, conferencias, <a href=\"http:\/\/www.energias-renovables.com\/articulo\/vic-acogera-la-4-fira-de-biomassa-20150128\" target=\"_blank\">visitas guiadas y talleres ya definidos<\/a> y la intenci\u00f3n de que a partir de esta edici\u00f3n se celebre cada dos a\u00f1os, se present\u00f3 ayer oficialmente la <a href=\"http:\/\/www.firabiomassa.cat\/\" target=\"_blank\">4\u00aa Fira de Biomassa de Catalunya<\/a>. Durante el acto, el alcalde de Vic recalc\u00f3 el papel de la feria como \u00fanica en su g\u00e9nero (sobre aprovechamiento energ\u00e9tico de biomasa forestal) y la apuesta de su municipio en este sentido. Adem\u00e1s del impulso a la feria, record\u00f3 que en 2012 su consistorio aprob\u00f3 una moci\u00f3n para que la energ\u00eda utilizada en las instalaciones municipales s\u00f3lo proceda de la biomasa o la geotermia.<\/p>\n<p>Esta apuesta ha permitido que la comarca en la que se enmarca Vic, la de Osona, sea un referente para el sector. As\u00ed lo expuso el presidente del Consell Comarcal d\u2019Osona, Joan Roca, quien recordo que \u201cen 2012 el consumo energ\u00e9tico procedente de la biomasa para uso t\u00e9rmico era nulo, mientras que ahora supone un 8% del total\u201d.<\/p>\n<p><strong>214.000 euros de ahorro<\/strong><br \/>\nJoan Roca detall\u00f3 tambi\u00e9n que en la actualidad hay 27 instalaciones de biomasa en 18 ayuntamientos, y tres en curso. \u201cEstas instalaciones han gastado 130.000 euros en p\u00e9lets, que en caso de utilizar combustibles f\u00f3siles hubieran supuesto 344.000 euros; por lo tanto, ha conllevado el ahorro durante estos a\u00f1os de 214.000 euros\u00bb. Por \u00faltimo, Roca a\u00f1adi\u00f3 que \u201cdurante este tiempo se han creado en Osona cinco empresas de suministro de astilla y una de p\u00e9lets\u201d.<\/p>\n<p>En la presentaci\u00f3n intervino tambi\u00e9n Merc\u00e8 Rius, directora del Institut Catal\u00e0 d\u2019Energia (Icaen), quien remarc\u00f3 el apoyo que el Gobierno catal\u00e1n da al sector: \u00abel aprovechamiento energ\u00e9tico de la biomasa forestal forma parte de las l\u00edneas program\u00e1ticas de la Generalitat y se le apoya desde diferentes departamentos por los beneficios energ\u00e9ticos, ambientales y econ\u00f3micos que conlleva\u00bb. Para reforzar esta l\u00ednea habl\u00f3 tambi\u00e9n el subdirector general de Boscos del Departament d\u2019Agricultura, Ramaderia, Pesca, Alimentaci\u00f3 i Medi Natural, Xavier Clop\u00e9s. Desde otros \u00e1mbitos, intervinieron el presidentet del Centre Propietat Forestal, Josep Maria de Ribot; Mart\u00ed Boada, en representaci\u00f3n del Institut Catal\u00e0 de Tecnologia Aliment\u00e0ria); y la directora de Fires i Mercats del Ayuntamiento de Vic, Montserrat Rovira.<\/p>\n<p>Fuente : energias-renovables.com<\/p>\n<p>[rax-google-adsense-3]<\/p>\n<p>&nbsp;<\/p>\n","protected":false},"excerpt":{"rendered":"<p>[rax-google-adsense-3] Veintisiete instalaciones de biomasa en 18 ayuntamientos de la comarca de Osona, entre los que se encuentra el municipio de Vic (Barcelona), 214.000 euros de ahorro en los \u00faltimos tres a\u00f1os y seis empresas creadas en torno al suministro de astillas y p\u00e9lets. Datos como estos jalonaron ayer la presentaci\u00f3n de la 4\u00aa Fira <a class=\"more-link\" href=\"https:\/\/www.maidotips.com\/environment\/la-comarca-de-osona-un-buen-ejemplo-para-el-arranque-de-la-fira-de-biomassa-forestal\/\">Leer m\u00e1s &#8230;<\/a><\/p>\n","protected":false},"author":1,"featured_media":0,"comment_status":"closed","ping_status":"open","sticky":false,"template":"","format":"standard","meta":{"_monsterinsights_skip_tracking":false,"_monsterinsights_sitenote_active":false,"_monsterinsights_sitenote_note":"","_monsterinsights_sitenote_category":0,"jetpack_post_was_ever_published":false,"_jetpack_newsletter_access":"","_jetpack_dont_email_post_to_subs":false,"_jetpack_newsletter_tier_id":0,"_jetpack_memberships_contains_paywalled_content":false,"_jetpack_memberships_contains_paid_content":false,"footnotes":""},"categories":[1],"tags":[],"class_list":["post-397","post","type-post","status-publish","format-standard","hentry","category-energias-renovables"],"yoast_head":"<!-- This site is optimized with the Yoast SEO plugin v24.8.1 - https:\/\/yoast.com\/wordpress\/plugins\/seo\/ -->\n<title>La comarca de Osona, un buen ejemplo para el arranque de la Fira de Biomassa Forestal - BLOG de ENERGIAS RENOVABLES yTECNOLOGIA<\/title>\n<meta name=\"robots\" content=\"index, follow, max-snippet:-1, max-image-preview:large, max-video-preview:-1\" \/>\n<link rel=\"canonical\" href=\"https:\/\/www.maidotips.com\/environment\/la-comarca-de-osona-un-buen-ejemplo-para-el-arranque-de-la-fira-de-biomassa-forestal\/\" \/>\n<meta property=\"og:locale\" content=\"es_ES\" \/>\n<meta property=\"og:type\" content=\"article\" \/>\n<meta property=\"og:title\" content=\"La comarca de Osona, un buen ejemplo para el arranque de la Fira de Biomassa Forestal - BLOG de ENERGIAS RENOVABLES yTECNOLOGIA\" \/>\n<meta property=\"og:description\" content=\"[rax-google-adsense-3] Veintisiete instalaciones de biomasa en 18 ayuntamientos de la comarca de Osona, entre los que se encuentra el municipio de Vic (Barcelona), 214.000 euros de ahorro en los \u00faltimos tres a\u00f1os y seis empresas creadas en torno al suministro de astillas y p\u00e9lets. Datos como estos jalonaron ayer la presentaci\u00f3n de la 4\u00aa Fira Leer m\u00e1s ...\" \/>\n<meta property=\"og:url\" content=\"https:\/\/www.maidotips.com\/environment\/la-comarca-de-osona-un-buen-ejemplo-para-el-arranque-de-la-fira-de-biomassa-forestal\/\" \/>\n<meta property=\"og:site_name\" content=\"BLOG de ENERGIAS RENOVABLES yTECNOLOGIA\" \/>\n<meta property=\"article:publisher\" content=\"https:\/\/www.facebook.com\/Energiasrenovablesytecnologia\/\" \/>\n<meta property=\"article:published_time\" content=\"2015-02-10T14:42:35+00:00\" \/>\n<meta property=\"article:modified_time\" content=\"2015-02-10T14:44:21+00:00\" \/>\n<meta property=\"og:image\" content=\"http:\/\/www.energias-renovables.com\/ficheroenergias\/fotos\/biomasa\/ampliada\/f\/2fira_biomassa.jpg\" \/>\n<meta name=\"author\" content=\"admin\" \/>\n<meta name=\"twitter:card\" content=\"summary_large_image\" \/>\n<meta name=\"twitter:label1\" content=\"Escrito por\" \/>\n\t<meta name=\"twitter:data1\" content=\"admin\" \/>\n\t<meta name=\"twitter:label2\" content=\"Tiempo de lectura\" \/>\n\t<meta name=\"twitter:data2\" content=\"2 minutos\" \/>\n<script type=\"application\/ld+json\" class=\"yoast-schema-graph\">{\"@context\":\"https:\/\/schema.org\",\"@graph\":[{\"@type\":\"WebPage\",\"@id\":\"https:\/\/www.maidotips.com\/environment\/la-comarca-de-osona-un-buen-ejemplo-para-el-arranque-de-la-fira-de-biomassa-forestal\/\",\"url\":\"https:\/\/www.maidotips.com\/environment\/la-comarca-de-osona-un-buen-ejemplo-para-el-arranque-de-la-fira-de-biomassa-forestal\/\",\"name\":\"La comarca de Osona, un buen ejemplo para el arranque de la Fira de Biomassa Forestal - BLOG de ENERGIAS RENOVABLES yTECNOLOGIA\",\"isPartOf\":{\"@id\":\"https:\/\/www.maidotips.com\/environment\/#website\"},\"primaryImageOfPage\":{\"@id\":\"https:\/\/www.maidotips.com\/environment\/la-comarca-de-osona-un-buen-ejemplo-para-el-arranque-de-la-fira-de-biomassa-forestal\/#primaryimage\"},\"image\":{\"@id\":\"https:\/\/www.maidotips.com\/environment\/la-comarca-de-osona-un-buen-ejemplo-para-el-arranque-de-la-fira-de-biomassa-forestal\/#primaryimage\"},\"thumbnailUrl\":\"http:\/\/www.energias-renovables.com\/ficheroenergias\/fotos\/biomasa\/ampliada\/f\/2fira_biomassa.jpg\",\"datePublished\":\"2015-02-10T14:42:35+00:00\",\"dateModified\":\"2015-02-10T14:44:21+00:00\",\"author\":{\"@id\":\"https:\/\/www.maidotips.com\/environment\/#\/schema\/person\/c9b890f523795aa69b81a95dee06d804\"},\"breadcrumb\":{\"@id\":\"https:\/\/www.maidotips.com\/environment\/la-comarca-de-osona-un-buen-ejemplo-para-el-arranque-de-la-fira-de-biomassa-forestal\/#breadcrumb\"},\"inLanguage\":\"es\",\"potentialAction\":[{\"@type\":\"ReadAction\",\"target\":[\"https:\/\/www.maidotips.com\/environment\/la-comarca-de-osona-un-buen-ejemplo-para-el-arranque-de-la-fira-de-biomassa-forestal\/\"]}]},{\"@type\":\"ImageObject\",\"inLanguage\":\"es\",\"@id\":\"https:\/\/www.maidotips.com\/environment\/la-comarca-de-osona-un-buen-ejemplo-para-el-arranque-de-la-fira-de-biomassa-forestal\/#primaryimage\",\"url\":\"http:\/\/www.energias-renovables.com\/ficheroenergias\/fotos\/biomasa\/ampliada\/f\/2fira_biomassa.jpg\",\"contentUrl\":\"http:\/\/www.energias-renovables.com\/ficheroenergias\/fotos\/biomasa\/ampliada\/f\/2fira_biomassa.jpg\"},{\"@type\":\"BreadcrumbList\",\"@id\":\"https:\/\/www.maidotips.com\/environment\/la-comarca-de-osona-un-buen-ejemplo-para-el-arranque-de-la-fira-de-biomassa-forestal\/#breadcrumb\",\"itemListElement\":[{\"@type\":\"ListItem\",\"position\":1,\"name\":\"Portada\",\"item\":\"https:\/\/www.maidotips.com\/environment\/\"},{\"@type\":\"ListItem\",\"position\":2,\"name\":\"La comarca de Osona, un buen ejemplo para el arranque de la Fira de Biomassa Forestal\"}]},{\"@type\":\"WebSite\",\"@id\":\"https:\/\/www.maidotips.com\/environment\/#website\",\"url\":\"https:\/\/www.maidotips.com\/environment\/\",\"name\":\"BLOG de ENERGIAS RENOVABLES yTECNOLOGIA\",\"description\":\"BLOG sobre la energia verde y TECNOLOGIA\",\"potentialAction\":[{\"@type\":\"SearchAction\",\"target\":{\"@type\":\"EntryPoint\",\"urlTemplate\":\"https:\/\/www.maidotips.com\/environment\/?s={search_term_string}\"},\"query-input\":{\"@type\":\"PropertyValueSpecification\",\"valueRequired\":true,\"valueName\":\"search_term_string\"}}],\"inLanguage\":\"es\"},{\"@type\":\"Person\",\"@id\":\"https:\/\/www.maidotips.com\/environment\/#\/schema\/person\/c9b890f523795aa69b81a95dee06d804\",\"name\":\"admin\",\"url\":\"https:\/\/www.maidotips.com\/environment\/author\/admin\/\"}]}<\/script>\n<!-- \/ Yoast SEO plugin. -->","yoast_head_json":{"title":"La comarca de Osona, un buen ejemplo para el arranque de la Fira de Biomassa Forestal - BLOG de ENERGIAS RENOVABLES yTECNOLOGIA","robots":{"index":"index","follow":"follow","max-snippet":"max-snippet:-1","max-image-preview":"max-image-preview:large","max-video-preview":"max-video-preview:-1"},"canonical":"https:\/\/www.maidotips.com\/environment\/la-comarca-de-osona-un-buen-ejemplo-para-el-arranque-de-la-fira-de-biomassa-forestal\/","og_locale":"es_ES","og_type":"article","og_title":"La comarca de Osona, un buen ejemplo para el arranque de la Fira de Biomassa Forestal - BLOG de ENERGIAS RENOVABLES yTECNOLOGIA","og_description":"[rax-google-adsense-3] Veintisiete instalaciones de biomasa en 18 ayuntamientos de la comarca de Osona, entre los que se encuentra el municipio de Vic (Barcelona), 214.000 euros de ahorro en los \u00faltimos tres a\u00f1os y seis empresas creadas en torno al suministro de astillas y p\u00e9lets. Datos como estos jalonaron ayer la presentaci\u00f3n de la 4\u00aa Fira Leer m\u00e1s ...","og_url":"https:\/\/www.maidotips.com\/environment\/la-comarca-de-osona-un-buen-ejemplo-para-el-arranque-de-la-fira-de-biomassa-forestal\/","og_site_name":"BLOG de ENERGIAS RENOVABLES yTECNOLOGIA","article_publisher":"https:\/\/www.facebook.com\/Energiasrenovablesytecnologia\/","article_published_time":"2015-02-10T14:42:35+00:00","article_modified_time":"2015-02-10T14:44:21+00:00","og_image":[{"url":"http:\/\/www.energias-renovables.com\/ficheroenergias\/fotos\/biomasa\/ampliada\/f\/2fira_biomassa.jpg","type":"","width":"","height":""}],"author":"admin","twitter_card":"summary_large_image","twitter_misc":{"Escrito por":"admin","Tiempo de lectura":"2 minutos"},"schema":{"@context":"https:\/\/schema.org","@graph":[{"@type":"WebPage","@id":"https:\/\/www.maidotips.com\/environment\/la-comarca-de-osona-un-buen-ejemplo-para-el-arranque-de-la-fira-de-biomassa-forestal\/","url":"https:\/\/www.maidotips.com\/environment\/la-comarca-de-osona-un-buen-ejemplo-para-el-arranque-de-la-fira-de-biomassa-forestal\/","name":"La comarca de Osona, un buen ejemplo para el arranque de la Fira de Biomassa Forestal - BLOG de ENERGIAS RENOVABLES yTECNOLOGIA","isPartOf":{"@id":"https:\/\/www.maidotips.com\/environment\/#website"},"primaryImageOfPage":{"@id":"https:\/\/www.maidotips.com\/environment\/la-comarca-de-osona-un-buen-ejemplo-para-el-arranque-de-la-fira-de-biomassa-forestal\/#primaryimage"},"image":{"@id":"https:\/\/www.maidotips.com\/environment\/la-comarca-de-osona-un-buen-ejemplo-para-el-arranque-de-la-fira-de-biomassa-forestal\/#primaryimage"},"thumbnailUrl":"http:\/\/www.energias-renovables.com\/ficheroenergias\/fotos\/biomasa\/ampliada\/f\/2fira_biomassa.jpg","datePublished":"2015-02-10T14:42:35+00:00","dateModified":"2015-02-10T14:44:21+00:00","author":{"@id":"https:\/\/www.maidotips.com\/environment\/#\/schema\/person\/c9b890f523795aa69b81a95dee06d804"},"breadcrumb":{"@id":"https:\/\/www.maidotips.com\/environment\/la-comarca-de-osona-un-buen-ejemplo-para-el-arranque-de-la-fira-de-biomassa-forestal\/#breadcrumb"},"inLanguage":"es","potentialAction":[{"@type":"ReadAction","target":["https:\/\/www.maidotips.com\/environment\/la-comarca-de-osona-un-buen-ejemplo-para-el-arranque-de-la-fira-de-biomassa-forestal\/"]}]},{"@type":"ImageObject","inLanguage":"es","@id":"https:\/\/www.maidotips.com\/environment\/la-comarca-de-osona-un-buen-ejemplo-para-el-arranque-de-la-fira-de-biomassa-forestal\/#primaryimage","url":"http:\/\/www.energias-renovables.com\/ficheroenergias\/fotos\/biomasa\/ampliada\/f\/2fira_biomassa.jpg","contentUrl":"http:\/\/www.energias-renovables.com\/ficheroenergias\/fotos\/biomasa\/ampliada\/f\/2fira_biomassa.jpg"},{"@type":"BreadcrumbList","@id":"https:\/\/www.maidotips.com\/environment\/la-comarca-de-osona-un-buen-ejemplo-para-el-arranque-de-la-fira-de-biomassa-forestal\/#breadcrumb","itemListElement":[{"@type":"ListItem","position":1,"name":"Portada","item":"https:\/\/www.maidotips.com\/environment\/"},{"@type":"ListItem","position":2,"name":"La comarca de Osona, un buen ejemplo para el arranque de la Fira de Biomassa Forestal"}]},{"@type":"WebSite","@id":"https:\/\/www.maidotips.com\/environment\/#website","url":"https:\/\/www.maidotips.com\/environment\/","name":"BLOG de ENERGIAS RENOVABLES yTECNOLOGIA","description":"BLOG sobre la energia verde y TECNOLOGIA","potentialAction":[{"@type":"SearchAction","target":{"@type":"EntryPoint","urlTemplate":"https:\/\/www.maidotips.com\/environment\/?s={search_term_string}"},"query-input":{"@type":"PropertyValueSpecification","valueRequired":true,"valueName":"search_term_string"}}],"inLanguage":"es"},{"@type":"Person","@id":"https:\/\/www.maidotips.com\/environment\/#\/schema\/person\/c9b890f523795aa69b81a95dee06d804","name":"admin","url":"https:\/\/www.maidotips.com\/environment\/author\/admin\/"}]}},"jetpack_featured_media_url":"","jetpack_shortlink":"https:\/\/wp.me\/pbBd6N-6p","jetpack-related-posts":[],"jetpack_likes_enabled":true,"jetpack_sharing_enabled":true,"_links":{"self":[{"href":"https:\/\/www.maidotips.com\/environment\/wp-json\/wp\/v2\/posts\/397","targetHints":{"allow":["GET"]}}],"collection":[{"href":"https:\/\/www.maidotips.com\/environment\/wp-json\/wp\/v2\/posts"}],"about":[{"href":"https:\/\/www.maidotips.com\/environment\/wp-json\/wp\/v2\/types\/post"}],"author":[{"embeddable":true,"href":"https:\/\/www.maidotips.com\/environment\/wp-json\/wp\/v2\/users\/1"}],"replies":[{"embeddable":true,"href":"https:\/\/www.maidotips.com\/environment\/wp-json\/wp\/v2\/comments?post=397"}],"version-history":[{"count":2,"href":"https:\/\/www.maidotips.com\/environment\/wp-json\/wp\/v2\/posts\/397\/revisions"}],"predecessor-version":[{"id":399,"href":"https:\/\/www.maidotips.com\/environment\/wp-json\/wp\/v2\/posts\/397\/revisions\/399"}],"wp:attachment":[{"href":"https:\/\/www.maidotips.com\/environment\/wp-json\/wp\/v2\/media?parent=397"}],"wp:term":[{"taxonomy":"category","embeddable":true,"href":"https:\/\/www.maidotips.com\/environment\/wp-json\/wp\/v2\/categories?post=397"},{"taxonomy":"post_tag","embeddable":true,"href":"https:\/\/www.maidotips.com\/environment\/wp-json\/wp\/v2\/tags?post=397"}],"curies":[{"name":"wp","href":"https:\/\/api.w.org\/{rel}","templated":true}]}}