{"id":403,"date":"2015-02-10T16:57:09","date_gmt":"2015-02-10T14:57:09","guid":{"rendered":"https:\/\/www.maidotips.com\/environment\/?p=403"},"modified":"2015-02-12T17:16:34","modified_gmt":"2015-02-12T15:16:34","slug":"feria-biomassa-forestal-de-catalunya-vic","status":"publish","type":"post","link":"https:\/\/www.maidotips.com\/environment\/feria-biomassa-forestal-de-catalunya-vic\/","title":{"rendered":"Feria Biomassa Forestal de Catalunya (Vic)"},"content":{"rendered":"<p>[rax-google-adsense-1]<\/p>\n<p>El Ayuntamiento de Vic (Ferias y Mercados) la Generalitat de Catalun\u00f1a, a trav\u00e9s del Centro de la Propiedad Forestal, el Instituto Catal\u00e1n de Energ\u00eda y la Direcci\u00f3n General de Medio Natural y el Consejo Comarcal de Osona organizan la 4\u00aa Feria de la biomasa forestal de Catalu\u00f1a, en colaboraci\u00f3n con las diputaciones de Barcelona, Girona, Lleida y Tarragona.<\/p>\n<p style=\"text-align: center;\"><a href=\"https:\/\/i0.wp.com\/www.maidotips.com\/environment\/wp-content\/uploads\/2015\/02\/bio1.jpeg?ssl=1\"><img data-recalc-dims=\"1\" loading=\"lazy\" decoding=\"async\" data-attachment-id=\"405\" data-permalink=\"https:\/\/www.maidotips.com\/environment\/feria-biomassa-forestal-de-catalunya-vic\/bio1\/#main\" data-orig-file=\"https:\/\/i0.wp.com\/www.maidotips.com\/environment\/wp-content\/uploads\/2015\/02\/bio1.jpeg?fit=309%2C163&amp;ssl=1\" data-orig-size=\"309,163\" data-comments-opened=\"0\" data-image-meta=\"{&quot;aperture&quot;:&quot;0&quot;,&quot;credit&quot;:&quot;&quot;,&quot;camera&quot;:&quot;&quot;,&quot;caption&quot;:&quot;&quot;,&quot;created_timestamp&quot;:&quot;0&quot;,&quot;copyright&quot;:&quot;&quot;,&quot;focal_length&quot;:&quot;0&quot;,&quot;iso&quot;:&quot;0&quot;,&quot;shutter_speed&quot;:&quot;0&quot;,&quot;title&quot;:&quot;&quot;,&quot;orientation&quot;:&quot;0&quot;}\" data-image-title=\"bio1\" data-image-description=\"\" data-image-caption=\"\" data-medium-file=\"https:\/\/i0.wp.com\/www.maidotips.com\/environment\/wp-content\/uploads\/2015\/02\/bio1.jpeg?fit=300%2C158&amp;ssl=1\" data-large-file=\"https:\/\/i0.wp.com\/www.maidotips.com\/environment\/wp-content\/uploads\/2015\/02\/bio1.jpeg?fit=309%2C163&amp;ssl=1\" class=\"alignnone size-medium wp-image-405\" src=\"https:\/\/i0.wp.com\/www.maidotips.com\/environment\/wp-content\/uploads\/2015\/02\/bio1-300x158.jpeg?resize=300%2C158&#038;ssl=1\" alt=\"bio1\" width=\"300\" height=\"158\" srcset=\"https:\/\/i0.wp.com\/www.maidotips.com\/environment\/wp-content\/uploads\/2015\/02\/bio1.jpeg?resize=300%2C158&amp;ssl=1 300w, https:\/\/i0.wp.com\/www.maidotips.com\/environment\/wp-content\/uploads\/2015\/02\/bio1.jpeg?w=309&amp;ssl=1 309w\" sizes=\"auto, (max-width: 300px) 100vw, 300px\" \/><\/a><\/p>\n<p>La feria ir\u00e1 dirigida a todas las empresas vinculadas al sector de la biomasa, principalmente del \u00e1mbito catal\u00e1n: ingenier\u00edas, comerciales, instaladores, fabricantes, promotores energ\u00e9ticos, empresas de servicios energ\u00e9ticos, productores de biomasa, distribuidores de biomasa, a consumidores finales (t\u00e9cnicos de la administraci\u00f3n, industriales, instituciones, investigadores, arquitectos, aparejadores, administradores de fincas, etc &#8230; y finalmente, tambi\u00e9n a la ciudadan\u00eda en general, para promover la biomasa como fuente de uso energ\u00e9tico dom\u00e9stica.<\/p>\n<p style=\"text-align: center;\"><a href=\"https:\/\/i0.wp.com\/www.maidotips.com\/environment\/wp-content\/uploads\/2015\/02\/bio2.jpeg?ssl=1\"><img data-recalc-dims=\"1\" loading=\"lazy\" decoding=\"async\" data-attachment-id=\"404\" data-permalink=\"https:\/\/www.maidotips.com\/environment\/feria-biomassa-forestal-de-catalunya-vic\/bio2\/#main\" data-orig-file=\"https:\/\/i0.wp.com\/www.maidotips.com\/environment\/wp-content\/uploads\/2015\/02\/bio2.jpeg?fit=292%2C173&amp;ssl=1\" data-orig-size=\"292,173\" data-comments-opened=\"0\" data-image-meta=\"{&quot;aperture&quot;:&quot;0&quot;,&quot;credit&quot;:&quot;&quot;,&quot;camera&quot;:&quot;&quot;,&quot;caption&quot;:&quot;&quot;,&quot;created_timestamp&quot;:&quot;0&quot;,&quot;copyright&quot;:&quot;&quot;,&quot;focal_length&quot;:&quot;0&quot;,&quot;iso&quot;:&quot;0&quot;,&quot;shutter_speed&quot;:&quot;0&quot;,&quot;title&quot;:&quot;&quot;,&quot;orientation&quot;:&quot;0&quot;}\" data-image-title=\"bio2\" data-image-description=\"\" data-image-caption=\"\" data-medium-file=\"https:\/\/i0.wp.com\/www.maidotips.com\/environment\/wp-content\/uploads\/2015\/02\/bio2.jpeg?fit=292%2C173&amp;ssl=1\" data-large-file=\"https:\/\/i0.wp.com\/www.maidotips.com\/environment\/wp-content\/uploads\/2015\/02\/bio2.jpeg?fit=292%2C173&amp;ssl=1\" class=\"alignnone size-full wp-image-404\" src=\"https:\/\/i0.wp.com\/www.maidotips.com\/environment\/wp-content\/uploads\/2015\/02\/bio2.jpeg?resize=292%2C173&#038;ssl=1\" alt=\"bio2\" width=\"292\" height=\"173\" \/><\/a><\/p>\n<p><span class=\"arial11 negre\"><b>Fechas<\/b><\/span><\/p>\n<p class=\"arial11 negre\">19, 20 y 21 de Febrero de 2015<\/p>\n<div class=\"separador\"><\/div>\n<p><span class=\"arial11 negre\"><b>Lugar de celebraci\u00f3n<\/b><\/span><\/p>\n<p class=\"arial11 negre\">Recinto Ferial, el Sucre de Vic<\/p>\n<p class=\"arial11 negre\"><a class=\"arial11 vermell\" href=\"http:\/\/www.firabiomassa.cat\/\" target=\"_blank\">http:\/\/www.firabiomassa.cat\/<\/a><\/p>\n<p class=\"arial11 negre\">[rax-google-adsense-3]<\/p>\n","protected":false},"excerpt":{"rendered":"<p>[rax-google-adsense-1] El Ayuntamiento de Vic (Ferias y Mercados) la Generalitat de Catalun\u00f1a, a trav\u00e9s del Centro de la Propiedad Forestal, el Instituto Catal\u00e1n de Energ\u00eda y la Direcci\u00f3n General de Medio Natural y el Consejo Comarcal de Osona organizan la 4\u00aa Feria de la biomasa forestal de Catalu\u00f1a, en colaboraci\u00f3n con las diputaciones de Barcelona, <a class=\"more-link\" href=\"https:\/\/www.maidotips.com\/environment\/feria-biomassa-forestal-de-catalunya-vic\/\">Leer m\u00e1s &#8230;<\/a><\/p>\n","protected":false},"author":1,"featured_media":0,"comment_status":"closed","ping_status":"open","sticky":false,"template":"","format":"standard","meta":{"_monsterinsights_skip_tracking":false,"_monsterinsights_sitenote_active":false,"_monsterinsights_sitenote_note":"","_monsterinsights_sitenote_category":0,"jetpack_post_was_ever_published":false,"_jetpack_newsletter_access":"","_jetpack_dont_email_post_to_subs":false,"_jetpack_newsletter_tier_id":0,"_jetpack_memberships_contains_paywalled_content":false,"_jetpack_memberships_contains_paid_content":false,"footnotes":""},"categories":[1],"tags":[],"class_list":["post-403","post","type-post","status-publish","format-standard","hentry","category-energias-renovables"],"yoast_head":"<!-- This site is optimized with the Yoast SEO plugin v24.8.1 - https:\/\/yoast.com\/wordpress\/plugins\/seo\/ -->\n<title>Feria Biomassa Forestal de Catalunya (Vic) - BLOG de ENERGIAS RENOVABLES yTECNOLOGIA<\/title>\n<meta name=\"robots\" content=\"index, follow, max-snippet:-1, max-image-preview:large, max-video-preview:-1\" \/>\n<link rel=\"canonical\" href=\"https:\/\/www.maidotips.com\/environment\/feria-biomassa-forestal-de-catalunya-vic\/\" \/>\n<meta property=\"og:locale\" content=\"es_ES\" \/>\n<meta property=\"og:type\" content=\"article\" \/>\n<meta property=\"og:title\" content=\"Feria Biomassa Forestal de Catalunya (Vic) - BLOG de ENERGIAS RENOVABLES yTECNOLOGIA\" \/>\n<meta property=\"og:description\" content=\"[rax-google-adsense-1] El Ayuntamiento de Vic (Ferias y Mercados) la Generalitat de Catalun\u00f1a, a trav\u00e9s del Centro de la Propiedad Forestal, el Instituto Catal\u00e1n de Energ\u00eda y la Direcci\u00f3n General de Medio Natural y el Consejo Comarcal de Osona organizan la 4\u00aa Feria de la biomasa forestal de Catalu\u00f1a, en colaboraci\u00f3n con las diputaciones de Barcelona, Leer m\u00e1s ...\" \/>\n<meta property=\"og:url\" content=\"https:\/\/www.maidotips.com\/environment\/feria-biomassa-forestal-de-catalunya-vic\/\" \/>\n<meta property=\"og:site_name\" content=\"BLOG de ENERGIAS RENOVABLES yTECNOLOGIA\" \/>\n<meta property=\"article:publisher\" content=\"https:\/\/www.facebook.com\/Energiasrenovablesytecnologia\/\" \/>\n<meta property=\"article:published_time\" content=\"2015-02-10T14:57:09+00:00\" \/>\n<meta property=\"article:modified_time\" content=\"2015-02-12T15:16:34+00:00\" \/>\n<meta property=\"og:image\" content=\"https:\/\/www.maidotips.com\/environment\/wp-content\/uploads\/2015\/02\/bio1-300x158.jpeg\" \/>\n<meta name=\"author\" content=\"admin\" \/>\n<meta name=\"twitter:card\" content=\"summary_large_image\" \/>\n<meta name=\"twitter:label1\" content=\"Escrito por\" \/>\n\t<meta name=\"twitter:data1\" content=\"admin\" \/>\n\t<meta name=\"twitter:label2\" content=\"Tiempo de lectura\" \/>\n\t<meta name=\"twitter:data2\" content=\"1 minuto\" \/>\n<script type=\"application\/ld+json\" class=\"yoast-schema-graph\">{\"@context\":\"https:\/\/schema.org\",\"@graph\":[{\"@type\":\"WebPage\",\"@id\":\"https:\/\/www.maidotips.com\/environment\/feria-biomassa-forestal-de-catalunya-vic\/\",\"url\":\"https:\/\/www.maidotips.com\/environment\/feria-biomassa-forestal-de-catalunya-vic\/\",\"name\":\"Feria Biomassa Forestal de Catalunya (Vic) - BLOG de ENERGIAS RENOVABLES yTECNOLOGIA\",\"isPartOf\":{\"@id\":\"https:\/\/www.maidotips.com\/environment\/#website\"},\"primaryImageOfPage\":{\"@id\":\"https:\/\/www.maidotips.com\/environment\/feria-biomassa-forestal-de-catalunya-vic\/#primaryimage\"},\"image\":{\"@id\":\"https:\/\/www.maidotips.com\/environment\/feria-biomassa-forestal-de-catalunya-vic\/#primaryimage\"},\"thumbnailUrl\":\"https:\/\/www.maidotips.com\/environment\/wp-content\/uploads\/2015\/02\/bio1-300x158.jpeg\",\"datePublished\":\"2015-02-10T14:57:09+00:00\",\"dateModified\":\"2015-02-12T15:16:34+00:00\",\"author\":{\"@id\":\"https:\/\/www.maidotips.com\/environment\/#\/schema\/person\/c9b890f523795aa69b81a95dee06d804\"},\"breadcrumb\":{\"@id\":\"https:\/\/www.maidotips.com\/environment\/feria-biomassa-forestal-de-catalunya-vic\/#breadcrumb\"},\"inLanguage\":\"es\",\"potentialAction\":[{\"@type\":\"ReadAction\",\"target\":[\"https:\/\/www.maidotips.com\/environment\/feria-biomassa-forestal-de-catalunya-vic\/\"]}]},{\"@type\":\"ImageObject\",\"inLanguage\":\"es\",\"@id\":\"https:\/\/www.maidotips.com\/environment\/feria-biomassa-forestal-de-catalunya-vic\/#primaryimage\",\"url\":\"https:\/\/www.maidotips.com\/environment\/wp-content\/uploads\/2015\/02\/bio1-300x158.jpeg\",\"contentUrl\":\"https:\/\/www.maidotips.com\/environment\/wp-content\/uploads\/2015\/02\/bio1-300x158.jpeg\"},{\"@type\":\"BreadcrumbList\",\"@id\":\"https:\/\/www.maidotips.com\/environment\/feria-biomassa-forestal-de-catalunya-vic\/#breadcrumb\",\"itemListElement\":[{\"@type\":\"ListItem\",\"position\":1,\"name\":\"Portada\",\"item\":\"https:\/\/www.maidotips.com\/environment\/\"},{\"@type\":\"ListItem\",\"position\":2,\"name\":\"Feria Biomassa Forestal de Catalunya (Vic)\"}]},{\"@type\":\"WebSite\",\"@id\":\"https:\/\/www.maidotips.com\/environment\/#website\",\"url\":\"https:\/\/www.maidotips.com\/environment\/\",\"name\":\"BLOG de ENERGIAS RENOVABLES yTECNOLOGIA\",\"description\":\"BLOG sobre la energia verde y TECNOLOGIA\",\"potentialAction\":[{\"@type\":\"SearchAction\",\"target\":{\"@type\":\"EntryPoint\",\"urlTemplate\":\"https:\/\/www.maidotips.com\/environment\/?s={search_term_string}\"},\"query-input\":{\"@type\":\"PropertyValueSpecification\",\"valueRequired\":true,\"valueName\":\"search_term_string\"}}],\"inLanguage\":\"es\"},{\"@type\":\"Person\",\"@id\":\"https:\/\/www.maidotips.com\/environment\/#\/schema\/person\/c9b890f523795aa69b81a95dee06d804\",\"name\":\"admin\",\"url\":\"https:\/\/www.maidotips.com\/environment\/author\/admin\/\"}]}<\/script>\n<!-- \/ Yoast SEO plugin. -->","yoast_head_json":{"title":"Feria Biomassa Forestal de Catalunya (Vic) - BLOG de ENERGIAS RENOVABLES yTECNOLOGIA","robots":{"index":"index","follow":"follow","max-snippet":"max-snippet:-1","max-image-preview":"max-image-preview:large","max-video-preview":"max-video-preview:-1"},"canonical":"https:\/\/www.maidotips.com\/environment\/feria-biomassa-forestal-de-catalunya-vic\/","og_locale":"es_ES","og_type":"article","og_title":"Feria Biomassa Forestal de Catalunya (Vic) - BLOG de ENERGIAS RENOVABLES yTECNOLOGIA","og_description":"[rax-google-adsense-1] El Ayuntamiento de Vic (Ferias y Mercados) la Generalitat de Catalun\u00f1a, a trav\u00e9s del Centro de la Propiedad Forestal, el Instituto Catal\u00e1n de Energ\u00eda y la Direcci\u00f3n General de Medio Natural y el Consejo Comarcal de Osona organizan la 4\u00aa Feria de la biomasa forestal de Catalu\u00f1a, en colaboraci\u00f3n con las diputaciones de Barcelona, Leer m\u00e1s ...","og_url":"https:\/\/www.maidotips.com\/environment\/feria-biomassa-forestal-de-catalunya-vic\/","og_site_name":"BLOG de ENERGIAS RENOVABLES yTECNOLOGIA","article_publisher":"https:\/\/www.facebook.com\/Energiasrenovablesytecnologia\/","article_published_time":"2015-02-10T14:57:09+00:00","article_modified_time":"2015-02-12T15:16:34+00:00","og_image":[{"url":"https:\/\/www.maidotips.com\/environment\/wp-content\/uploads\/2015\/02\/bio1-300x158.jpeg","type":"","width":"","height":""}],"author":"admin","twitter_card":"summary_large_image","twitter_misc":{"Escrito por":"admin","Tiempo de lectura":"1 minuto"},"schema":{"@context":"https:\/\/schema.org","@graph":[{"@type":"WebPage","@id":"https:\/\/www.maidotips.com\/environment\/feria-biomassa-forestal-de-catalunya-vic\/","url":"https:\/\/www.maidotips.com\/environment\/feria-biomassa-forestal-de-catalunya-vic\/","name":"Feria Biomassa Forestal de Catalunya (Vic) - BLOG de ENERGIAS RENOVABLES yTECNOLOGIA","isPartOf":{"@id":"https:\/\/www.maidotips.com\/environment\/#website"},"primaryImageOfPage":{"@id":"https:\/\/www.maidotips.com\/environment\/feria-biomassa-forestal-de-catalunya-vic\/#primaryimage"},"image":{"@id":"https:\/\/www.maidotips.com\/environment\/feria-biomassa-forestal-de-catalunya-vic\/#primaryimage"},"thumbnailUrl":"https:\/\/www.maidotips.com\/environment\/wp-content\/uploads\/2015\/02\/bio1-300x158.jpeg","datePublished":"2015-02-10T14:57:09+00:00","dateModified":"2015-02-12T15:16:34+00:00","author":{"@id":"https:\/\/www.maidotips.com\/environment\/#\/schema\/person\/c9b890f523795aa69b81a95dee06d804"},"breadcrumb":{"@id":"https:\/\/www.maidotips.com\/environment\/feria-biomassa-forestal-de-catalunya-vic\/#breadcrumb"},"inLanguage":"es","potentialAction":[{"@type":"ReadAction","target":["https:\/\/www.maidotips.com\/environment\/feria-biomassa-forestal-de-catalunya-vic\/"]}]},{"@type":"ImageObject","inLanguage":"es","@id":"https:\/\/www.maidotips.com\/environment\/feria-biomassa-forestal-de-catalunya-vic\/#primaryimage","url":"https:\/\/www.maidotips.com\/environment\/wp-content\/uploads\/2015\/02\/bio1-300x158.jpeg","contentUrl":"https:\/\/www.maidotips.com\/environment\/wp-content\/uploads\/2015\/02\/bio1-300x158.jpeg"},{"@type":"BreadcrumbList","@id":"https:\/\/www.maidotips.com\/environment\/feria-biomassa-forestal-de-catalunya-vic\/#breadcrumb","itemListElement":[{"@type":"ListItem","position":1,"name":"Portada","item":"https:\/\/www.maidotips.com\/environment\/"},{"@type":"ListItem","position":2,"name":"Feria Biomassa Forestal de Catalunya (Vic)"}]},{"@type":"WebSite","@id":"https:\/\/www.maidotips.com\/environment\/#website","url":"https:\/\/www.maidotips.com\/environment\/","name":"BLOG de ENERGIAS RENOVABLES yTECNOLOGIA","description":"BLOG sobre la energia verde y TECNOLOGIA","potentialAction":[{"@type":"SearchAction","target":{"@type":"EntryPoint","urlTemplate":"https:\/\/www.maidotips.com\/environment\/?s={search_term_string}"},"query-input":{"@type":"PropertyValueSpecification","valueRequired":true,"valueName":"search_term_string"}}],"inLanguage":"es"},{"@type":"Person","@id":"https:\/\/www.maidotips.com\/environment\/#\/schema\/person\/c9b890f523795aa69b81a95dee06d804","name":"admin","url":"https:\/\/www.maidotips.com\/environment\/author\/admin\/"}]}},"jetpack_featured_media_url":"","jetpack_shortlink":"https:\/\/wp.me\/pbBd6N-6v","jetpack-related-posts":[],"jetpack_likes_enabled":true,"jetpack_sharing_enabled":true,"_links":{"self":[{"href":"https:\/\/www.maidotips.com\/environment\/wp-json\/wp\/v2\/posts\/403","targetHints":{"allow":["GET"]}}],"collection":[{"href":"https:\/\/www.maidotips.com\/environment\/wp-json\/wp\/v2\/posts"}],"about":[{"href":"https:\/\/www.maidotips.com\/environment\/wp-json\/wp\/v2\/types\/post"}],"author":[{"embeddable":true,"href":"https:\/\/www.maidotips.com\/environment\/wp-json\/wp\/v2\/users\/1"}],"replies":[{"embeddable":true,"href":"https:\/\/www.maidotips.com\/environment\/wp-json\/wp\/v2\/comments?post=403"}],"version-history":[{"count":4,"href":"https:\/\/www.maidotips.com\/environment\/wp-json\/wp\/v2\/posts\/403\/revisions"}],"predecessor-version":[{"id":413,"href":"https:\/\/www.maidotips.com\/environment\/wp-json\/wp\/v2\/posts\/403\/revisions\/413"}],"wp:attachment":[{"href":"https:\/\/www.maidotips.com\/environment\/wp-json\/wp\/v2\/media?parent=403"}],"wp:term":[{"taxonomy":"category","embeddable":true,"href":"https:\/\/www.maidotips.com\/environment\/wp-json\/wp\/v2\/categories?post=403"},{"taxonomy":"post_tag","embeddable":true,"href":"https:\/\/www.maidotips.com\/environment\/wp-json\/wp\/v2\/tags?post=403"}],"curies":[{"name":"wp","href":"https:\/\/api.w.org\/{rel}","templated":true}]}}