{"id":443,"date":"2015-02-16T13:38:53","date_gmt":"2015-02-16T11:38:53","guid":{"rendered":"https:\/\/www.maidotips.com\/environment\/?p=443"},"modified":"2015-02-16T13:38:53","modified_gmt":"2015-02-16T11:38:53","slug":"decima-demanda-a-espana-por-el-recorte-a-las-renovables","status":"publish","type":"post","link":"https:\/\/www.maidotips.com\/environment\/decima-demanda-a-espana-por-el-recorte-a-las-renovables\/","title":{"rendered":"Decima demanda a Espa\u00f1a por el recorte a las renovables"},"content":{"rendered":"<p>La empresa alemana Steag ha presentado una nueva demanda internacional, la d\u00e9cima, en contra de Espa\u00f1a ante la Corte Internacional de Arreglo de Diferencias Relativas a Inversiones (CIADI), entidad dependiente del Banco Mundial, por los recortes a las renovables y, en especial, a la energ\u00eda termosolar.<\/p>\n<p>Steag, que ha demandado a Espa\u00f1a por la vulneraci\u00f3n de los principios de respeto a la inversi\u00f3n extranjera de la Carta de la Energ\u00eda, cuenta con inversiones en Espa\u00f1a, concentradas en la central termosolar de Arenales (Sevilla). Esta planta de colectores parab\u00f3licos tiene una capacidad de 50MW y dispone de un innovador sistema de retenci\u00f3n de calor mediante sal que permite producir electricidad incluso siete horas despu\u00e9s de la puesta de sol.<\/p>\n<p>Su denuncia contra Espa\u00f1a es la segunda de 2015 y se conoce unos d\u00edas despu\u00e9s de la demanda registrada ante el CIADI por un consorcio de ocho empresas alemanas, liderado por RWE y Andasol.<\/p>\n<p>Fuente: protemosolar.com<\/p>\n<p>&nbsp;<\/p>\n","protected":false},"excerpt":{"rendered":"<p>La empresa alemana Steag ha presentado una nueva demanda internacional, la d\u00e9cima, en contra de Espa\u00f1a ante la Corte Internacional de Arreglo de Diferencias Relativas a Inversiones (CIADI), entidad dependiente del Banco Mundial, por los recortes a las renovables y, en especial, a la energ\u00eda termosolar. Steag, que ha demandado a Espa\u00f1a por la vulneraci\u00f3n <a class=\"more-link\" href=\"https:\/\/www.maidotips.com\/environment\/decima-demanda-a-espana-por-el-recorte-a-las-renovables\/\">Leer m\u00e1s &#8230;<\/a><\/p>\n","protected":false},"author":1,"featured_media":0,"comment_status":"closed","ping_status":"closed","sticky":false,"template":"","format":"standard","meta":{"_monsterinsights_skip_tracking":false,"_monsterinsights_sitenote_active":false,"_monsterinsights_sitenote_note":"","_monsterinsights_sitenote_category":0,"jetpack_post_was_ever_published":false,"_jetpack_newsletter_access":"","_jetpack_dont_email_post_to_subs":false,"_jetpack_newsletter_tier_id":0,"_jetpack_memberships_contains_paywalled_content":false,"_jetpack_memberships_contains_paid_content":false,"footnotes":""},"categories":[1],"tags":[],"class_list":["post-443","post","type-post","status-publish","format-standard","hentry","category-energias-renovables"],"yoast_head":"<!-- This site is optimized with the Yoast SEO plugin v24.8.1 - https:\/\/yoast.com\/wordpress\/plugins\/seo\/ -->\n<title>Decima demanda a Espa\u00f1a por el recorte a las renovables - BLOG de ENERGIAS RENOVABLES yTECNOLOGIA<\/title>\n<meta name=\"robots\" content=\"index, follow, max-snippet:-1, max-image-preview:large, max-video-preview:-1\" \/>\n<link rel=\"canonical\" href=\"https:\/\/www.maidotips.com\/environment\/decima-demanda-a-espana-por-el-recorte-a-las-renovables\/\" \/>\n<meta property=\"og:locale\" content=\"es_ES\" \/>\n<meta property=\"og:type\" content=\"article\" \/>\n<meta property=\"og:title\" content=\"Decima demanda a Espa\u00f1a por el recorte a las renovables - BLOG de ENERGIAS RENOVABLES yTECNOLOGIA\" \/>\n<meta property=\"og:description\" content=\"La empresa alemana Steag ha presentado una nueva demanda internacional, la d\u00e9cima, en contra de Espa\u00f1a ante la Corte Internacional de Arreglo de Diferencias Relativas a Inversiones (CIADI), entidad dependiente del Banco Mundial, por los recortes a las renovables y, en especial, a la energ\u00eda termosolar. Steag, que ha demandado a Espa\u00f1a por la vulneraci\u00f3n Leer m\u00e1s ...\" \/>\n<meta property=\"og:url\" content=\"https:\/\/www.maidotips.com\/environment\/decima-demanda-a-espana-por-el-recorte-a-las-renovables\/\" \/>\n<meta property=\"og:site_name\" content=\"BLOG de ENERGIAS RENOVABLES yTECNOLOGIA\" \/>\n<meta property=\"article:publisher\" content=\"https:\/\/www.facebook.com\/Energiasrenovablesytecnologia\/\" \/>\n<meta property=\"article:published_time\" content=\"2015-02-16T11:38:53+00:00\" \/>\n<meta name=\"author\" content=\"admin\" \/>\n<meta name=\"twitter:card\" content=\"summary_large_image\" \/>\n<meta name=\"twitter:label1\" content=\"Escrito por\" \/>\n\t<meta name=\"twitter:data1\" content=\"admin\" \/>\n\t<meta name=\"twitter:label2\" content=\"Tiempo de lectura\" \/>\n\t<meta name=\"twitter:data2\" content=\"1 minuto\" \/>\n<script type=\"application\/ld+json\" class=\"yoast-schema-graph\">{\"@context\":\"https:\/\/schema.org\",\"@graph\":[{\"@type\":\"WebPage\",\"@id\":\"https:\/\/www.maidotips.com\/environment\/decima-demanda-a-espana-por-el-recorte-a-las-renovables\/\",\"url\":\"https:\/\/www.maidotips.com\/environment\/decima-demanda-a-espana-por-el-recorte-a-las-renovables\/\",\"name\":\"Decima demanda a Espa\u00f1a por el recorte a las renovables - BLOG de ENERGIAS RENOVABLES yTECNOLOGIA\",\"isPartOf\":{\"@id\":\"https:\/\/www.maidotips.com\/environment\/#website\"},\"datePublished\":\"2015-02-16T11:38:53+00:00\",\"author\":{\"@id\":\"https:\/\/www.maidotips.com\/environment\/#\/schema\/person\/c9b890f523795aa69b81a95dee06d804\"},\"breadcrumb\":{\"@id\":\"https:\/\/www.maidotips.com\/environment\/decima-demanda-a-espana-por-el-recorte-a-las-renovables\/#breadcrumb\"},\"inLanguage\":\"es\",\"potentialAction\":[{\"@type\":\"ReadAction\",\"target\":[\"https:\/\/www.maidotips.com\/environment\/decima-demanda-a-espana-por-el-recorte-a-las-renovables\/\"]}]},{\"@type\":\"BreadcrumbList\",\"@id\":\"https:\/\/www.maidotips.com\/environment\/decima-demanda-a-espana-por-el-recorte-a-las-renovables\/#breadcrumb\",\"itemListElement\":[{\"@type\":\"ListItem\",\"position\":1,\"name\":\"Portada\",\"item\":\"https:\/\/www.maidotips.com\/environment\/\"},{\"@type\":\"ListItem\",\"position\":2,\"name\":\"Decima demanda a Espa\u00f1a por el recorte a las renovables\"}]},{\"@type\":\"WebSite\",\"@id\":\"https:\/\/www.maidotips.com\/environment\/#website\",\"url\":\"https:\/\/www.maidotips.com\/environment\/\",\"name\":\"BLOG de ENERGIAS RENOVABLES yTECNOLOGIA\",\"description\":\"BLOG sobre la energia verde y TECNOLOGIA\",\"potentialAction\":[{\"@type\":\"SearchAction\",\"target\":{\"@type\":\"EntryPoint\",\"urlTemplate\":\"https:\/\/www.maidotips.com\/environment\/?s={search_term_string}\"},\"query-input\":{\"@type\":\"PropertyValueSpecification\",\"valueRequired\":true,\"valueName\":\"search_term_string\"}}],\"inLanguage\":\"es\"},{\"@type\":\"Person\",\"@id\":\"https:\/\/www.maidotips.com\/environment\/#\/schema\/person\/c9b890f523795aa69b81a95dee06d804\",\"name\":\"admin\",\"url\":\"https:\/\/www.maidotips.com\/environment\/author\/admin\/\"}]}<\/script>\n<!-- \/ Yoast SEO plugin. -->","yoast_head_json":{"title":"Decima demanda a Espa\u00f1a por el recorte a las renovables - BLOG de ENERGIAS RENOVABLES yTECNOLOGIA","robots":{"index":"index","follow":"follow","max-snippet":"max-snippet:-1","max-image-preview":"max-image-preview:large","max-video-preview":"max-video-preview:-1"},"canonical":"https:\/\/www.maidotips.com\/environment\/decima-demanda-a-espana-por-el-recorte-a-las-renovables\/","og_locale":"es_ES","og_type":"article","og_title":"Decima demanda a Espa\u00f1a por el recorte a las renovables - BLOG de ENERGIAS RENOVABLES yTECNOLOGIA","og_description":"La empresa alemana Steag ha presentado una nueva demanda internacional, la d\u00e9cima, en contra de Espa\u00f1a ante la Corte Internacional de Arreglo de Diferencias Relativas a Inversiones (CIADI), entidad dependiente del Banco Mundial, por los recortes a las renovables y, en especial, a la energ\u00eda termosolar. Steag, que ha demandado a Espa\u00f1a por la vulneraci\u00f3n Leer m\u00e1s ...","og_url":"https:\/\/www.maidotips.com\/environment\/decima-demanda-a-espana-por-el-recorte-a-las-renovables\/","og_site_name":"BLOG de ENERGIAS RENOVABLES yTECNOLOGIA","article_publisher":"https:\/\/www.facebook.com\/Energiasrenovablesytecnologia\/","article_published_time":"2015-02-16T11:38:53+00:00","author":"admin","twitter_card":"summary_large_image","twitter_misc":{"Escrito por":"admin","Tiempo de lectura":"1 minuto"},"schema":{"@context":"https:\/\/schema.org","@graph":[{"@type":"WebPage","@id":"https:\/\/www.maidotips.com\/environment\/decima-demanda-a-espana-por-el-recorte-a-las-renovables\/","url":"https:\/\/www.maidotips.com\/environment\/decima-demanda-a-espana-por-el-recorte-a-las-renovables\/","name":"Decima demanda a Espa\u00f1a por el recorte a las renovables - BLOG de ENERGIAS RENOVABLES yTECNOLOGIA","isPartOf":{"@id":"https:\/\/www.maidotips.com\/environment\/#website"},"datePublished":"2015-02-16T11:38:53+00:00","author":{"@id":"https:\/\/www.maidotips.com\/environment\/#\/schema\/person\/c9b890f523795aa69b81a95dee06d804"},"breadcrumb":{"@id":"https:\/\/www.maidotips.com\/environment\/decima-demanda-a-espana-por-el-recorte-a-las-renovables\/#breadcrumb"},"inLanguage":"es","potentialAction":[{"@type":"ReadAction","target":["https:\/\/www.maidotips.com\/environment\/decima-demanda-a-espana-por-el-recorte-a-las-renovables\/"]}]},{"@type":"BreadcrumbList","@id":"https:\/\/www.maidotips.com\/environment\/decima-demanda-a-espana-por-el-recorte-a-las-renovables\/#breadcrumb","itemListElement":[{"@type":"ListItem","position":1,"name":"Portada","item":"https:\/\/www.maidotips.com\/environment\/"},{"@type":"ListItem","position":2,"name":"Decima demanda a Espa\u00f1a por el recorte a las renovables"}]},{"@type":"WebSite","@id":"https:\/\/www.maidotips.com\/environment\/#website","url":"https:\/\/www.maidotips.com\/environment\/","name":"BLOG de ENERGIAS RENOVABLES yTECNOLOGIA","description":"BLOG sobre la energia verde y TECNOLOGIA","potentialAction":[{"@type":"SearchAction","target":{"@type":"EntryPoint","urlTemplate":"https:\/\/www.maidotips.com\/environment\/?s={search_term_string}"},"query-input":{"@type":"PropertyValueSpecification","valueRequired":true,"valueName":"search_term_string"}}],"inLanguage":"es"},{"@type":"Person","@id":"https:\/\/www.maidotips.com\/environment\/#\/schema\/person\/c9b890f523795aa69b81a95dee06d804","name":"admin","url":"https:\/\/www.maidotips.com\/environment\/author\/admin\/"}]}},"jetpack_featured_media_url":"","jetpack_shortlink":"https:\/\/wp.me\/pbBd6N-79","jetpack-related-posts":[],"jetpack_likes_enabled":true,"jetpack_sharing_enabled":true,"_links":{"self":[{"href":"https:\/\/www.maidotips.com\/environment\/wp-json\/wp\/v2\/posts\/443","targetHints":{"allow":["GET"]}}],"collection":[{"href":"https:\/\/www.maidotips.com\/environment\/wp-json\/wp\/v2\/posts"}],"about":[{"href":"https:\/\/www.maidotips.com\/environment\/wp-json\/wp\/v2\/types\/post"}],"author":[{"embeddable":true,"href":"https:\/\/www.maidotips.com\/environment\/wp-json\/wp\/v2\/users\/1"}],"replies":[{"embeddable":true,"href":"https:\/\/www.maidotips.com\/environment\/wp-json\/wp\/v2\/comments?post=443"}],"version-history":[{"count":2,"href":"https:\/\/www.maidotips.com\/environment\/wp-json\/wp\/v2\/posts\/443\/revisions"}],"predecessor-version":[{"id":445,"href":"https:\/\/www.maidotips.com\/environment\/wp-json\/wp\/v2\/posts\/443\/revisions\/445"}],"wp:attachment":[{"href":"https:\/\/www.maidotips.com\/environment\/wp-json\/wp\/v2\/media?parent=443"}],"wp:term":[{"taxonomy":"category","embeddable":true,"href":"https:\/\/www.maidotips.com\/environment\/wp-json\/wp\/v2\/categories?post=443"},{"taxonomy":"post_tag","embeddable":true,"href":"https:\/\/www.maidotips.com\/environment\/wp-json\/wp\/v2\/tags?post=443"}],"curies":[{"name":"wp","href":"https:\/\/api.w.org\/{rel}","templated":true}]}}