{"id":516,"date":"2015-03-03T20:26:59","date_gmt":"2015-03-03T18:26:59","guid":{"rendered":"https:\/\/www.maidotips.com\/environment\/?p=516"},"modified":"2015-03-03T20:26:59","modified_gmt":"2015-03-03T18:26:59","slug":"las-electricas-lo-tienen-claro-la-luz-volvera-a-subir-este-ano","status":"publish","type":"post","link":"https:\/\/www.maidotips.com\/environment\/las-electricas-lo-tienen-claro-la-luz-volvera-a-subir-este-ano\/","title":{"rendered":"Las el\u00e9ctricas lo tienen claro: la luz volver\u00e1 a subir este a\u00f1o"},"content":{"rendered":"<p>Todas las compa\u00f1\u00edas el\u00e9ctricas anticipan que durante este a\u00f1o los precios el mercado mayorista de electricidad subir\u00e1n y, con ello, tambi\u00e9n el recibo de la luz. La factura que pagan los espa\u00f1oles podr\u00eda aumentar hasta un 15% en 2015.<\/p>\n<p><a href=\"http:\/\/www.expansion.com\/2015\/03\/02\/empresas\/energia\/1425310386.html\" target=\"_blank\"><strong>Leer el articulo original completo.<\/strong><\/a><\/p>\n","protected":false},"excerpt":{"rendered":"<p>Todas las compa\u00f1\u00edas el\u00e9ctricas anticipan que durante este a\u00f1o los precios el mercado mayorista de electricidad subir\u00e1n y, con ello, tambi\u00e9n el recibo de la luz. La factura que pagan los espa\u00f1oles podr\u00eda aumentar hasta un 15% en 2015. Leer el articulo original completo.<\/p>\n","protected":false},"author":1,"featured_media":0,"comment_status":"closed","ping_status":"closed","sticky":false,"template":"","format":"standard","meta":{"_monsterinsights_skip_tracking":false,"_monsterinsights_sitenote_active":false,"_monsterinsights_sitenote_note":"","_monsterinsights_sitenote_category":0,"jetpack_post_was_ever_published":false,"_jetpack_newsletter_access":"","_jetpack_dont_email_post_to_subs":false,"_jetpack_newsletter_tier_id":0,"_jetpack_memberships_contains_paywalled_content":false,"_jetpack_memberships_contains_paid_content":false,"footnotes":""},"categories":[1],"tags":[],"class_list":["post-516","post","type-post","status-publish","format-standard","hentry","category-energias-renovables"],"yoast_head":"<!-- This site is optimized with the Yoast SEO plugin v24.8.1 - https:\/\/yoast.com\/wordpress\/plugins\/seo\/ -->\n<title>Las el\u00e9ctricas lo tienen claro: la luz volver\u00e1 a subir este a\u00f1o - BLOG de ENERGIAS RENOVABLES yTECNOLOGIA<\/title>\n<meta name=\"robots\" content=\"index, follow, max-snippet:-1, max-image-preview:large, max-video-preview:-1\" \/>\n<link rel=\"canonical\" href=\"https:\/\/www.maidotips.com\/environment\/las-electricas-lo-tienen-claro-la-luz-volvera-a-subir-este-ano\/\" \/>\n<meta property=\"og:locale\" content=\"es_ES\" \/>\n<meta property=\"og:type\" content=\"article\" \/>\n<meta property=\"og:title\" content=\"Las el\u00e9ctricas lo tienen claro: la luz volver\u00e1 a subir este a\u00f1o - BLOG de ENERGIAS RENOVABLES yTECNOLOGIA\" \/>\n<meta property=\"og:description\" content=\"Todas las compa\u00f1\u00edas el\u00e9ctricas anticipan que durante este a\u00f1o los precios el mercado mayorista de electricidad subir\u00e1n y, con ello, tambi\u00e9n el recibo de la luz. La factura que pagan los espa\u00f1oles podr\u00eda aumentar hasta un 15% en 2015. Leer el articulo original completo.\" \/>\n<meta property=\"og:url\" content=\"https:\/\/www.maidotips.com\/environment\/las-electricas-lo-tienen-claro-la-luz-volvera-a-subir-este-ano\/\" \/>\n<meta property=\"og:site_name\" content=\"BLOG de ENERGIAS RENOVABLES yTECNOLOGIA\" \/>\n<meta property=\"article:publisher\" content=\"https:\/\/www.facebook.com\/Energiasrenovablesytecnologia\/\" \/>\n<meta property=\"article:published_time\" content=\"2015-03-03T18:26:59+00:00\" \/>\n<meta name=\"author\" content=\"admin\" \/>\n<meta name=\"twitter:card\" content=\"summary_large_image\" \/>\n<meta name=\"twitter:label1\" content=\"Escrito por\" \/>\n\t<meta name=\"twitter:data1\" content=\"admin\" \/>\n<script type=\"application\/ld+json\" class=\"yoast-schema-graph\">{\"@context\":\"https:\/\/schema.org\",\"@graph\":[{\"@type\":\"WebPage\",\"@id\":\"https:\/\/www.maidotips.com\/environment\/las-electricas-lo-tienen-claro-la-luz-volvera-a-subir-este-ano\/\",\"url\":\"https:\/\/www.maidotips.com\/environment\/las-electricas-lo-tienen-claro-la-luz-volvera-a-subir-este-ano\/\",\"name\":\"Las el\u00e9ctricas lo tienen claro: la luz volver\u00e1 a subir este a\u00f1o - BLOG de ENERGIAS RENOVABLES yTECNOLOGIA\",\"isPartOf\":{\"@id\":\"https:\/\/www.maidotips.com\/environment\/#website\"},\"datePublished\":\"2015-03-03T18:26:59+00:00\",\"author\":{\"@id\":\"https:\/\/www.maidotips.com\/environment\/#\/schema\/person\/c9b890f523795aa69b81a95dee06d804\"},\"breadcrumb\":{\"@id\":\"https:\/\/www.maidotips.com\/environment\/las-electricas-lo-tienen-claro-la-luz-volvera-a-subir-este-ano\/#breadcrumb\"},\"inLanguage\":\"es\",\"potentialAction\":[{\"@type\":\"ReadAction\",\"target\":[\"https:\/\/www.maidotips.com\/environment\/las-electricas-lo-tienen-claro-la-luz-volvera-a-subir-este-ano\/\"]}]},{\"@type\":\"BreadcrumbList\",\"@id\":\"https:\/\/www.maidotips.com\/environment\/las-electricas-lo-tienen-claro-la-luz-volvera-a-subir-este-ano\/#breadcrumb\",\"itemListElement\":[{\"@type\":\"ListItem\",\"position\":1,\"name\":\"Portada\",\"item\":\"https:\/\/www.maidotips.com\/environment\/\"},{\"@type\":\"ListItem\",\"position\":2,\"name\":\"Las el\u00e9ctricas lo tienen claro: la luz volver\u00e1 a subir este a\u00f1o\"}]},{\"@type\":\"WebSite\",\"@id\":\"https:\/\/www.maidotips.com\/environment\/#website\",\"url\":\"https:\/\/www.maidotips.com\/environment\/\",\"name\":\"BLOG de ENERGIAS RENOVABLES yTECNOLOGIA\",\"description\":\"BLOG sobre la energia verde y TECNOLOGIA\",\"potentialAction\":[{\"@type\":\"SearchAction\",\"target\":{\"@type\":\"EntryPoint\",\"urlTemplate\":\"https:\/\/www.maidotips.com\/environment\/?s={search_term_string}\"},\"query-input\":{\"@type\":\"PropertyValueSpecification\",\"valueRequired\":true,\"valueName\":\"search_term_string\"}}],\"inLanguage\":\"es\"},{\"@type\":\"Person\",\"@id\":\"https:\/\/www.maidotips.com\/environment\/#\/schema\/person\/c9b890f523795aa69b81a95dee06d804\",\"name\":\"admin\",\"url\":\"https:\/\/www.maidotips.com\/environment\/author\/admin\/\"}]}<\/script>\n<!-- \/ Yoast SEO plugin. -->","yoast_head_json":{"title":"Las el\u00e9ctricas lo tienen claro: la luz volver\u00e1 a subir este a\u00f1o - BLOG de ENERGIAS RENOVABLES yTECNOLOGIA","robots":{"index":"index","follow":"follow","max-snippet":"max-snippet:-1","max-image-preview":"max-image-preview:large","max-video-preview":"max-video-preview:-1"},"canonical":"https:\/\/www.maidotips.com\/environment\/las-electricas-lo-tienen-claro-la-luz-volvera-a-subir-este-ano\/","og_locale":"es_ES","og_type":"article","og_title":"Las el\u00e9ctricas lo tienen claro: la luz volver\u00e1 a subir este a\u00f1o - BLOG de ENERGIAS RENOVABLES yTECNOLOGIA","og_description":"Todas las compa\u00f1\u00edas el\u00e9ctricas anticipan que durante este a\u00f1o los precios el mercado mayorista de electricidad subir\u00e1n y, con ello, tambi\u00e9n el recibo de la luz. La factura que pagan los espa\u00f1oles podr\u00eda aumentar hasta un 15% en 2015. Leer el articulo original completo.","og_url":"https:\/\/www.maidotips.com\/environment\/las-electricas-lo-tienen-claro-la-luz-volvera-a-subir-este-ano\/","og_site_name":"BLOG de ENERGIAS RENOVABLES yTECNOLOGIA","article_publisher":"https:\/\/www.facebook.com\/Energiasrenovablesytecnologia\/","article_published_time":"2015-03-03T18:26:59+00:00","author":"admin","twitter_card":"summary_large_image","twitter_misc":{"Escrito por":"admin"},"schema":{"@context":"https:\/\/schema.org","@graph":[{"@type":"WebPage","@id":"https:\/\/www.maidotips.com\/environment\/las-electricas-lo-tienen-claro-la-luz-volvera-a-subir-este-ano\/","url":"https:\/\/www.maidotips.com\/environment\/las-electricas-lo-tienen-claro-la-luz-volvera-a-subir-este-ano\/","name":"Las el\u00e9ctricas lo tienen claro: la luz volver\u00e1 a subir este a\u00f1o - BLOG de ENERGIAS RENOVABLES yTECNOLOGIA","isPartOf":{"@id":"https:\/\/www.maidotips.com\/environment\/#website"},"datePublished":"2015-03-03T18:26:59+00:00","author":{"@id":"https:\/\/www.maidotips.com\/environment\/#\/schema\/person\/c9b890f523795aa69b81a95dee06d804"},"breadcrumb":{"@id":"https:\/\/www.maidotips.com\/environment\/las-electricas-lo-tienen-claro-la-luz-volvera-a-subir-este-ano\/#breadcrumb"},"inLanguage":"es","potentialAction":[{"@type":"ReadAction","target":["https:\/\/www.maidotips.com\/environment\/las-electricas-lo-tienen-claro-la-luz-volvera-a-subir-este-ano\/"]}]},{"@type":"BreadcrumbList","@id":"https:\/\/www.maidotips.com\/environment\/las-electricas-lo-tienen-claro-la-luz-volvera-a-subir-este-ano\/#breadcrumb","itemListElement":[{"@type":"ListItem","position":1,"name":"Portada","item":"https:\/\/www.maidotips.com\/environment\/"},{"@type":"ListItem","position":2,"name":"Las el\u00e9ctricas lo tienen claro: la luz volver\u00e1 a subir este a\u00f1o"}]},{"@type":"WebSite","@id":"https:\/\/www.maidotips.com\/environment\/#website","url":"https:\/\/www.maidotips.com\/environment\/","name":"BLOG de ENERGIAS RENOVABLES yTECNOLOGIA","description":"BLOG sobre la energia verde y TECNOLOGIA","potentialAction":[{"@type":"SearchAction","target":{"@type":"EntryPoint","urlTemplate":"https:\/\/www.maidotips.com\/environment\/?s={search_term_string}"},"query-input":{"@type":"PropertyValueSpecification","valueRequired":true,"valueName":"search_term_string"}}],"inLanguage":"es"},{"@type":"Person","@id":"https:\/\/www.maidotips.com\/environment\/#\/schema\/person\/c9b890f523795aa69b81a95dee06d804","name":"admin","url":"https:\/\/www.maidotips.com\/environment\/author\/admin\/"}]}},"jetpack_featured_media_url":"","jetpack_shortlink":"https:\/\/wp.me\/pbBd6N-8k","jetpack-related-posts":[],"jetpack_likes_enabled":true,"jetpack_sharing_enabled":true,"_links":{"self":[{"href":"https:\/\/www.maidotips.com\/environment\/wp-json\/wp\/v2\/posts\/516","targetHints":{"allow":["GET"]}}],"collection":[{"href":"https:\/\/www.maidotips.com\/environment\/wp-json\/wp\/v2\/posts"}],"about":[{"href":"https:\/\/www.maidotips.com\/environment\/wp-json\/wp\/v2\/types\/post"}],"author":[{"embeddable":true,"href":"https:\/\/www.maidotips.com\/environment\/wp-json\/wp\/v2\/users\/1"}],"replies":[{"embeddable":true,"href":"https:\/\/www.maidotips.com\/environment\/wp-json\/wp\/v2\/comments?post=516"}],"version-history":[{"count":1,"href":"https:\/\/www.maidotips.com\/environment\/wp-json\/wp\/v2\/posts\/516\/revisions"}],"predecessor-version":[{"id":517,"href":"https:\/\/www.maidotips.com\/environment\/wp-json\/wp\/v2\/posts\/516\/revisions\/517"}],"wp:attachment":[{"href":"https:\/\/www.maidotips.com\/environment\/wp-json\/wp\/v2\/media?parent=516"}],"wp:term":[{"taxonomy":"category","embeddable":true,"href":"https:\/\/www.maidotips.com\/environment\/wp-json\/wp\/v2\/categories?post=516"},{"taxonomy":"post_tag","embeddable":true,"href":"https:\/\/www.maidotips.com\/environment\/wp-json\/wp\/v2\/tags?post=516"}],"curies":[{"name":"wp","href":"https:\/\/api.w.org\/{rel}","templated":true}]}}