{"id":733,"date":"2015-05-27T10:51:51","date_gmt":"2015-05-27T08:51:51","guid":{"rendered":"https:\/\/www.maidotips.com\/environment\/?p=733"},"modified":"2015-05-27T10:51:51","modified_gmt":"2015-05-27T08:51:51","slug":"ahora-vas-mariano-rajoy-y-con-un-par-apruebas-el-impuesto-al-sol","status":"publish","type":"post","link":"https:\/\/www.maidotips.com\/environment\/ahora-vas-mariano-rajoy-y-con-un-par-apruebas-el-impuesto-al-sol\/","title":{"rendered":"Ahora vas, Mariano Rajoy, y \u201ccon un par\u201d apruebas el impuesto al sol"},"content":{"rendered":"<p>El titular de este art\u00edculo es un tuit de ayer de <a href=\"https:\/\/twitter.com\/jorpow\" target=\"_blank\"><strong>Jorge Morales de Labra<\/strong><\/a>, vicepresidente de la <a href=\"http:\/\/www.fundacionrenovables.org\" target=\"_blank\"><strong>Fundaci\u00f3n Renovables<\/strong><\/a>. Un an\u00e1lisis r\u00e1pido y agudo de la situaci\u00f3n en la que quedan muchos temas energ\u00e9ticos despu\u00e9s de la debacle electoral del PP. Debacle que, seg\u00fan <a href=\"http:\/\/www.eldiario.es\" target=\"_blank\"><strong>eldiario.es<\/strong><\/a> \u201caniquila el fracking, deja en vilo el almac\u00e9n nuclear y mete miedo a las el\u00e9ctricas\u201d.<\/p>\n<p><a><img data-recalc-dims=\"1\" decoding=\"async\" class=\"foto_flota_izq\" title=\"Ahora vas, Mariano Rajoy, y \u201ccon un par\u201d apruebas el impuesto al sol\" src=\"https:\/\/i0.wp.com\/www.energias-renovables.com\/ficheroenergias\/fotos\/panorama\/ampliada\/m\/mariano-rajoy-mayo-2015.jpg?w=780\" alt=\"Ahora vas, Mariano Rajoy, y \u201ccon un par\u201d apruebas el impuesto al sol\"  \/><\/a><\/p>\n<p>En las primeras entrevistas de ayer a dos de las grandes triunfadoras de la noche del domingo, <strong>Ada Colau<\/strong> y <strong>Manuela Carmena<\/strong>, ambas hablaron de la urgencia de planes de rescate ciudadano. Y citaron expresamente la pobreza energ\u00e9tica como uno de los males que hay que atajar lo antes posible.<\/p>\n<p>Los analistas han comenzado a hacer c\u00e1balas sobre las implicaciones energ\u00e9ticas de la \u2018victoria\u2019 del PP. El partido m\u00e1s votado tendr\u00e1, en todo caso, que abandonar el gobierno de muchas ciudades y comunidades aut\u00f3nomas donde lo hac\u00eda hasta ahora, porque, previsiblemente, la oposici\u00f3n tendr\u00e1 m\u00e1s f\u00e1cil que el PP alcanzar mayor\u00edas.<\/p>\n<p>Por ello, publica hoy <a href=\"http:\/\/www.eldiario.es\/economia\/electoral-PP-aniquila-fracking-electricas_0_391612063.html\" target=\"_blank\"><strong>eldiario.es<\/strong><\/a> citando a un analista del sector, \u201cen las empresas energ\u00e9ticas estar\u00e1n nerviosos\u201d. Y hablan de convulsi\u00f3n sin paliativos. \u201cLas propuestas energ\u00e9ticas lanzadas por las candidaturas de unidad popular para las municipales, y las incluidas en los programas electorales para las auton\u00f3micas de los dos partidos que parecen condenados a entenderse en ese \u00e1mbito, Podemos y el PSOE, por otro, permiten dibujar un escenario muy diferente al actual en este \u00e1mbito\u201d.<\/p>\n<p>El propio Morales de Labra apostilla que \u201csi nos creemos que los partidos cumplen sus programas electorales, sin duda, van a cambiar cosas en el mundo de la energ\u00eda\u201d. En el horizonte aparece otra cita vital: las elecciones generales de final de a\u00f1o. Porque, no lo olvidemos,\u00a0 las grandes l\u00edneas de la pol\u00edtica energ\u00e9tica del pa\u00eds las marca el gobierno central.<\/p>\n<p>Aunque tampoco nos gusta olvidar que \u201c<a href=\"http:\/\/www.energias-renovables.com\/articulo\/que-pasaria-si-todos-los-ayuntamientos-20150416\" target=\"_blank\"><strong>los ayuntamientos ser\u00e1n los actores principales del cambio de modelo energ\u00e9tico<\/strong><\/a> en Espa\u00f1a, m\u00e1s que el resto de administraciones\u201d, como argumenta Javier Garc\u00eda Breva. En abril, la Fundaci\u00f3n Renovables y la Plataforma para un Nuevo Modelo Energ\u00e9tico lanzaban <a href=\"http:\/\/www.energias-renovables.com\/articulo\/la-propuesta-a-municipios-sosteniblesa--cuenta-20150409\" target=\"_blank\"><strong>\u2018Municipios Sostenibles\u2019<\/strong><\/a>, propuesta espec\u00edficamente dirigida a los partidos pol\u00edticos, para que asuman en sus programas municipales, 12 medidas b\u00e1sicas de cambio de modelo energ\u00e9tico. ..<\/p>\n<p><strong><a href=\"http:\/\/www.energias-renovables.com\/articulo\/ahora-vas-mariano-rajoy-y-a-con-20150526\" target=\"_blank\">SEGUIR LEYENDO&#8230;<\/a><\/strong><\/p>\n<p>FUENTE: <a href=\"http:\/\/www.energias-renovables.com\/articulo\/ahora-vas-mariano-rajoy-y-a-con-20150526\" target=\"_blank\">http:\/\/www.energias-renovables.com\/articulo\/ahora-vas-mariano-rajoy-y-a-con-20150526<\/a><\/p>\n<p>&nbsp;<\/p>\n","protected":false},"excerpt":{"rendered":"<p>El titular de este art\u00edculo es un tuit de ayer de Jorge Morales de Labra, vicepresidente de la Fundaci\u00f3n Renovables. Un an\u00e1lisis r\u00e1pido y agudo de la situaci\u00f3n en la que quedan muchos temas energ\u00e9ticos despu\u00e9s de la debacle electoral del PP. Debacle que, seg\u00fan eldiario.es \u201caniquila el fracking, deja en vilo el almac\u00e9n nuclear <a class=\"more-link\" href=\"https:\/\/www.maidotips.com\/environment\/ahora-vas-mariano-rajoy-y-con-un-par-apruebas-el-impuesto-al-sol\/\">Leer m\u00e1s &#8230;<\/a><\/p>\n","protected":false},"author":1,"featured_media":0,"comment_status":"closed","ping_status":"closed","sticky":false,"template":"","format":"standard","meta":{"_monsterinsights_skip_tracking":false,"_monsterinsights_sitenote_active":false,"_monsterinsights_sitenote_note":"","_monsterinsights_sitenote_category":0,"jetpack_post_was_ever_published":false,"_jetpack_newsletter_access":"","_jetpack_dont_email_post_to_subs":false,"_jetpack_newsletter_tier_id":0,"_jetpack_memberships_contains_paywalled_content":false,"_jetpack_memberships_contains_paid_content":false,"footnotes":""},"categories":[1],"tags":[],"class_list":["post-733","post","type-post","status-publish","format-standard","hentry","category-energias-renovables"],"yoast_head":"<!-- This site is optimized with the Yoast SEO plugin v24.8.1 - https:\/\/yoast.com\/wordpress\/plugins\/seo\/ -->\n<title>Ahora vas, Mariano Rajoy, y \u201ccon un par\u201d apruebas el impuesto al sol - BLOG de ENERGIAS RENOVABLES yTECNOLOGIA<\/title>\n<meta name=\"robots\" content=\"index, follow, max-snippet:-1, max-image-preview:large, max-video-preview:-1\" \/>\n<link rel=\"canonical\" href=\"https:\/\/www.maidotips.com\/environment\/ahora-vas-mariano-rajoy-y-con-un-par-apruebas-el-impuesto-al-sol\/\" \/>\n<meta property=\"og:locale\" content=\"es_ES\" \/>\n<meta property=\"og:type\" content=\"article\" \/>\n<meta property=\"og:title\" content=\"Ahora vas, Mariano Rajoy, y \u201ccon un par\u201d apruebas el impuesto al sol - BLOG de ENERGIAS RENOVABLES yTECNOLOGIA\" \/>\n<meta property=\"og:description\" content=\"El titular de este art\u00edculo es un tuit de ayer de Jorge Morales de Labra, vicepresidente de la Fundaci\u00f3n Renovables. Un an\u00e1lisis r\u00e1pido y agudo de la situaci\u00f3n en la que quedan muchos temas energ\u00e9ticos despu\u00e9s de la debacle electoral del PP. Debacle que, seg\u00fan eldiario.es \u201caniquila el fracking, deja en vilo el almac\u00e9n nuclear Leer m\u00e1s ...\" \/>\n<meta property=\"og:url\" content=\"https:\/\/www.maidotips.com\/environment\/ahora-vas-mariano-rajoy-y-con-un-par-apruebas-el-impuesto-al-sol\/\" \/>\n<meta property=\"og:site_name\" content=\"BLOG de ENERGIAS RENOVABLES yTECNOLOGIA\" \/>\n<meta property=\"article:publisher\" content=\"https:\/\/www.facebook.com\/Energiasrenovablesytecnologia\/\" \/>\n<meta property=\"article:published_time\" content=\"2015-05-27T08:51:51+00:00\" \/>\n<meta property=\"og:image\" content=\"http:\/\/www.energias-renovables.com\/ficheroenergias\/fotos\/panorama\/ampliada\/m\/mariano-rajoy-mayo-2015.jpg\" \/>\n<meta name=\"author\" content=\"admin\" \/>\n<meta name=\"twitter:card\" content=\"summary_large_image\" \/>\n<meta name=\"twitter:label1\" content=\"Escrito por\" \/>\n\t<meta name=\"twitter:data1\" content=\"admin\" \/>\n\t<meta name=\"twitter:label2\" content=\"Tiempo de lectura\" \/>\n\t<meta name=\"twitter:data2\" content=\"2 minutos\" \/>\n<script type=\"application\/ld+json\" class=\"yoast-schema-graph\">{\"@context\":\"https:\/\/schema.org\",\"@graph\":[{\"@type\":\"WebPage\",\"@id\":\"https:\/\/www.maidotips.com\/environment\/ahora-vas-mariano-rajoy-y-con-un-par-apruebas-el-impuesto-al-sol\/\",\"url\":\"https:\/\/www.maidotips.com\/environment\/ahora-vas-mariano-rajoy-y-con-un-par-apruebas-el-impuesto-al-sol\/\",\"name\":\"Ahora vas, Mariano Rajoy, y \u201ccon un par\u201d apruebas el impuesto al sol - BLOG de ENERGIAS RENOVABLES yTECNOLOGIA\",\"isPartOf\":{\"@id\":\"https:\/\/www.maidotips.com\/environment\/#website\"},\"primaryImageOfPage\":{\"@id\":\"https:\/\/www.maidotips.com\/environment\/ahora-vas-mariano-rajoy-y-con-un-par-apruebas-el-impuesto-al-sol\/#primaryimage\"},\"image\":{\"@id\":\"https:\/\/www.maidotips.com\/environment\/ahora-vas-mariano-rajoy-y-con-un-par-apruebas-el-impuesto-al-sol\/#primaryimage\"},\"thumbnailUrl\":\"http:\/\/www.energias-renovables.com\/ficheroenergias\/fotos\/panorama\/ampliada\/m\/mariano-rajoy-mayo-2015.jpg\",\"datePublished\":\"2015-05-27T08:51:51+00:00\",\"author\":{\"@id\":\"https:\/\/www.maidotips.com\/environment\/#\/schema\/person\/c9b890f523795aa69b81a95dee06d804\"},\"breadcrumb\":{\"@id\":\"https:\/\/www.maidotips.com\/environment\/ahora-vas-mariano-rajoy-y-con-un-par-apruebas-el-impuesto-al-sol\/#breadcrumb\"},\"inLanguage\":\"es\",\"potentialAction\":[{\"@type\":\"ReadAction\",\"target\":[\"https:\/\/www.maidotips.com\/environment\/ahora-vas-mariano-rajoy-y-con-un-par-apruebas-el-impuesto-al-sol\/\"]}]},{\"@type\":\"ImageObject\",\"inLanguage\":\"es\",\"@id\":\"https:\/\/www.maidotips.com\/environment\/ahora-vas-mariano-rajoy-y-con-un-par-apruebas-el-impuesto-al-sol\/#primaryimage\",\"url\":\"http:\/\/www.energias-renovables.com\/ficheroenergias\/fotos\/panorama\/ampliada\/m\/mariano-rajoy-mayo-2015.jpg\",\"contentUrl\":\"http:\/\/www.energias-renovables.com\/ficheroenergias\/fotos\/panorama\/ampliada\/m\/mariano-rajoy-mayo-2015.jpg\"},{\"@type\":\"BreadcrumbList\",\"@id\":\"https:\/\/www.maidotips.com\/environment\/ahora-vas-mariano-rajoy-y-con-un-par-apruebas-el-impuesto-al-sol\/#breadcrumb\",\"itemListElement\":[{\"@type\":\"ListItem\",\"position\":1,\"name\":\"Portada\",\"item\":\"https:\/\/www.maidotips.com\/environment\/\"},{\"@type\":\"ListItem\",\"position\":2,\"name\":\"Ahora vas, Mariano Rajoy, y \u201ccon un par\u201d apruebas el impuesto al sol\"}]},{\"@type\":\"WebSite\",\"@id\":\"https:\/\/www.maidotips.com\/environment\/#website\",\"url\":\"https:\/\/www.maidotips.com\/environment\/\",\"name\":\"BLOG de ENERGIAS RENOVABLES yTECNOLOGIA\",\"description\":\"BLOG sobre la energia verde y TECNOLOGIA\",\"potentialAction\":[{\"@type\":\"SearchAction\",\"target\":{\"@type\":\"EntryPoint\",\"urlTemplate\":\"https:\/\/www.maidotips.com\/environment\/?s={search_term_string}\"},\"query-input\":{\"@type\":\"PropertyValueSpecification\",\"valueRequired\":true,\"valueName\":\"search_term_string\"}}],\"inLanguage\":\"es\"},{\"@type\":\"Person\",\"@id\":\"https:\/\/www.maidotips.com\/environment\/#\/schema\/person\/c9b890f523795aa69b81a95dee06d804\",\"name\":\"admin\",\"url\":\"https:\/\/www.maidotips.com\/environment\/author\/admin\/\"}]}<\/script>\n<!-- \/ Yoast SEO plugin. -->","yoast_head_json":{"title":"Ahora vas, Mariano Rajoy, y \u201ccon un par\u201d apruebas el impuesto al sol - BLOG de ENERGIAS RENOVABLES yTECNOLOGIA","robots":{"index":"index","follow":"follow","max-snippet":"max-snippet:-1","max-image-preview":"max-image-preview:large","max-video-preview":"max-video-preview:-1"},"canonical":"https:\/\/www.maidotips.com\/environment\/ahora-vas-mariano-rajoy-y-con-un-par-apruebas-el-impuesto-al-sol\/","og_locale":"es_ES","og_type":"article","og_title":"Ahora vas, Mariano Rajoy, y \u201ccon un par\u201d apruebas el impuesto al sol - BLOG de ENERGIAS RENOVABLES yTECNOLOGIA","og_description":"El titular de este art\u00edculo es un tuit de ayer de Jorge Morales de Labra, vicepresidente de la Fundaci\u00f3n Renovables. Un an\u00e1lisis r\u00e1pido y agudo de la situaci\u00f3n en la que quedan muchos temas energ\u00e9ticos despu\u00e9s de la debacle electoral del PP. Debacle que, seg\u00fan eldiario.es \u201caniquila el fracking, deja en vilo el almac\u00e9n nuclear Leer m\u00e1s ...","og_url":"https:\/\/www.maidotips.com\/environment\/ahora-vas-mariano-rajoy-y-con-un-par-apruebas-el-impuesto-al-sol\/","og_site_name":"BLOG de ENERGIAS RENOVABLES yTECNOLOGIA","article_publisher":"https:\/\/www.facebook.com\/Energiasrenovablesytecnologia\/","article_published_time":"2015-05-27T08:51:51+00:00","og_image":[{"url":"http:\/\/www.energias-renovables.com\/ficheroenergias\/fotos\/panorama\/ampliada\/m\/mariano-rajoy-mayo-2015.jpg","type":"","width":"","height":""}],"author":"admin","twitter_card":"summary_large_image","twitter_misc":{"Escrito por":"admin","Tiempo de lectura":"2 minutos"},"schema":{"@context":"https:\/\/schema.org","@graph":[{"@type":"WebPage","@id":"https:\/\/www.maidotips.com\/environment\/ahora-vas-mariano-rajoy-y-con-un-par-apruebas-el-impuesto-al-sol\/","url":"https:\/\/www.maidotips.com\/environment\/ahora-vas-mariano-rajoy-y-con-un-par-apruebas-el-impuesto-al-sol\/","name":"Ahora vas, Mariano Rajoy, y \u201ccon un par\u201d apruebas el impuesto al sol - BLOG de ENERGIAS RENOVABLES yTECNOLOGIA","isPartOf":{"@id":"https:\/\/www.maidotips.com\/environment\/#website"},"primaryImageOfPage":{"@id":"https:\/\/www.maidotips.com\/environment\/ahora-vas-mariano-rajoy-y-con-un-par-apruebas-el-impuesto-al-sol\/#primaryimage"},"image":{"@id":"https:\/\/www.maidotips.com\/environment\/ahora-vas-mariano-rajoy-y-con-un-par-apruebas-el-impuesto-al-sol\/#primaryimage"},"thumbnailUrl":"http:\/\/www.energias-renovables.com\/ficheroenergias\/fotos\/panorama\/ampliada\/m\/mariano-rajoy-mayo-2015.jpg","datePublished":"2015-05-27T08:51:51+00:00","author":{"@id":"https:\/\/www.maidotips.com\/environment\/#\/schema\/person\/c9b890f523795aa69b81a95dee06d804"},"breadcrumb":{"@id":"https:\/\/www.maidotips.com\/environment\/ahora-vas-mariano-rajoy-y-con-un-par-apruebas-el-impuesto-al-sol\/#breadcrumb"},"inLanguage":"es","potentialAction":[{"@type":"ReadAction","target":["https:\/\/www.maidotips.com\/environment\/ahora-vas-mariano-rajoy-y-con-un-par-apruebas-el-impuesto-al-sol\/"]}]},{"@type":"ImageObject","inLanguage":"es","@id":"https:\/\/www.maidotips.com\/environment\/ahora-vas-mariano-rajoy-y-con-un-par-apruebas-el-impuesto-al-sol\/#primaryimage","url":"http:\/\/www.energias-renovables.com\/ficheroenergias\/fotos\/panorama\/ampliada\/m\/mariano-rajoy-mayo-2015.jpg","contentUrl":"http:\/\/www.energias-renovables.com\/ficheroenergias\/fotos\/panorama\/ampliada\/m\/mariano-rajoy-mayo-2015.jpg"},{"@type":"BreadcrumbList","@id":"https:\/\/www.maidotips.com\/environment\/ahora-vas-mariano-rajoy-y-con-un-par-apruebas-el-impuesto-al-sol\/#breadcrumb","itemListElement":[{"@type":"ListItem","position":1,"name":"Portada","item":"https:\/\/www.maidotips.com\/environment\/"},{"@type":"ListItem","position":2,"name":"Ahora vas, Mariano Rajoy, y \u201ccon un par\u201d apruebas el impuesto al sol"}]},{"@type":"WebSite","@id":"https:\/\/www.maidotips.com\/environment\/#website","url":"https:\/\/www.maidotips.com\/environment\/","name":"BLOG de ENERGIAS RENOVABLES yTECNOLOGIA","description":"BLOG sobre la energia verde y TECNOLOGIA","potentialAction":[{"@type":"SearchAction","target":{"@type":"EntryPoint","urlTemplate":"https:\/\/www.maidotips.com\/environment\/?s={search_term_string}"},"query-input":{"@type":"PropertyValueSpecification","valueRequired":true,"valueName":"search_term_string"}}],"inLanguage":"es"},{"@type":"Person","@id":"https:\/\/www.maidotips.com\/environment\/#\/schema\/person\/c9b890f523795aa69b81a95dee06d804","name":"admin","url":"https:\/\/www.maidotips.com\/environment\/author\/admin\/"}]}},"jetpack_featured_media_url":"","jetpack_shortlink":"https:\/\/wp.me\/pbBd6N-bP","jetpack-related-posts":[],"jetpack_likes_enabled":true,"jetpack_sharing_enabled":true,"_links":{"self":[{"href":"https:\/\/www.maidotips.com\/environment\/wp-json\/wp\/v2\/posts\/733","targetHints":{"allow":["GET"]}}],"collection":[{"href":"https:\/\/www.maidotips.com\/environment\/wp-json\/wp\/v2\/posts"}],"about":[{"href":"https:\/\/www.maidotips.com\/environment\/wp-json\/wp\/v2\/types\/post"}],"author":[{"embeddable":true,"href":"https:\/\/www.maidotips.com\/environment\/wp-json\/wp\/v2\/users\/1"}],"replies":[{"embeddable":true,"href":"https:\/\/www.maidotips.com\/environment\/wp-json\/wp\/v2\/comments?post=733"}],"version-history":[{"count":1,"href":"https:\/\/www.maidotips.com\/environment\/wp-json\/wp\/v2\/posts\/733\/revisions"}],"predecessor-version":[{"id":734,"href":"https:\/\/www.maidotips.com\/environment\/wp-json\/wp\/v2\/posts\/733\/revisions\/734"}],"wp:attachment":[{"href":"https:\/\/www.maidotips.com\/environment\/wp-json\/wp\/v2\/media?parent=733"}],"wp:term":[{"taxonomy":"category","embeddable":true,"href":"https:\/\/www.maidotips.com\/environment\/wp-json\/wp\/v2\/categories?post=733"},{"taxonomy":"post_tag","embeddable":true,"href":"https:\/\/www.maidotips.com\/environment\/wp-json\/wp\/v2\/tags?post=733"}],"curies":[{"name":"wp","href":"https:\/\/api.w.org\/{rel}","templated":true}]}}