{"id":742,"date":"2015-06-02T15:39:13","date_gmt":"2015-06-02T13:39:13","guid":{"rendered":"https:\/\/www.maidotips.com\/environment\/?p=742"},"modified":"2015-06-02T10:40:55","modified_gmt":"2015-06-02T08:40:55","slug":"record-de-la-eolica-en-un-mes-de-mayo","status":"publish","type":"post","link":"https:\/\/www.maidotips.com\/environment\/record-de-la-eolica-en-un-mes-de-mayo\/","title":{"rendered":"R\u00e9cord de la e\u00f3lica en un mes de mayo"},"content":{"rendered":"<p>La e\u00f3lica lo ha vuelto a hacer. Marca un r\u00e9cord de generaci\u00f3n en un mes de mayo y se sit\u00faa como la primera tecnolog\u00eda del sistema en lo que va de a\u00f1o, con un 23,3% de la generaci\u00f3n total, por encima de la nuclear que llega al 22,2%.<\/p>\n<p><a><img data-recalc-dims=\"1\" decoding=\"async\" class=\"foto_flota_izq\" title=\"R\u00e9cord de la e\u00f3lica en un mes de mayo\" src=\"https:\/\/i0.wp.com\/www.energias-renovables.com\/ficheroenergias\/fotos\/panorama\/ampliada\/p\/produccion-electrica-mayo-2015.jpg?w=780\" alt=\"R\u00e9cord de la e\u00f3lica en un mes de mayo\"  \/><\/a><\/p>\n<p>\u201cQue la e\u00f3lica se sit\u00fae como la primera fuente de electricidad de los espa\u00f1oles de noviembre a abril \u2013los meses de m\u00e1s viento\u2013 ya no le sorprende a nadie. Y que esos meses sean precisamente los que el precio de la electricidad es m\u00e1s bajo, tampoco\u201d, explica la Asociaci\u00f3n Empresarial E\u00f3lica <a href=\"http:\/\/www.somoseolicos.com\/2015\/noticias\/la-eolica-marca-record-de-generacion-en-un-mes-de-mayo-y-se-situa-como-la-primera-tecnologia-del-sistema\/%20\" target=\"_blank\"><strong>(AEE) en su blog<\/strong><\/a>.<\/p>\n<p>Lo sorprendente es que tambi\u00e9n ha sido la primera tecnolog\u00eda del sistema en mayo. Y eso no es habitual. La e\u00f3lica cubri\u00f3 el 24,3% de la demanda en los \u00faltimos 31 d\u00edas, gracias a una producci\u00f3n de 4.808 GWh, un 16,3% superior a la del mismo mes del a\u00f1o anterior, seg\u00fan datos provisionales de REE. De hecho, se trata del mes de mayo con mayor generaci\u00f3n e\u00f3lica de la historia.<\/p>\n<p>En lo que va de a\u00f1o, la producci\u00f3n e\u00f3lica alcanza los 24.423 GWh, un 4,4% por debajo del mismo periodo del a\u00f1o anterior. A\u00fan as\u00ed, cierra los cinco primeros meses como la primera tecnolog\u00eda del sistema, con una cobertura de la demanda del 23,1%.<\/p>\n<p>El gr\u00e1fico que acompa\u00f1a esta informaci\u00f3n es de Red El\u00e9ctrica de Espa\u00f1a <a href=\"http:\/\/www.ree.es\/es\/sala-de-prensa\/notas-de-prensa\/2015\/05\/la-demanda-de-energia-electrica-desciende-un-0-6-en-mayo\" target=\"_blank\"><strong>(REE)<\/strong><\/a> y recoge datos hasta el 29 de mayo. Por eso asigna a la e\u00f3lica el 25% de la producci\u00f3n total. En el mismo plazo las renovable han representado el 49,9% de la producci\u00f3n.<\/p>\n<p>&nbsp;<\/p>\n<p><strong><a href=\"http:\/\/www.energias-renovables.com\/articulo\/record-de-la-eolica-en-un-mes-20150601\" target=\"_blank\">SEGUIR LEYENDO&#8230;.<\/a><\/strong><\/p>\n<p>FUENTE: <a href=\"http:\/\/www.energias-renovables.com\/articulo\/record-de-la-eolica-en-un-mes-20150601\" target=\"_blank\">http:\/\/www.energias-renovables.com\/articulo\/record-de-la-eolica-en-un-mes-20150601<\/a><\/p>\n","protected":false},"excerpt":{"rendered":"<p>La e\u00f3lica lo ha vuelto a hacer. Marca un r\u00e9cord de generaci\u00f3n en un mes de mayo y se sit\u00faa como la primera tecnolog\u00eda del sistema en lo que va de a\u00f1o, con un 23,3% de la generaci\u00f3n total, por encima de la nuclear que llega al 22,2%. \u201cQue la e\u00f3lica se sit\u00fae como la <a class=\"more-link\" href=\"https:\/\/www.maidotips.com\/environment\/record-de-la-eolica-en-un-mes-de-mayo\/\">Leer m\u00e1s &#8230;<\/a><\/p>\n","protected":false},"author":1,"featured_media":0,"comment_status":"closed","ping_status":"closed","sticky":false,"template":"","format":"standard","meta":{"_monsterinsights_skip_tracking":false,"_monsterinsights_sitenote_active":false,"_monsterinsights_sitenote_note":"","_monsterinsights_sitenote_category":0,"jetpack_post_was_ever_published":false,"_jetpack_newsletter_access":"","_jetpack_dont_email_post_to_subs":false,"_jetpack_newsletter_tier_id":0,"_jetpack_memberships_contains_paywalled_content":false,"_jetpack_memberships_contains_paid_content":false,"footnotes":""},"categories":[1],"tags":[],"class_list":["post-742","post","type-post","status-publish","format-standard","hentry","category-energias-renovables"],"yoast_head":"<!-- This site is optimized with the Yoast SEO plugin v24.8.1 - https:\/\/yoast.com\/wordpress\/plugins\/seo\/ -->\n<title>R\u00e9cord de la e\u00f3lica en un mes de mayo - BLOG de ENERGIAS RENOVABLES yTECNOLOGIA<\/title>\n<meta name=\"robots\" content=\"index, follow, max-snippet:-1, max-image-preview:large, max-video-preview:-1\" \/>\n<link rel=\"canonical\" href=\"https:\/\/www.maidotips.com\/environment\/record-de-la-eolica-en-un-mes-de-mayo\/\" \/>\n<meta property=\"og:locale\" content=\"es_ES\" \/>\n<meta property=\"og:type\" content=\"article\" \/>\n<meta property=\"og:title\" content=\"R\u00e9cord de la e\u00f3lica en un mes de mayo - BLOG de ENERGIAS RENOVABLES yTECNOLOGIA\" \/>\n<meta property=\"og:description\" content=\"La e\u00f3lica lo ha vuelto a hacer. Marca un r\u00e9cord de generaci\u00f3n en un mes de mayo y se sit\u00faa como la primera tecnolog\u00eda del sistema en lo que va de a\u00f1o, con un 23,3% de la generaci\u00f3n total, por encima de la nuclear que llega al 22,2%. \u201cQue la e\u00f3lica se sit\u00fae como la Leer m\u00e1s ...\" \/>\n<meta property=\"og:url\" content=\"https:\/\/www.maidotips.com\/environment\/record-de-la-eolica-en-un-mes-de-mayo\/\" \/>\n<meta property=\"og:site_name\" content=\"BLOG de ENERGIAS RENOVABLES yTECNOLOGIA\" \/>\n<meta property=\"article:publisher\" content=\"https:\/\/www.facebook.com\/Energiasrenovablesytecnologia\/\" \/>\n<meta property=\"article:published_time\" content=\"2015-06-02T13:39:13+00:00\" \/>\n<meta property=\"og:image\" content=\"http:\/\/www.energias-renovables.com\/ficheroenergias\/fotos\/panorama\/ampliada\/p\/produccion-electrica-mayo-2015.jpg\" \/>\n<meta name=\"author\" content=\"admin\" \/>\n<meta name=\"twitter:card\" content=\"summary_large_image\" \/>\n<meta name=\"twitter:label1\" content=\"Escrito por\" \/>\n\t<meta name=\"twitter:data1\" content=\"admin\" \/>\n\t<meta name=\"twitter:label2\" content=\"Tiempo de lectura\" \/>\n\t<meta name=\"twitter:data2\" content=\"1 minuto\" \/>\n<script type=\"application\/ld+json\" class=\"yoast-schema-graph\">{\"@context\":\"https:\/\/schema.org\",\"@graph\":[{\"@type\":\"WebPage\",\"@id\":\"https:\/\/www.maidotips.com\/environment\/record-de-la-eolica-en-un-mes-de-mayo\/\",\"url\":\"https:\/\/www.maidotips.com\/environment\/record-de-la-eolica-en-un-mes-de-mayo\/\",\"name\":\"R\u00e9cord de la e\u00f3lica en un mes de mayo - BLOG de ENERGIAS RENOVABLES yTECNOLOGIA\",\"isPartOf\":{\"@id\":\"https:\/\/www.maidotips.com\/environment\/#website\"},\"primaryImageOfPage\":{\"@id\":\"https:\/\/www.maidotips.com\/environment\/record-de-la-eolica-en-un-mes-de-mayo\/#primaryimage\"},\"image\":{\"@id\":\"https:\/\/www.maidotips.com\/environment\/record-de-la-eolica-en-un-mes-de-mayo\/#primaryimage\"},\"thumbnailUrl\":\"http:\/\/www.energias-renovables.com\/ficheroenergias\/fotos\/panorama\/ampliada\/p\/produccion-electrica-mayo-2015.jpg\",\"datePublished\":\"2015-06-02T13:39:13+00:00\",\"author\":{\"@id\":\"https:\/\/www.maidotips.com\/environment\/#\/schema\/person\/c9b890f523795aa69b81a95dee06d804\"},\"breadcrumb\":{\"@id\":\"https:\/\/www.maidotips.com\/environment\/record-de-la-eolica-en-un-mes-de-mayo\/#breadcrumb\"},\"inLanguage\":\"es\",\"potentialAction\":[{\"@type\":\"ReadAction\",\"target\":[\"https:\/\/www.maidotips.com\/environment\/record-de-la-eolica-en-un-mes-de-mayo\/\"]}]},{\"@type\":\"ImageObject\",\"inLanguage\":\"es\",\"@id\":\"https:\/\/www.maidotips.com\/environment\/record-de-la-eolica-en-un-mes-de-mayo\/#primaryimage\",\"url\":\"http:\/\/www.energias-renovables.com\/ficheroenergias\/fotos\/panorama\/ampliada\/p\/produccion-electrica-mayo-2015.jpg\",\"contentUrl\":\"http:\/\/www.energias-renovables.com\/ficheroenergias\/fotos\/panorama\/ampliada\/p\/produccion-electrica-mayo-2015.jpg\"},{\"@type\":\"BreadcrumbList\",\"@id\":\"https:\/\/www.maidotips.com\/environment\/record-de-la-eolica-en-un-mes-de-mayo\/#breadcrumb\",\"itemListElement\":[{\"@type\":\"ListItem\",\"position\":1,\"name\":\"Portada\",\"item\":\"https:\/\/www.maidotips.com\/environment\/\"},{\"@type\":\"ListItem\",\"position\":2,\"name\":\"R\u00e9cord de la e\u00f3lica en un mes de mayo\"}]},{\"@type\":\"WebSite\",\"@id\":\"https:\/\/www.maidotips.com\/environment\/#website\",\"url\":\"https:\/\/www.maidotips.com\/environment\/\",\"name\":\"BLOG de ENERGIAS RENOVABLES yTECNOLOGIA\",\"description\":\"BLOG sobre la energia verde y TECNOLOGIA\",\"potentialAction\":[{\"@type\":\"SearchAction\",\"target\":{\"@type\":\"EntryPoint\",\"urlTemplate\":\"https:\/\/www.maidotips.com\/environment\/?s={search_term_string}\"},\"query-input\":{\"@type\":\"PropertyValueSpecification\",\"valueRequired\":true,\"valueName\":\"search_term_string\"}}],\"inLanguage\":\"es\"},{\"@type\":\"Person\",\"@id\":\"https:\/\/www.maidotips.com\/environment\/#\/schema\/person\/c9b890f523795aa69b81a95dee06d804\",\"name\":\"admin\",\"url\":\"https:\/\/www.maidotips.com\/environment\/author\/admin\/\"}]}<\/script>\n<!-- \/ Yoast SEO plugin. -->","yoast_head_json":{"title":"R\u00e9cord de la e\u00f3lica en un mes de mayo - BLOG de ENERGIAS RENOVABLES yTECNOLOGIA","robots":{"index":"index","follow":"follow","max-snippet":"max-snippet:-1","max-image-preview":"max-image-preview:large","max-video-preview":"max-video-preview:-1"},"canonical":"https:\/\/www.maidotips.com\/environment\/record-de-la-eolica-en-un-mes-de-mayo\/","og_locale":"es_ES","og_type":"article","og_title":"R\u00e9cord de la e\u00f3lica en un mes de mayo - BLOG de ENERGIAS RENOVABLES yTECNOLOGIA","og_description":"La e\u00f3lica lo ha vuelto a hacer. Marca un r\u00e9cord de generaci\u00f3n en un mes de mayo y se sit\u00faa como la primera tecnolog\u00eda del sistema en lo que va de a\u00f1o, con un 23,3% de la generaci\u00f3n total, por encima de la nuclear que llega al 22,2%. \u201cQue la e\u00f3lica se sit\u00fae como la Leer m\u00e1s ...","og_url":"https:\/\/www.maidotips.com\/environment\/record-de-la-eolica-en-un-mes-de-mayo\/","og_site_name":"BLOG de ENERGIAS RENOVABLES yTECNOLOGIA","article_publisher":"https:\/\/www.facebook.com\/Energiasrenovablesytecnologia\/","article_published_time":"2015-06-02T13:39:13+00:00","og_image":[{"url":"http:\/\/www.energias-renovables.com\/ficheroenergias\/fotos\/panorama\/ampliada\/p\/produccion-electrica-mayo-2015.jpg","type":"","width":"","height":""}],"author":"admin","twitter_card":"summary_large_image","twitter_misc":{"Escrito por":"admin","Tiempo de lectura":"1 minuto"},"schema":{"@context":"https:\/\/schema.org","@graph":[{"@type":"WebPage","@id":"https:\/\/www.maidotips.com\/environment\/record-de-la-eolica-en-un-mes-de-mayo\/","url":"https:\/\/www.maidotips.com\/environment\/record-de-la-eolica-en-un-mes-de-mayo\/","name":"R\u00e9cord de la e\u00f3lica en un mes de mayo - BLOG de ENERGIAS RENOVABLES yTECNOLOGIA","isPartOf":{"@id":"https:\/\/www.maidotips.com\/environment\/#website"},"primaryImageOfPage":{"@id":"https:\/\/www.maidotips.com\/environment\/record-de-la-eolica-en-un-mes-de-mayo\/#primaryimage"},"image":{"@id":"https:\/\/www.maidotips.com\/environment\/record-de-la-eolica-en-un-mes-de-mayo\/#primaryimage"},"thumbnailUrl":"http:\/\/www.energias-renovables.com\/ficheroenergias\/fotos\/panorama\/ampliada\/p\/produccion-electrica-mayo-2015.jpg","datePublished":"2015-06-02T13:39:13+00:00","author":{"@id":"https:\/\/www.maidotips.com\/environment\/#\/schema\/person\/c9b890f523795aa69b81a95dee06d804"},"breadcrumb":{"@id":"https:\/\/www.maidotips.com\/environment\/record-de-la-eolica-en-un-mes-de-mayo\/#breadcrumb"},"inLanguage":"es","potentialAction":[{"@type":"ReadAction","target":["https:\/\/www.maidotips.com\/environment\/record-de-la-eolica-en-un-mes-de-mayo\/"]}]},{"@type":"ImageObject","inLanguage":"es","@id":"https:\/\/www.maidotips.com\/environment\/record-de-la-eolica-en-un-mes-de-mayo\/#primaryimage","url":"http:\/\/www.energias-renovables.com\/ficheroenergias\/fotos\/panorama\/ampliada\/p\/produccion-electrica-mayo-2015.jpg","contentUrl":"http:\/\/www.energias-renovables.com\/ficheroenergias\/fotos\/panorama\/ampliada\/p\/produccion-electrica-mayo-2015.jpg"},{"@type":"BreadcrumbList","@id":"https:\/\/www.maidotips.com\/environment\/record-de-la-eolica-en-un-mes-de-mayo\/#breadcrumb","itemListElement":[{"@type":"ListItem","position":1,"name":"Portada","item":"https:\/\/www.maidotips.com\/environment\/"},{"@type":"ListItem","position":2,"name":"R\u00e9cord de la e\u00f3lica en un mes de mayo"}]},{"@type":"WebSite","@id":"https:\/\/www.maidotips.com\/environment\/#website","url":"https:\/\/www.maidotips.com\/environment\/","name":"BLOG de ENERGIAS RENOVABLES yTECNOLOGIA","description":"BLOG sobre la energia verde y TECNOLOGIA","potentialAction":[{"@type":"SearchAction","target":{"@type":"EntryPoint","urlTemplate":"https:\/\/www.maidotips.com\/environment\/?s={search_term_string}"},"query-input":{"@type":"PropertyValueSpecification","valueRequired":true,"valueName":"search_term_string"}}],"inLanguage":"es"},{"@type":"Person","@id":"https:\/\/www.maidotips.com\/environment\/#\/schema\/person\/c9b890f523795aa69b81a95dee06d804","name":"admin","url":"https:\/\/www.maidotips.com\/environment\/author\/admin\/"}]}},"jetpack_featured_media_url":"","jetpack_shortlink":"https:\/\/wp.me\/pbBd6N-bY","jetpack-related-posts":[],"jetpack_likes_enabled":true,"jetpack_sharing_enabled":true,"_links":{"self":[{"href":"https:\/\/www.maidotips.com\/environment\/wp-json\/wp\/v2\/posts\/742","targetHints":{"allow":["GET"]}}],"collection":[{"href":"https:\/\/www.maidotips.com\/environment\/wp-json\/wp\/v2\/posts"}],"about":[{"href":"https:\/\/www.maidotips.com\/environment\/wp-json\/wp\/v2\/types\/post"}],"author":[{"embeddable":true,"href":"https:\/\/www.maidotips.com\/environment\/wp-json\/wp\/v2\/users\/1"}],"replies":[{"embeddable":true,"href":"https:\/\/www.maidotips.com\/environment\/wp-json\/wp\/v2\/comments?post=742"}],"version-history":[{"count":1,"href":"https:\/\/www.maidotips.com\/environment\/wp-json\/wp\/v2\/posts\/742\/revisions"}],"predecessor-version":[{"id":743,"href":"https:\/\/www.maidotips.com\/environment\/wp-json\/wp\/v2\/posts\/742\/revisions\/743"}],"wp:attachment":[{"href":"https:\/\/www.maidotips.com\/environment\/wp-json\/wp\/v2\/media?parent=742"}],"wp:term":[{"taxonomy":"category","embeddable":true,"href":"https:\/\/www.maidotips.com\/environment\/wp-json\/wp\/v2\/categories?post=742"},{"taxonomy":"post_tag","embeddable":true,"href":"https:\/\/www.maidotips.com\/environment\/wp-json\/wp\/v2\/tags?post=742"}],"curies":[{"name":"wp","href":"https:\/\/api.w.org\/{rel}","templated":true}]}}