{"id":750,"date":"2015-06-08T19:28:17","date_gmt":"2015-06-08T17:28:17","guid":{"rendered":"https:\/\/www.maidotips.com\/environment\/?p=750"},"modified":"2015-06-08T19:33:03","modified_gmt":"2015-06-08T17:33:03","slug":"el-decreto-de-autoconsumo-incumple-las-directivas-europeas","status":"publish","type":"post","link":"https:\/\/www.maidotips.com\/environment\/el-decreto-de-autoconsumo-incumple-las-directivas-europeas\/","title":{"rendered":"El decreto de autoconsumo incumple las directivas europeas"},"content":{"rendered":"<p>La memoria que acompa\u00f1a al <a href=\"http:\/\/www.minetur.gob.es\/energia\/es-ES\/Participacion\/Documents\/proyecto-real-decreto-tramite-audiencia\/20150601-RD-Autoconsumo.pdf\" target=\"_blank\"><strong>proyecto de real decreto del Gobierno sobre autoconsumo<\/strong><\/a> se justifica en las directivas europeas de renovables y de eficiencia energ\u00e9tica, pendientes todav\u00eda de su transposici\u00f3n completa al ordenamiento jur\u00eddico nacional. Sin embargo, la propuesta de regulaci\u00f3n que se hace del autoconsumo incumple ambas directivas.<\/p>\n<p><a><img data-recalc-dims=\"1\" decoding=\"async\" class=\"foto_flota_izq\" title=\"El decreto de autoconsumo incumple las directivas europeas\" src=\"https:\/\/i0.wp.com\/www.energias-renovables.com\/ficheroenergias\/fotos\/fotovoltaica\/ampliada\/a\/1albasolar_cubiertas_supermercados_continente_portugal_1.jpg?w=780\" alt=\"El decreto de autoconsumo incumple las directivas europeas\"  \/><\/a><\/p>\n<p><strong>La Directiva 2009\/28\/CE de renovables<\/strong>, en su art\u00edculo 13 establece que los Estados miembros aplicar\u00e1n a las renovables normas objetivas, no discriminatorias y simplificadas para favorecer los peque\u00f1os proyectos y la generaci\u00f3n distribuida. En su art\u00edculo 16 se insta a aprobar normas p\u00fablicas de reparto de costes para la integraci\u00f3n de las renovables con criterios objetivos, transparentes, no discriminatorios y que tengan en cuenta los beneficios que las renovables aportan a la red. Las tarifas que se apliquen a las renovables no podr\u00e1n ser discriminatorias y deber\u00e1n reflejar los beneficios que aportan al sistema.<\/p>\n<p><a href=\"http:\/\/issuu.com\/imedia_comunicacion\/docs\/el_futuro_de_la_gesti__n_energ__tic\" target=\"_blank\"><strong>La Directiva 2012\/27\/UE de eficiencia energ\u00e9tica<\/strong><\/a>, en su art\u00edculo 15, expresa que los Estados miembros suprimir\u00e1n los incentivos en las tarifas que menoscaben la eficiencia energ\u00e9tica e impidan la participaci\u00f3n de los consumidores en la gesti\u00f3n de la demanda. En el art\u00edculo 18 les insta a que se aseguren de que no se obstaculice el acceso a los servicios energ\u00e9ticos o a las medidas de eficiencia energ\u00e9tica para no cerrar el mercado a la competencia ni permitir el abuso de posici\u00f3n dominante por las empresas distribuidoras. El art\u00edculo 19 pide a los gobiernos que tomen medidas para suprimir las barreras de todo tipo que se opongan a la eficiencia energ\u00e9tica.<\/p>\n<p><a href=\"http:\/\/www.energias-renovables.com\/articulo\/el-decreto-de-autoconsumo-incumple-las-directivas-20150608\" target=\"_blank\"><strong>SEGUIR LEYENDO&#8230;.<\/strong><\/a><\/p>\n<p>FUENTE: <a href=\"http:\/\/www.energias-renovables.com\/articulo\/el-decreto-de-autoconsumo-incumple-las-directivas-20150608\" target=\"_blank\">http:\/\/www.energias-renovables.com\/articulo\/el-decreto-de-autoconsumo-incumple-las-directivas-20150608<\/a><\/p>\n<p style=\"text-align: center;\"><iframe loading=\"lazy\" src=\"https:\/\/www.youtube.com\/embed\/rLol1VwwhB0\" width=\"420\" height=\"315\" frameborder=\"0\" allowfullscreen=\"allowfullscreen\"><\/iframe><\/p>\n<p style=\"text-align: center;\"><iframe loading=\"lazy\" style=\"width: 120px; height: 240px;\" src=\"http:\/\/rcm-eu.amazon-adsystem.com\/e\/cm?t=energirenova-21&amp;o=30&amp;p=8&amp;l=as1&amp;asins=B00L0CGXJO&amp;ref=tf_til&amp;fc1=000000&amp;IS2=1&amp;lt1=_blank&amp;m=amazon&amp;lc1=0000FF&amp;bc1=000000&amp;bg1=C6F155&amp;f=ifr\" width=\"300\" height=\"150\" frameborder=\"0\" marginwidth=\"0\" marginheight=\"0\" scrolling=\"no\"><\/iframe><iframe loading=\"lazy\" style=\"width: 120px; height: 240px;\" src=\"http:\/\/rcm-eu.amazon-adsystem.com\/e\/cm?t=energirenova-21&amp;o=30&amp;p=8&amp;l=as1&amp;asins=B00L0CGVG4&amp;ref=tf_til&amp;fc1=000000&amp;IS2=1&amp;lt1=_blank&amp;m=amazon&amp;lc1=0000FF&amp;bc1=000000&amp;bg1=C6F155&amp;f=ifr\" width=\"300\" height=\"150\" frameborder=\"0\" marginwidth=\"0\" marginheight=\"0\" scrolling=\"no\"><\/iframe><iframe loading=\"lazy\" style=\"width: 120px; height: 240px;\" src=\"http:\/\/rcm-eu.amazon-adsystem.com\/e\/cm?t=energirenova-21&amp;o=30&amp;p=8&amp;l=as1&amp;asins=B00KAZ5Q54&amp;ref=tf_til&amp;fc1=000000&amp;IS2=1&amp;lt1=_blank&amp;m=amazon&amp;lc1=0000FF&amp;bc1=000000&amp;bg1=C6F155&amp;f=ifr\" width=\"300\" height=\"150\" frameborder=\"0\" marginwidth=\"0\" marginheight=\"0\" scrolling=\"no\"><\/iframe><\/p>\n","protected":false},"excerpt":{"rendered":"<p>La memoria que acompa\u00f1a al proyecto de real decreto del Gobierno sobre autoconsumo se justifica en las directivas europeas de renovables y de eficiencia energ\u00e9tica, pendientes todav\u00eda de su transposici\u00f3n completa al ordenamiento jur\u00eddico nacional. Sin embargo, la propuesta de regulaci\u00f3n que se hace del autoconsumo incumple ambas directivas. La Directiva 2009\/28\/CE de renovables, en <a class=\"more-link\" href=\"https:\/\/www.maidotips.com\/environment\/el-decreto-de-autoconsumo-incumple-las-directivas-europeas\/\">Leer m\u00e1s &#8230;<\/a><\/p>\n","protected":false},"author":1,"featured_media":0,"comment_status":"closed","ping_status":"closed","sticky":false,"template":"","format":"standard","meta":{"_monsterinsights_skip_tracking":false,"_monsterinsights_sitenote_active":false,"_monsterinsights_sitenote_note":"","_monsterinsights_sitenote_category":0,"jetpack_post_was_ever_published":false,"_jetpack_newsletter_access":"","_jetpack_dont_email_post_to_subs":false,"_jetpack_newsletter_tier_id":0,"_jetpack_memberships_contains_paywalled_content":false,"_jetpack_memberships_contains_paid_content":false,"footnotes":""},"categories":[1],"tags":[],"class_list":["post-750","post","type-post","status-publish","format-standard","hentry","category-energias-renovables"],"yoast_head":"<!-- This site is optimized with the Yoast SEO plugin v24.8.1 - https:\/\/yoast.com\/wordpress\/plugins\/seo\/ -->\n<title>El decreto de autoconsumo incumple las directivas europeas - BLOG de ENERGIAS RENOVABLES yTECNOLOGIA<\/title>\n<meta name=\"robots\" content=\"index, follow, max-snippet:-1, max-image-preview:large, max-video-preview:-1\" \/>\n<link rel=\"canonical\" href=\"https:\/\/www.maidotips.com\/environment\/el-decreto-de-autoconsumo-incumple-las-directivas-europeas\/\" \/>\n<meta property=\"og:locale\" content=\"es_ES\" \/>\n<meta property=\"og:type\" content=\"article\" \/>\n<meta property=\"og:title\" content=\"El decreto de autoconsumo incumple las directivas europeas - BLOG de ENERGIAS RENOVABLES yTECNOLOGIA\" \/>\n<meta property=\"og:description\" content=\"La memoria que acompa\u00f1a al proyecto de real decreto del Gobierno sobre autoconsumo se justifica en las directivas europeas de renovables y de eficiencia energ\u00e9tica, pendientes todav\u00eda de su transposici\u00f3n completa al ordenamiento jur\u00eddico nacional. Sin embargo, la propuesta de regulaci\u00f3n que se hace del autoconsumo incumple ambas directivas. La Directiva 2009\/28\/CE de renovables, en Leer m\u00e1s ...\" \/>\n<meta property=\"og:url\" content=\"https:\/\/www.maidotips.com\/environment\/el-decreto-de-autoconsumo-incumple-las-directivas-europeas\/\" \/>\n<meta property=\"og:site_name\" content=\"BLOG de ENERGIAS RENOVABLES yTECNOLOGIA\" \/>\n<meta property=\"article:publisher\" content=\"https:\/\/www.facebook.com\/Energiasrenovablesytecnologia\/\" \/>\n<meta property=\"article:published_time\" content=\"2015-06-08T17:28:17+00:00\" \/>\n<meta property=\"article:modified_time\" content=\"2015-06-08T17:33:03+00:00\" \/>\n<meta property=\"og:image\" content=\"http:\/\/www.energias-renovables.com\/ficheroenergias\/fotos\/fotovoltaica\/ampliada\/a\/1albasolar_cubiertas_supermercados_continente_portugal_1.jpg\" \/>\n<meta name=\"author\" content=\"admin\" \/>\n<meta name=\"twitter:card\" content=\"summary_large_image\" \/>\n<meta name=\"twitter:label1\" content=\"Escrito por\" \/>\n\t<meta name=\"twitter:data1\" content=\"admin\" \/>\n\t<meta name=\"twitter:label2\" content=\"Tiempo de lectura\" \/>\n\t<meta name=\"twitter:data2\" content=\"1 minuto\" \/>\n<script type=\"application\/ld+json\" class=\"yoast-schema-graph\">{\"@context\":\"https:\/\/schema.org\",\"@graph\":[{\"@type\":\"WebPage\",\"@id\":\"https:\/\/www.maidotips.com\/environment\/el-decreto-de-autoconsumo-incumple-las-directivas-europeas\/\",\"url\":\"https:\/\/www.maidotips.com\/environment\/el-decreto-de-autoconsumo-incumple-las-directivas-europeas\/\",\"name\":\"El decreto de autoconsumo incumple las directivas europeas - BLOG de ENERGIAS RENOVABLES yTECNOLOGIA\",\"isPartOf\":{\"@id\":\"https:\/\/www.maidotips.com\/environment\/#website\"},\"primaryImageOfPage\":{\"@id\":\"https:\/\/www.maidotips.com\/environment\/el-decreto-de-autoconsumo-incumple-las-directivas-europeas\/#primaryimage\"},\"image\":{\"@id\":\"https:\/\/www.maidotips.com\/environment\/el-decreto-de-autoconsumo-incumple-las-directivas-europeas\/#primaryimage\"},\"thumbnailUrl\":\"http:\/\/www.energias-renovables.com\/ficheroenergias\/fotos\/fotovoltaica\/ampliada\/a\/1albasolar_cubiertas_supermercados_continente_portugal_1.jpg\",\"datePublished\":\"2015-06-08T17:28:17+00:00\",\"dateModified\":\"2015-06-08T17:33:03+00:00\",\"author\":{\"@id\":\"https:\/\/www.maidotips.com\/environment\/#\/schema\/person\/c9b890f523795aa69b81a95dee06d804\"},\"breadcrumb\":{\"@id\":\"https:\/\/www.maidotips.com\/environment\/el-decreto-de-autoconsumo-incumple-las-directivas-europeas\/#breadcrumb\"},\"inLanguage\":\"es\",\"potentialAction\":[{\"@type\":\"ReadAction\",\"target\":[\"https:\/\/www.maidotips.com\/environment\/el-decreto-de-autoconsumo-incumple-las-directivas-europeas\/\"]}]},{\"@type\":\"ImageObject\",\"inLanguage\":\"es\",\"@id\":\"https:\/\/www.maidotips.com\/environment\/el-decreto-de-autoconsumo-incumple-las-directivas-europeas\/#primaryimage\",\"url\":\"http:\/\/www.energias-renovables.com\/ficheroenergias\/fotos\/fotovoltaica\/ampliada\/a\/1albasolar_cubiertas_supermercados_continente_portugal_1.jpg\",\"contentUrl\":\"http:\/\/www.energias-renovables.com\/ficheroenergias\/fotos\/fotovoltaica\/ampliada\/a\/1albasolar_cubiertas_supermercados_continente_portugal_1.jpg\"},{\"@type\":\"BreadcrumbList\",\"@id\":\"https:\/\/www.maidotips.com\/environment\/el-decreto-de-autoconsumo-incumple-las-directivas-europeas\/#breadcrumb\",\"itemListElement\":[{\"@type\":\"ListItem\",\"position\":1,\"name\":\"Portada\",\"item\":\"https:\/\/www.maidotips.com\/environment\/\"},{\"@type\":\"ListItem\",\"position\":2,\"name\":\"El decreto de autoconsumo incumple las directivas europeas\"}]},{\"@type\":\"WebSite\",\"@id\":\"https:\/\/www.maidotips.com\/environment\/#website\",\"url\":\"https:\/\/www.maidotips.com\/environment\/\",\"name\":\"BLOG de ENERGIAS RENOVABLES yTECNOLOGIA\",\"description\":\"BLOG sobre la energia verde y TECNOLOGIA\",\"potentialAction\":[{\"@type\":\"SearchAction\",\"target\":{\"@type\":\"EntryPoint\",\"urlTemplate\":\"https:\/\/www.maidotips.com\/environment\/?s={search_term_string}\"},\"query-input\":{\"@type\":\"PropertyValueSpecification\",\"valueRequired\":true,\"valueName\":\"search_term_string\"}}],\"inLanguage\":\"es\"},{\"@type\":\"Person\",\"@id\":\"https:\/\/www.maidotips.com\/environment\/#\/schema\/person\/c9b890f523795aa69b81a95dee06d804\",\"name\":\"admin\",\"url\":\"https:\/\/www.maidotips.com\/environment\/author\/admin\/\"}]}<\/script>\n<!-- \/ Yoast SEO plugin. -->","yoast_head_json":{"title":"El decreto de autoconsumo incumple las directivas europeas - BLOG de ENERGIAS RENOVABLES yTECNOLOGIA","robots":{"index":"index","follow":"follow","max-snippet":"max-snippet:-1","max-image-preview":"max-image-preview:large","max-video-preview":"max-video-preview:-1"},"canonical":"https:\/\/www.maidotips.com\/environment\/el-decreto-de-autoconsumo-incumple-las-directivas-europeas\/","og_locale":"es_ES","og_type":"article","og_title":"El decreto de autoconsumo incumple las directivas europeas - BLOG de ENERGIAS RENOVABLES yTECNOLOGIA","og_description":"La memoria que acompa\u00f1a al proyecto de real decreto del Gobierno sobre autoconsumo se justifica en las directivas europeas de renovables y de eficiencia energ\u00e9tica, pendientes todav\u00eda de su transposici\u00f3n completa al ordenamiento jur\u00eddico nacional. Sin embargo, la propuesta de regulaci\u00f3n que se hace del autoconsumo incumple ambas directivas. La Directiva 2009\/28\/CE de renovables, en Leer m\u00e1s ...","og_url":"https:\/\/www.maidotips.com\/environment\/el-decreto-de-autoconsumo-incumple-las-directivas-europeas\/","og_site_name":"BLOG de ENERGIAS RENOVABLES yTECNOLOGIA","article_publisher":"https:\/\/www.facebook.com\/Energiasrenovablesytecnologia\/","article_published_time":"2015-06-08T17:28:17+00:00","article_modified_time":"2015-06-08T17:33:03+00:00","og_image":[{"url":"http:\/\/www.energias-renovables.com\/ficheroenergias\/fotos\/fotovoltaica\/ampliada\/a\/1albasolar_cubiertas_supermercados_continente_portugal_1.jpg","type":"","width":"","height":""}],"author":"admin","twitter_card":"summary_large_image","twitter_misc":{"Escrito por":"admin","Tiempo de lectura":"1 minuto"},"schema":{"@context":"https:\/\/schema.org","@graph":[{"@type":"WebPage","@id":"https:\/\/www.maidotips.com\/environment\/el-decreto-de-autoconsumo-incumple-las-directivas-europeas\/","url":"https:\/\/www.maidotips.com\/environment\/el-decreto-de-autoconsumo-incumple-las-directivas-europeas\/","name":"El decreto de autoconsumo incumple las directivas europeas - BLOG de ENERGIAS RENOVABLES yTECNOLOGIA","isPartOf":{"@id":"https:\/\/www.maidotips.com\/environment\/#website"},"primaryImageOfPage":{"@id":"https:\/\/www.maidotips.com\/environment\/el-decreto-de-autoconsumo-incumple-las-directivas-europeas\/#primaryimage"},"image":{"@id":"https:\/\/www.maidotips.com\/environment\/el-decreto-de-autoconsumo-incumple-las-directivas-europeas\/#primaryimage"},"thumbnailUrl":"http:\/\/www.energias-renovables.com\/ficheroenergias\/fotos\/fotovoltaica\/ampliada\/a\/1albasolar_cubiertas_supermercados_continente_portugal_1.jpg","datePublished":"2015-06-08T17:28:17+00:00","dateModified":"2015-06-08T17:33:03+00:00","author":{"@id":"https:\/\/www.maidotips.com\/environment\/#\/schema\/person\/c9b890f523795aa69b81a95dee06d804"},"breadcrumb":{"@id":"https:\/\/www.maidotips.com\/environment\/el-decreto-de-autoconsumo-incumple-las-directivas-europeas\/#breadcrumb"},"inLanguage":"es","potentialAction":[{"@type":"ReadAction","target":["https:\/\/www.maidotips.com\/environment\/el-decreto-de-autoconsumo-incumple-las-directivas-europeas\/"]}]},{"@type":"ImageObject","inLanguage":"es","@id":"https:\/\/www.maidotips.com\/environment\/el-decreto-de-autoconsumo-incumple-las-directivas-europeas\/#primaryimage","url":"http:\/\/www.energias-renovables.com\/ficheroenergias\/fotos\/fotovoltaica\/ampliada\/a\/1albasolar_cubiertas_supermercados_continente_portugal_1.jpg","contentUrl":"http:\/\/www.energias-renovables.com\/ficheroenergias\/fotos\/fotovoltaica\/ampliada\/a\/1albasolar_cubiertas_supermercados_continente_portugal_1.jpg"},{"@type":"BreadcrumbList","@id":"https:\/\/www.maidotips.com\/environment\/el-decreto-de-autoconsumo-incumple-las-directivas-europeas\/#breadcrumb","itemListElement":[{"@type":"ListItem","position":1,"name":"Portada","item":"https:\/\/www.maidotips.com\/environment\/"},{"@type":"ListItem","position":2,"name":"El decreto de autoconsumo incumple las directivas europeas"}]},{"@type":"WebSite","@id":"https:\/\/www.maidotips.com\/environment\/#website","url":"https:\/\/www.maidotips.com\/environment\/","name":"BLOG de ENERGIAS RENOVABLES yTECNOLOGIA","description":"BLOG sobre la energia verde y TECNOLOGIA","potentialAction":[{"@type":"SearchAction","target":{"@type":"EntryPoint","urlTemplate":"https:\/\/www.maidotips.com\/environment\/?s={search_term_string}"},"query-input":{"@type":"PropertyValueSpecification","valueRequired":true,"valueName":"search_term_string"}}],"inLanguage":"es"},{"@type":"Person","@id":"https:\/\/www.maidotips.com\/environment\/#\/schema\/person\/c9b890f523795aa69b81a95dee06d804","name":"admin","url":"https:\/\/www.maidotips.com\/environment\/author\/admin\/"}]}},"jetpack_featured_media_url":"","jetpack_shortlink":"https:\/\/wp.me\/pbBd6N-c6","jetpack-related-posts":[],"jetpack_likes_enabled":true,"jetpack_sharing_enabled":true,"_links":{"self":[{"href":"https:\/\/www.maidotips.com\/environment\/wp-json\/wp\/v2\/posts\/750","targetHints":{"allow":["GET"]}}],"collection":[{"href":"https:\/\/www.maidotips.com\/environment\/wp-json\/wp\/v2\/posts"}],"about":[{"href":"https:\/\/www.maidotips.com\/environment\/wp-json\/wp\/v2\/types\/post"}],"author":[{"embeddable":true,"href":"https:\/\/www.maidotips.com\/environment\/wp-json\/wp\/v2\/users\/1"}],"replies":[{"embeddable":true,"href":"https:\/\/www.maidotips.com\/environment\/wp-json\/wp\/v2\/comments?post=750"}],"version-history":[{"count":2,"href":"https:\/\/www.maidotips.com\/environment\/wp-json\/wp\/v2\/posts\/750\/revisions"}],"predecessor-version":[{"id":753,"href":"https:\/\/www.maidotips.com\/environment\/wp-json\/wp\/v2\/posts\/750\/revisions\/753"}],"wp:attachment":[{"href":"https:\/\/www.maidotips.com\/environment\/wp-json\/wp\/v2\/media?parent=750"}],"wp:term":[{"taxonomy":"category","embeddable":true,"href":"https:\/\/www.maidotips.com\/environment\/wp-json\/wp\/v2\/categories?post=750"},{"taxonomy":"post_tag","embeddable":true,"href":"https:\/\/www.maidotips.com\/environment\/wp-json\/wp\/v2\/tags?post=750"}],"curies":[{"name":"wp","href":"https:\/\/api.w.org\/{rel}","templated":true}]}}