{"id":796,"date":"2015-06-19T10:12:33","date_gmt":"2015-06-19T08:12:33","guid":{"rendered":"https:\/\/www.maidotips.com\/environment\/?p=796"},"modified":"2015-06-19T10:18:36","modified_gmt":"2015-06-19T08:18:36","slug":"las-cinco-recomendaciones-de-las-electricas-europeas-para-regular-la-generacion-distribuida-y-el-autoconsumo","status":"publish","type":"post","link":"https:\/\/www.maidotips.com\/environment\/las-cinco-recomendaciones-de-las-electricas-europeas-para-regular-la-generacion-distribuida-y-el-autoconsumo\/","title":{"rendered":"Las cinco recomendaciones de las el\u00e9ctricas europeas para regular la generaci\u00f3n distribuida y el autoconsumo"},"content":{"rendered":"<header class=\"entry-header\">\n<p class=\"entry-subtitle\">Eurelectric exige acabar con los impuestos de la tarifa si se quiere integrar de verdad a los prosumidores en el sistema el\u00e9ctrico<\/p>\n<p class=\"entry-subtitle\"><img loading=\"lazy\" decoding=\"async\" class=\"size-large wp-image-23718\" src=\"http:\/\/i1.wp.com\/elperiodicodelaenergia.com\/wp-content\/uploads\/2015\/06\/Esquema-de-generaci%C3%B3n-distribuida.jpg?resize=1024%2C600\" alt=\"Esquema de generaci\u00f3n distribuida.\" width=\"513\" height=\"301\" \/><\/p>\n<p class=\"entry-subtitle\">\n<\/header>\n<div class=\"entry-content\">\n<div class=\"sharedaddy sd-sharing-enabled\">\n<div class=\"robots-nocontent sd-block sd-social sd-social-icon-text sd-sharing\">\n<p>La patronal\u00a0europea de las el\u00e9ctricas, <strong>Eurelectric<\/strong>, ha presentado este jueves un nuevo papel en el que recomienda regular de una manera adecuada la generaci\u00f3n distribuida para que los prosumidores, aquellos consumidores que se convierten tambi\u00e9n en productores de energ\u00eda el\u00e9ctrica, se integren en el mercado y el sistema el\u00e9ctrico europeo.<\/p>\n<p>Eurelectric asegura que\u00a0apoya el empoderamiento del consumidor\u00a0y el papel activo de los clientes en los mercados de la electricidad. A trav\u00e9s de\u00a0liberalizaci\u00f3n del mercado, a los clientes se les dio la posibilidad de elegir su propio proveedor de electricidad. Recientemente, el poder de elecci\u00f3n de los clientes ha aumentado a\u00fan m\u00e1s con la introducci\u00f3n de la generaci\u00f3n distribuida: los consumidores\u00a0pueden ahora\u00a0elegir si comprar toda su electricidad a partir de un minorista o producir parte ellos mismos.<\/p>\n<p>Las el\u00e9ctricas europeas lo tienen claro. Los prosumidores o autoconsumidores se benefician de la garant\u00eda de un\u00a0suministro continuo de electricidad a trav\u00e9s de la conexi\u00f3n a la red y el acceso al mercado: la red\u00a0permite la inyecci\u00f3n y retiro de la electricidad, mientras que el acceso al mercado hace que sea posible comprar y vender electricidad a\u00a0los precios de mercado.<\/p>\n<p>Es por ello, que Eurelectric exige un marco regulatorio estable y basado en el mercado que valore adecuadamente la electricidad y estimule la innovaci\u00f3n, permitiendo as\u00ed a\u00a0las empresas desarrollar productos y servicios para los prosumidores. De esta manera, \u201cla generaci\u00f3n distribuida ser\u00e1\u00a0rentable cuando el marco regulador proporcione una igualdad de condiciones entre\u00a0todas las tecnolog\u00edas de generaci\u00f3n, almacenamiento y respuesta de la demanda. Esto permitir\u00e1 una mayor integraci\u00f3n de los mercados de la generaci\u00f3n distribuida\u00a0reduciendo al m\u00ednimo las distorsiones del mercado\u201d, se\u00f1alan las el\u00e9ctricas en el informe <a href=\"http:\/\/www.eurelectric.org\/media\/178736\/prosumers_an_integral_part_of_the_power_system_and_market_june_2015-2015-2110-0004-01-e.pdf\">Prosumidores, una parte integrada del mercado y sistema energ\u00e9tico<\/a>.<\/p>\n<p>Europa ha avanzado mucho en el mercado de la generaci\u00f3n distribuida. El marco regulatorio debe, por tanto, adaptarse para garantizar el desarrollo rentable de la generaci\u00f3n y\u00a0las\u00a0redes de distribuci\u00f3n, as\u00ed como un reparto equitativo de los costes y beneficios, dice el documento.<\/p>\n<\/div>\n<p><strong><a href=\"http:\/\/elperiodicodelaenergia.com\/las-cinco-recomendaciones-de-las-electricas-europeas-para-regular-la-generacion-distribuida-y-el-autoconsumo\/\">SEGUIR LEYENDO&#8230;<\/a><\/strong><\/p>\n<p>FUENTE: http:\/\/elperiodicodelaenergia.com\/las-cinco-recomendaciones-de-las-electricas-europeas-para-regular-la-generacion-distribuida-y-el-autoconsumo\/<\/p>\n<\/div>\n<\/div>\n","protected":false},"excerpt":{"rendered":"<p>Eurelectric exige acabar con los impuestos de la tarifa si se quiere integrar de verdad a los prosumidores en el sistema el\u00e9ctrico La patronal\u00a0europea de las el\u00e9ctricas, Eurelectric, ha presentado este jueves un nuevo papel en el que recomienda regular de una manera adecuada la generaci\u00f3n distribuida para que los prosumidores, aquellos consumidores que se <a class=\"more-link\" href=\"https:\/\/www.maidotips.com\/environment\/las-cinco-recomendaciones-de-las-electricas-europeas-para-regular-la-generacion-distribuida-y-el-autoconsumo\/\">Leer m\u00e1s &#8230;<\/a><\/p>\n","protected":false},"author":1,"featured_media":0,"comment_status":"closed","ping_status":"closed","sticky":false,"template":"","format":"standard","meta":{"_monsterinsights_skip_tracking":false,"_monsterinsights_sitenote_active":false,"_monsterinsights_sitenote_note":"","_monsterinsights_sitenote_category":0,"jetpack_post_was_ever_published":false,"_jetpack_newsletter_access":"","_jetpack_dont_email_post_to_subs":false,"_jetpack_newsletter_tier_id":0,"_jetpack_memberships_contains_paywalled_content":false,"_jetpack_memberships_contains_paid_content":false,"footnotes":""},"categories":[1],"tags":[],"class_list":["post-796","post","type-post","status-publish","format-standard","hentry","category-energias-renovables"],"yoast_head":"<!-- This site is optimized with the Yoast SEO plugin v24.8.1 - https:\/\/yoast.com\/wordpress\/plugins\/seo\/ -->\n<title>Las cinco recomendaciones de las el\u00e9ctricas europeas para regular la generaci\u00f3n distribuida y el autoconsumo - BLOG de ENERGIAS RENOVABLES yTECNOLOGIA<\/title>\n<meta name=\"robots\" content=\"index, follow, max-snippet:-1, max-image-preview:large, max-video-preview:-1\" \/>\n<link rel=\"canonical\" href=\"https:\/\/www.maidotips.com\/environment\/las-cinco-recomendaciones-de-las-electricas-europeas-para-regular-la-generacion-distribuida-y-el-autoconsumo\/\" \/>\n<meta property=\"og:locale\" content=\"es_ES\" \/>\n<meta property=\"og:type\" content=\"article\" \/>\n<meta property=\"og:title\" content=\"Las cinco recomendaciones de las el\u00e9ctricas europeas para regular la generaci\u00f3n distribuida y el autoconsumo - BLOG de ENERGIAS RENOVABLES yTECNOLOGIA\" \/>\n<meta property=\"og:description\" content=\"Eurelectric exige acabar con los impuestos de la tarifa si se quiere integrar de verdad a los prosumidores en el sistema el\u00e9ctrico La patronal\u00a0europea de las el\u00e9ctricas, Eurelectric, ha presentado este jueves un nuevo papel en el que recomienda regular de una manera adecuada la generaci\u00f3n distribuida para que los prosumidores, aquellos consumidores que se Leer m\u00e1s ...\" \/>\n<meta property=\"og:url\" content=\"https:\/\/www.maidotips.com\/environment\/las-cinco-recomendaciones-de-las-electricas-europeas-para-regular-la-generacion-distribuida-y-el-autoconsumo\/\" \/>\n<meta property=\"og:site_name\" content=\"BLOG de ENERGIAS RENOVABLES yTECNOLOGIA\" \/>\n<meta property=\"article:publisher\" content=\"https:\/\/www.facebook.com\/Energiasrenovablesytecnologia\/\" \/>\n<meta property=\"article:published_time\" content=\"2015-06-19T08:12:33+00:00\" \/>\n<meta property=\"article:modified_time\" content=\"2015-06-19T08:18:36+00:00\" \/>\n<meta property=\"og:image\" content=\"http:\/\/i1.wp.com\/elperiodicodelaenergia.com\/wp-content\/uploads\/2015\/06\/Esquema-de-generaci%C3%B3n-distribuida.jpg?resize=1024%2C600\" \/>\n<meta name=\"author\" content=\"admin\" \/>\n<meta name=\"twitter:card\" content=\"summary_large_image\" \/>\n<meta name=\"twitter:label1\" content=\"Escrito por\" \/>\n\t<meta name=\"twitter:data1\" content=\"admin\" \/>\n\t<meta name=\"twitter:label2\" content=\"Tiempo de lectura\" \/>\n\t<meta name=\"twitter:data2\" content=\"2 minutos\" \/>\n<script type=\"application\/ld+json\" class=\"yoast-schema-graph\">{\"@context\":\"https:\/\/schema.org\",\"@graph\":[{\"@type\":\"WebPage\",\"@id\":\"https:\/\/www.maidotips.com\/environment\/las-cinco-recomendaciones-de-las-electricas-europeas-para-regular-la-generacion-distribuida-y-el-autoconsumo\/\",\"url\":\"https:\/\/www.maidotips.com\/environment\/las-cinco-recomendaciones-de-las-electricas-europeas-para-regular-la-generacion-distribuida-y-el-autoconsumo\/\",\"name\":\"Las cinco recomendaciones de las el\u00e9ctricas europeas para regular la generaci\u00f3n distribuida y el autoconsumo - BLOG de ENERGIAS RENOVABLES yTECNOLOGIA\",\"isPartOf\":{\"@id\":\"https:\/\/www.maidotips.com\/environment\/#website\"},\"primaryImageOfPage\":{\"@id\":\"https:\/\/www.maidotips.com\/environment\/las-cinco-recomendaciones-de-las-electricas-europeas-para-regular-la-generacion-distribuida-y-el-autoconsumo\/#primaryimage\"},\"image\":{\"@id\":\"https:\/\/www.maidotips.com\/environment\/las-cinco-recomendaciones-de-las-electricas-europeas-para-regular-la-generacion-distribuida-y-el-autoconsumo\/#primaryimage\"},\"thumbnailUrl\":\"http:\/\/i1.wp.com\/elperiodicodelaenergia.com\/wp-content\/uploads\/2015\/06\/Esquema-de-generaci%C3%B3n-distribuida.jpg?resize=1024%2C600\",\"datePublished\":\"2015-06-19T08:12:33+00:00\",\"dateModified\":\"2015-06-19T08:18:36+00:00\",\"author\":{\"@id\":\"https:\/\/www.maidotips.com\/environment\/#\/schema\/person\/c9b890f523795aa69b81a95dee06d804\"},\"breadcrumb\":{\"@id\":\"https:\/\/www.maidotips.com\/environment\/las-cinco-recomendaciones-de-las-electricas-europeas-para-regular-la-generacion-distribuida-y-el-autoconsumo\/#breadcrumb\"},\"inLanguage\":\"es\",\"potentialAction\":[{\"@type\":\"ReadAction\",\"target\":[\"https:\/\/www.maidotips.com\/environment\/las-cinco-recomendaciones-de-las-electricas-europeas-para-regular-la-generacion-distribuida-y-el-autoconsumo\/\"]}]},{\"@type\":\"ImageObject\",\"inLanguage\":\"es\",\"@id\":\"https:\/\/www.maidotips.com\/environment\/las-cinco-recomendaciones-de-las-electricas-europeas-para-regular-la-generacion-distribuida-y-el-autoconsumo\/#primaryimage\",\"url\":\"http:\/\/i1.wp.com\/elperiodicodelaenergia.com\/wp-content\/uploads\/2015\/06\/Esquema-de-generaci%C3%B3n-distribuida.jpg?resize=1024%2C600\",\"contentUrl\":\"http:\/\/i1.wp.com\/elperiodicodelaenergia.com\/wp-content\/uploads\/2015\/06\/Esquema-de-generaci%C3%B3n-distribuida.jpg?resize=1024%2C600\"},{\"@type\":\"BreadcrumbList\",\"@id\":\"https:\/\/www.maidotips.com\/environment\/las-cinco-recomendaciones-de-las-electricas-europeas-para-regular-la-generacion-distribuida-y-el-autoconsumo\/#breadcrumb\",\"itemListElement\":[{\"@type\":\"ListItem\",\"position\":1,\"name\":\"Portada\",\"item\":\"https:\/\/www.maidotips.com\/environment\/\"},{\"@type\":\"ListItem\",\"position\":2,\"name\":\"Las cinco recomendaciones de las el\u00e9ctricas europeas para regular la generaci\u00f3n distribuida y el autoconsumo\"}]},{\"@type\":\"WebSite\",\"@id\":\"https:\/\/www.maidotips.com\/environment\/#website\",\"url\":\"https:\/\/www.maidotips.com\/environment\/\",\"name\":\"BLOG de ENERGIAS RENOVABLES yTECNOLOGIA\",\"description\":\"BLOG sobre la energia verde y TECNOLOGIA\",\"potentialAction\":[{\"@type\":\"SearchAction\",\"target\":{\"@type\":\"EntryPoint\",\"urlTemplate\":\"https:\/\/www.maidotips.com\/environment\/?s={search_term_string}\"},\"query-input\":{\"@type\":\"PropertyValueSpecification\",\"valueRequired\":true,\"valueName\":\"search_term_string\"}}],\"inLanguage\":\"es\"},{\"@type\":\"Person\",\"@id\":\"https:\/\/www.maidotips.com\/environment\/#\/schema\/person\/c9b890f523795aa69b81a95dee06d804\",\"name\":\"admin\",\"url\":\"https:\/\/www.maidotips.com\/environment\/author\/admin\/\"}]}<\/script>\n<!-- \/ Yoast SEO plugin. -->","yoast_head_json":{"title":"Las cinco recomendaciones de las el\u00e9ctricas europeas para regular la generaci\u00f3n distribuida y el autoconsumo - BLOG de ENERGIAS RENOVABLES yTECNOLOGIA","robots":{"index":"index","follow":"follow","max-snippet":"max-snippet:-1","max-image-preview":"max-image-preview:large","max-video-preview":"max-video-preview:-1"},"canonical":"https:\/\/www.maidotips.com\/environment\/las-cinco-recomendaciones-de-las-electricas-europeas-para-regular-la-generacion-distribuida-y-el-autoconsumo\/","og_locale":"es_ES","og_type":"article","og_title":"Las cinco recomendaciones de las el\u00e9ctricas europeas para regular la generaci\u00f3n distribuida y el autoconsumo - BLOG de ENERGIAS RENOVABLES yTECNOLOGIA","og_description":"Eurelectric exige acabar con los impuestos de la tarifa si se quiere integrar de verdad a los prosumidores en el sistema el\u00e9ctrico La patronal\u00a0europea de las el\u00e9ctricas, Eurelectric, ha presentado este jueves un nuevo papel en el que recomienda regular de una manera adecuada la generaci\u00f3n distribuida para que los prosumidores, aquellos consumidores que se Leer m\u00e1s ...","og_url":"https:\/\/www.maidotips.com\/environment\/las-cinco-recomendaciones-de-las-electricas-europeas-para-regular-la-generacion-distribuida-y-el-autoconsumo\/","og_site_name":"BLOG de ENERGIAS RENOVABLES yTECNOLOGIA","article_publisher":"https:\/\/www.facebook.com\/Energiasrenovablesytecnologia\/","article_published_time":"2015-06-19T08:12:33+00:00","article_modified_time":"2015-06-19T08:18:36+00:00","og_image":[{"url":"http:\/\/i1.wp.com\/elperiodicodelaenergia.com\/wp-content\/uploads\/2015\/06\/Esquema-de-generaci%C3%B3n-distribuida.jpg?resize=1024%2C600","type":"","width":"","height":""}],"author":"admin","twitter_card":"summary_large_image","twitter_misc":{"Escrito por":"admin","Tiempo de lectura":"2 minutos"},"schema":{"@context":"https:\/\/schema.org","@graph":[{"@type":"WebPage","@id":"https:\/\/www.maidotips.com\/environment\/las-cinco-recomendaciones-de-las-electricas-europeas-para-regular-la-generacion-distribuida-y-el-autoconsumo\/","url":"https:\/\/www.maidotips.com\/environment\/las-cinco-recomendaciones-de-las-electricas-europeas-para-regular-la-generacion-distribuida-y-el-autoconsumo\/","name":"Las cinco recomendaciones de las el\u00e9ctricas europeas para regular la generaci\u00f3n distribuida y el autoconsumo - BLOG de ENERGIAS RENOVABLES yTECNOLOGIA","isPartOf":{"@id":"https:\/\/www.maidotips.com\/environment\/#website"},"primaryImageOfPage":{"@id":"https:\/\/www.maidotips.com\/environment\/las-cinco-recomendaciones-de-las-electricas-europeas-para-regular-la-generacion-distribuida-y-el-autoconsumo\/#primaryimage"},"image":{"@id":"https:\/\/www.maidotips.com\/environment\/las-cinco-recomendaciones-de-las-electricas-europeas-para-regular-la-generacion-distribuida-y-el-autoconsumo\/#primaryimage"},"thumbnailUrl":"http:\/\/i1.wp.com\/elperiodicodelaenergia.com\/wp-content\/uploads\/2015\/06\/Esquema-de-generaci%C3%B3n-distribuida.jpg?resize=1024%2C600","datePublished":"2015-06-19T08:12:33+00:00","dateModified":"2015-06-19T08:18:36+00:00","author":{"@id":"https:\/\/www.maidotips.com\/environment\/#\/schema\/person\/c9b890f523795aa69b81a95dee06d804"},"breadcrumb":{"@id":"https:\/\/www.maidotips.com\/environment\/las-cinco-recomendaciones-de-las-electricas-europeas-para-regular-la-generacion-distribuida-y-el-autoconsumo\/#breadcrumb"},"inLanguage":"es","potentialAction":[{"@type":"ReadAction","target":["https:\/\/www.maidotips.com\/environment\/las-cinco-recomendaciones-de-las-electricas-europeas-para-regular-la-generacion-distribuida-y-el-autoconsumo\/"]}]},{"@type":"ImageObject","inLanguage":"es","@id":"https:\/\/www.maidotips.com\/environment\/las-cinco-recomendaciones-de-las-electricas-europeas-para-regular-la-generacion-distribuida-y-el-autoconsumo\/#primaryimage","url":"http:\/\/i1.wp.com\/elperiodicodelaenergia.com\/wp-content\/uploads\/2015\/06\/Esquema-de-generaci%C3%B3n-distribuida.jpg?resize=1024%2C600","contentUrl":"http:\/\/i1.wp.com\/elperiodicodelaenergia.com\/wp-content\/uploads\/2015\/06\/Esquema-de-generaci%C3%B3n-distribuida.jpg?resize=1024%2C600"},{"@type":"BreadcrumbList","@id":"https:\/\/www.maidotips.com\/environment\/las-cinco-recomendaciones-de-las-electricas-europeas-para-regular-la-generacion-distribuida-y-el-autoconsumo\/#breadcrumb","itemListElement":[{"@type":"ListItem","position":1,"name":"Portada","item":"https:\/\/www.maidotips.com\/environment\/"},{"@type":"ListItem","position":2,"name":"Las cinco recomendaciones de las el\u00e9ctricas europeas para regular la generaci\u00f3n distribuida y el autoconsumo"}]},{"@type":"WebSite","@id":"https:\/\/www.maidotips.com\/environment\/#website","url":"https:\/\/www.maidotips.com\/environment\/","name":"BLOG de ENERGIAS RENOVABLES yTECNOLOGIA","description":"BLOG sobre la energia verde y TECNOLOGIA","potentialAction":[{"@type":"SearchAction","target":{"@type":"EntryPoint","urlTemplate":"https:\/\/www.maidotips.com\/environment\/?s={search_term_string}"},"query-input":{"@type":"PropertyValueSpecification","valueRequired":true,"valueName":"search_term_string"}}],"inLanguage":"es"},{"@type":"Person","@id":"https:\/\/www.maidotips.com\/environment\/#\/schema\/person\/c9b890f523795aa69b81a95dee06d804","name":"admin","url":"https:\/\/www.maidotips.com\/environment\/author\/admin\/"}]}},"jetpack_featured_media_url":"","jetpack_shortlink":"https:\/\/wp.me\/pbBd6N-cQ","jetpack-related-posts":[],"jetpack_likes_enabled":true,"jetpack_sharing_enabled":true,"_links":{"self":[{"href":"https:\/\/www.maidotips.com\/environment\/wp-json\/wp\/v2\/posts\/796","targetHints":{"allow":["GET"]}}],"collection":[{"href":"https:\/\/www.maidotips.com\/environment\/wp-json\/wp\/v2\/posts"}],"about":[{"href":"https:\/\/www.maidotips.com\/environment\/wp-json\/wp\/v2\/types\/post"}],"author":[{"embeddable":true,"href":"https:\/\/www.maidotips.com\/environment\/wp-json\/wp\/v2\/users\/1"}],"replies":[{"embeddable":true,"href":"https:\/\/www.maidotips.com\/environment\/wp-json\/wp\/v2\/comments?post=796"}],"version-history":[{"count":2,"href":"https:\/\/www.maidotips.com\/environment\/wp-json\/wp\/v2\/posts\/796\/revisions"}],"predecessor-version":[{"id":800,"href":"https:\/\/www.maidotips.com\/environment\/wp-json\/wp\/v2\/posts\/796\/revisions\/800"}],"wp:attachment":[{"href":"https:\/\/www.maidotips.com\/environment\/wp-json\/wp\/v2\/media?parent=796"}],"wp:term":[{"taxonomy":"category","embeddable":true,"href":"https:\/\/www.maidotips.com\/environment\/wp-json\/wp\/v2\/categories?post=796"},{"taxonomy":"post_tag","embeddable":true,"href":"https:\/\/www.maidotips.com\/environment\/wp-json\/wp\/v2\/tags?post=796"}],"curies":[{"name":"wp","href":"https:\/\/api.w.org\/{rel}","templated":true}]}}