{"id":818,"date":"2015-07-03T13:01:15","date_gmt":"2015-07-03T11:01:15","guid":{"rendered":"https:\/\/www.maidotips.com\/environment\/?p=818"},"modified":"2015-07-03T13:01:15","modified_gmt":"2015-07-03T11:01:15","slug":"catalunya-dice-no-a-la-propuesta-estatal-de-regulacion-del-autoconsumo","status":"publish","type":"post","link":"https:\/\/www.maidotips.com\/environment\/catalunya-dice-no-a-la-propuesta-estatal-de-regulacion-del-autoconsumo\/","title":{"rendered":"Catalunya dice \u2018NO\u2019 a la propuesta estatal de regulaci\u00f3n del autoconsumo"},"content":{"rendered":"<div>En un comunicado, el Govern ha explicado que su informe de alegaciones determina que \u00abno se entienden las enormes restricciones t\u00e9cnicas y econ\u00f3micas que se ponen al autoconsumo\u00bb como alternativa al mercado convencional.<\/p>\n<div>La Generalitat ha remitido alegaciones al Ministerio de Industria para mostrar su \u00abrechazo total\u00bb a la propuesta de Real Decreto de regulaci\u00f3n del autoconsumo el\u00e9ctrico, ya que considera que coarta el desarrollo de esta modalidad de generaci\u00f3n y vulnera las competencias auton\u00f3micas. En un comunicado, el Govern ha explicado que su informe de alegaciones determina que \u00abno se entienden las enormes restricciones t\u00e9cnicas y econ\u00f3micas que se ponen al autoconsumo\u00bb como alternativa al mercado convencional. Tambi\u00e9n critica la \u00abvisi\u00f3n negativa y muy intervencionista\u00bb del proyecto y lamenta que no se impulsan las aportaciones positivas que el autoconsumo puede hacer al sistema el\u00e9ctrico, como la reducci\u00f3n de la dependencia energ\u00e9tica, la reducci\u00f3n de p\u00e9rdidas en la red, la reducci\u00f3n de saturaciones en la red de distribuci\u00f3n o el allanamiento de la curva de carga, entre otros. BARRERAS Y PENALIZACIONES La Generalitat describe la figura del peaje de apoyo como \u00abuna barrera insalvable para el desarrollo del autoconsumo en Espa\u00f1a\u00bb, y lo considera discriminatorio. Por contra, defiende que el autoconsumo, adem\u00e1s de contribuir a la seguridad y garant\u00eda de suministro y la eficiencia econ\u00f3mica del sistema, \u00abpuede contribuir al cumplimiento de los objetivos de la UE en materia de energ\u00edas renovables con un coste inferior al de otros mecanismos de fomento de las energ\u00edas renovables\u00bb. Adem\u00e1s, considera que \u00abno tiene sentido\u00bb que un productor y un consumidor de energ\u00eda el\u00e9ctrica no se puedan conectar libremente de manera directa, lo que perjudica el desarrollo de las empresas de servicios energ\u00e9ticos, en contra de lo dispuesto en las directivas europeas. Tambi\u00e9n reprocha que el nuevo texto penalice aquellas instalaciones de hasta 100 kW de potencia que se han colocado hasta el momento, de acuerdo con el vac\u00edo normativo existente.<\/p>\n<p>Fuente: <a href=\"http:\/\/www.ecoticias.com\/energias-renovables\/104978\/catalunya-dice-no-a-la-propuesta-estatal-de-regulacion-del-autoconsumo\" rel=\"nofollow\">http:\/\/www.ecoticias.com\/energias-renovables\/104978\/catalunya-dice-no-a-la-propuesta-estatal-de-regulacion-del-autoconsumo<\/a><\/div>\n<\/div>\n","protected":false},"excerpt":{"rendered":"<p>En un comunicado, el Govern ha explicado que su informe de alegaciones determina que \u00abno se entienden las enormes restricciones t\u00e9cnicas y econ\u00f3micas que se ponen al autoconsumo\u00bb como alternativa al mercado convencional. La Generalitat ha remitido alegaciones al Ministerio de Industria para mostrar su \u00abrechazo total\u00bb a la propuesta de Real Decreto de regulaci\u00f3n <a class=\"more-link\" href=\"https:\/\/www.maidotips.com\/environment\/catalunya-dice-no-a-la-propuesta-estatal-de-regulacion-del-autoconsumo\/\">Leer m\u00e1s &#8230;<\/a><\/p>\n","protected":false},"author":1,"featured_media":0,"comment_status":"closed","ping_status":"closed","sticky":false,"template":"","format":"standard","meta":{"_monsterinsights_skip_tracking":false,"_monsterinsights_sitenote_active":false,"_monsterinsights_sitenote_note":"","_monsterinsights_sitenote_category":0,"jetpack_post_was_ever_published":false,"_jetpack_newsletter_access":"","_jetpack_dont_email_post_to_subs":false,"_jetpack_newsletter_tier_id":0,"_jetpack_memberships_contains_paywalled_content":false,"_jetpack_memberships_contains_paid_content":false,"footnotes":""},"categories":[1],"tags":[],"class_list":["post-818","post","type-post","status-publish","format-standard","hentry","category-energias-renovables"],"yoast_head":"<!-- This site is optimized with the Yoast SEO plugin v24.8.1 - https:\/\/yoast.com\/wordpress\/plugins\/seo\/ -->\n<title>Catalunya dice \u2018NO\u2019 a la propuesta estatal de regulaci\u00f3n del autoconsumo - BLOG de ENERGIAS RENOVABLES yTECNOLOGIA<\/title>\n<meta name=\"robots\" content=\"index, follow, max-snippet:-1, max-image-preview:large, max-video-preview:-1\" \/>\n<link rel=\"canonical\" href=\"https:\/\/www.maidotips.com\/environment\/catalunya-dice-no-a-la-propuesta-estatal-de-regulacion-del-autoconsumo\/\" \/>\n<meta property=\"og:locale\" content=\"es_ES\" \/>\n<meta property=\"og:type\" content=\"article\" \/>\n<meta property=\"og:title\" content=\"Catalunya dice \u2018NO\u2019 a la propuesta estatal de regulaci\u00f3n del autoconsumo - BLOG de ENERGIAS RENOVABLES yTECNOLOGIA\" \/>\n<meta property=\"og:description\" content=\"En un comunicado, el Govern ha explicado que su informe de alegaciones determina que \u00abno se entienden las enormes restricciones t\u00e9cnicas y econ\u00f3micas que se ponen al autoconsumo\u00bb como alternativa al mercado convencional. La Generalitat ha remitido alegaciones al Ministerio de Industria para mostrar su \u00abrechazo total\u00bb a la propuesta de Real Decreto de regulaci\u00f3n Leer m\u00e1s ...\" \/>\n<meta property=\"og:url\" content=\"https:\/\/www.maidotips.com\/environment\/catalunya-dice-no-a-la-propuesta-estatal-de-regulacion-del-autoconsumo\/\" \/>\n<meta property=\"og:site_name\" content=\"BLOG de ENERGIAS RENOVABLES yTECNOLOGIA\" \/>\n<meta property=\"article:publisher\" content=\"https:\/\/www.facebook.com\/Energiasrenovablesytecnologia\/\" \/>\n<meta property=\"article:published_time\" content=\"2015-07-03T11:01:15+00:00\" \/>\n<meta name=\"author\" content=\"admin\" \/>\n<meta name=\"twitter:card\" content=\"summary_large_image\" \/>\n<meta name=\"twitter:label1\" content=\"Escrito por\" \/>\n\t<meta name=\"twitter:data1\" content=\"admin\" \/>\n\t<meta name=\"twitter:label2\" content=\"Tiempo de lectura\" \/>\n\t<meta name=\"twitter:data2\" content=\"2 minutos\" \/>\n<script type=\"application\/ld+json\" class=\"yoast-schema-graph\">{\"@context\":\"https:\/\/schema.org\",\"@graph\":[{\"@type\":\"WebPage\",\"@id\":\"https:\/\/www.maidotips.com\/environment\/catalunya-dice-no-a-la-propuesta-estatal-de-regulacion-del-autoconsumo\/\",\"url\":\"https:\/\/www.maidotips.com\/environment\/catalunya-dice-no-a-la-propuesta-estatal-de-regulacion-del-autoconsumo\/\",\"name\":\"Catalunya dice \u2018NO\u2019 a la propuesta estatal de regulaci\u00f3n del autoconsumo - BLOG de ENERGIAS RENOVABLES yTECNOLOGIA\",\"isPartOf\":{\"@id\":\"https:\/\/www.maidotips.com\/environment\/#website\"},\"datePublished\":\"2015-07-03T11:01:15+00:00\",\"author\":{\"@id\":\"https:\/\/www.maidotips.com\/environment\/#\/schema\/person\/c9b890f523795aa69b81a95dee06d804\"},\"breadcrumb\":{\"@id\":\"https:\/\/www.maidotips.com\/environment\/catalunya-dice-no-a-la-propuesta-estatal-de-regulacion-del-autoconsumo\/#breadcrumb\"},\"inLanguage\":\"es\",\"potentialAction\":[{\"@type\":\"ReadAction\",\"target\":[\"https:\/\/www.maidotips.com\/environment\/catalunya-dice-no-a-la-propuesta-estatal-de-regulacion-del-autoconsumo\/\"]}]},{\"@type\":\"BreadcrumbList\",\"@id\":\"https:\/\/www.maidotips.com\/environment\/catalunya-dice-no-a-la-propuesta-estatal-de-regulacion-del-autoconsumo\/#breadcrumb\",\"itemListElement\":[{\"@type\":\"ListItem\",\"position\":1,\"name\":\"Portada\",\"item\":\"https:\/\/www.maidotips.com\/environment\/\"},{\"@type\":\"ListItem\",\"position\":2,\"name\":\"Catalunya dice \u2018NO\u2019 a la propuesta estatal de regulaci\u00f3n del autoconsumo\"}]},{\"@type\":\"WebSite\",\"@id\":\"https:\/\/www.maidotips.com\/environment\/#website\",\"url\":\"https:\/\/www.maidotips.com\/environment\/\",\"name\":\"BLOG de ENERGIAS RENOVABLES yTECNOLOGIA\",\"description\":\"BLOG sobre la energia verde y TECNOLOGIA\",\"potentialAction\":[{\"@type\":\"SearchAction\",\"target\":{\"@type\":\"EntryPoint\",\"urlTemplate\":\"https:\/\/www.maidotips.com\/environment\/?s={search_term_string}\"},\"query-input\":{\"@type\":\"PropertyValueSpecification\",\"valueRequired\":true,\"valueName\":\"search_term_string\"}}],\"inLanguage\":\"es\"},{\"@type\":\"Person\",\"@id\":\"https:\/\/www.maidotips.com\/environment\/#\/schema\/person\/c9b890f523795aa69b81a95dee06d804\",\"name\":\"admin\",\"url\":\"https:\/\/www.maidotips.com\/environment\/author\/admin\/\"}]}<\/script>\n<!-- \/ Yoast SEO plugin. -->","yoast_head_json":{"title":"Catalunya dice \u2018NO\u2019 a la propuesta estatal de regulaci\u00f3n del autoconsumo - BLOG de ENERGIAS RENOVABLES yTECNOLOGIA","robots":{"index":"index","follow":"follow","max-snippet":"max-snippet:-1","max-image-preview":"max-image-preview:large","max-video-preview":"max-video-preview:-1"},"canonical":"https:\/\/www.maidotips.com\/environment\/catalunya-dice-no-a-la-propuesta-estatal-de-regulacion-del-autoconsumo\/","og_locale":"es_ES","og_type":"article","og_title":"Catalunya dice \u2018NO\u2019 a la propuesta estatal de regulaci\u00f3n del autoconsumo - BLOG de ENERGIAS RENOVABLES yTECNOLOGIA","og_description":"En un comunicado, el Govern ha explicado que su informe de alegaciones determina que \u00abno se entienden las enormes restricciones t\u00e9cnicas y econ\u00f3micas que se ponen al autoconsumo\u00bb como alternativa al mercado convencional. La Generalitat ha remitido alegaciones al Ministerio de Industria para mostrar su \u00abrechazo total\u00bb a la propuesta de Real Decreto de regulaci\u00f3n Leer m\u00e1s ...","og_url":"https:\/\/www.maidotips.com\/environment\/catalunya-dice-no-a-la-propuesta-estatal-de-regulacion-del-autoconsumo\/","og_site_name":"BLOG de ENERGIAS RENOVABLES yTECNOLOGIA","article_publisher":"https:\/\/www.facebook.com\/Energiasrenovablesytecnologia\/","article_published_time":"2015-07-03T11:01:15+00:00","author":"admin","twitter_card":"summary_large_image","twitter_misc":{"Escrito por":"admin","Tiempo de lectura":"2 minutos"},"schema":{"@context":"https:\/\/schema.org","@graph":[{"@type":"WebPage","@id":"https:\/\/www.maidotips.com\/environment\/catalunya-dice-no-a-la-propuesta-estatal-de-regulacion-del-autoconsumo\/","url":"https:\/\/www.maidotips.com\/environment\/catalunya-dice-no-a-la-propuesta-estatal-de-regulacion-del-autoconsumo\/","name":"Catalunya dice \u2018NO\u2019 a la propuesta estatal de regulaci\u00f3n del autoconsumo - BLOG de ENERGIAS RENOVABLES yTECNOLOGIA","isPartOf":{"@id":"https:\/\/www.maidotips.com\/environment\/#website"},"datePublished":"2015-07-03T11:01:15+00:00","author":{"@id":"https:\/\/www.maidotips.com\/environment\/#\/schema\/person\/c9b890f523795aa69b81a95dee06d804"},"breadcrumb":{"@id":"https:\/\/www.maidotips.com\/environment\/catalunya-dice-no-a-la-propuesta-estatal-de-regulacion-del-autoconsumo\/#breadcrumb"},"inLanguage":"es","potentialAction":[{"@type":"ReadAction","target":["https:\/\/www.maidotips.com\/environment\/catalunya-dice-no-a-la-propuesta-estatal-de-regulacion-del-autoconsumo\/"]}]},{"@type":"BreadcrumbList","@id":"https:\/\/www.maidotips.com\/environment\/catalunya-dice-no-a-la-propuesta-estatal-de-regulacion-del-autoconsumo\/#breadcrumb","itemListElement":[{"@type":"ListItem","position":1,"name":"Portada","item":"https:\/\/www.maidotips.com\/environment\/"},{"@type":"ListItem","position":2,"name":"Catalunya dice \u2018NO\u2019 a la propuesta estatal de regulaci\u00f3n del autoconsumo"}]},{"@type":"WebSite","@id":"https:\/\/www.maidotips.com\/environment\/#website","url":"https:\/\/www.maidotips.com\/environment\/","name":"BLOG de ENERGIAS RENOVABLES yTECNOLOGIA","description":"BLOG sobre la energia verde y TECNOLOGIA","potentialAction":[{"@type":"SearchAction","target":{"@type":"EntryPoint","urlTemplate":"https:\/\/www.maidotips.com\/environment\/?s={search_term_string}"},"query-input":{"@type":"PropertyValueSpecification","valueRequired":true,"valueName":"search_term_string"}}],"inLanguage":"es"},{"@type":"Person","@id":"https:\/\/www.maidotips.com\/environment\/#\/schema\/person\/c9b890f523795aa69b81a95dee06d804","name":"admin","url":"https:\/\/www.maidotips.com\/environment\/author\/admin\/"}]}},"jetpack_featured_media_url":"","jetpack_shortlink":"https:\/\/wp.me\/pbBd6N-dc","jetpack-related-posts":[],"jetpack_likes_enabled":true,"jetpack_sharing_enabled":true,"_links":{"self":[{"href":"https:\/\/www.maidotips.com\/environment\/wp-json\/wp\/v2\/posts\/818","targetHints":{"allow":["GET"]}}],"collection":[{"href":"https:\/\/www.maidotips.com\/environment\/wp-json\/wp\/v2\/posts"}],"about":[{"href":"https:\/\/www.maidotips.com\/environment\/wp-json\/wp\/v2\/types\/post"}],"author":[{"embeddable":true,"href":"https:\/\/www.maidotips.com\/environment\/wp-json\/wp\/v2\/users\/1"}],"replies":[{"embeddable":true,"href":"https:\/\/www.maidotips.com\/environment\/wp-json\/wp\/v2\/comments?post=818"}],"version-history":[{"count":1,"href":"https:\/\/www.maidotips.com\/environment\/wp-json\/wp\/v2\/posts\/818\/revisions"}],"predecessor-version":[{"id":819,"href":"https:\/\/www.maidotips.com\/environment\/wp-json\/wp\/v2\/posts\/818\/revisions\/819"}],"wp:attachment":[{"href":"https:\/\/www.maidotips.com\/environment\/wp-json\/wp\/v2\/media?parent=818"}],"wp:term":[{"taxonomy":"category","embeddable":true,"href":"https:\/\/www.maidotips.com\/environment\/wp-json\/wp\/v2\/categories?post=818"},{"taxonomy":"post_tag","embeddable":true,"href":"https:\/\/www.maidotips.com\/environment\/wp-json\/wp\/v2\/tags?post=818"}],"curies":[{"name":"wp","href":"https:\/\/api.w.org\/{rel}","templated":true}]}}