{"id":826,"date":"2015-07-07T12:49:30","date_gmt":"2015-07-07T10:49:30","guid":{"rendered":"https:\/\/www.maidotips.com\/environment\/?p=826"},"modified":"2015-07-07T12:49:30","modified_gmt":"2015-07-07T10:49:30","slug":"el-tc-para-los-pies-al-gobierno-la-excusa-del-deficit-de-tarifa-no-es-justificable-en-un-cambio-normativo-electrico","status":"publish","type":"post","link":"https:\/\/www.maidotips.com\/environment\/el-tc-para-los-pies-al-gobierno-la-excusa-del-deficit-de-tarifa-no-es-justificable-en-un-cambio-normativo-electrico\/","title":{"rendered":"El TC para los pies al Gobierno: la excusa del d\u00e9ficit de tarifa no es justificable en un cambio normativo el\u00e9ctrico"},"content":{"rendered":"<p><strong>El Alto Tribunal considera que no est\u00e1 justificada la extraordinaria y urgente necesidad del art.38 del decreto-ley 20\/2012 a pesar de que el Gobierno se escudara en la gravedad del d\u00e9ficit de tarifa el\u00e9ctrico.<\/strong><\/p>\n<p>&nbsp;<\/p>\n<p>El Gobierno de Mariano Rajoy se le puede conocer por muchas cosas. Una de ellas, es su obsesiva manera de legislar a base de decretazos. Eso es lo que ha sucedido en el sector el\u00e9ctrico. Pero el Tribunal Constitucional le ha parado los pies y ha tumbado parte de un decreto-ley, el 20\/2012,\u00a0de medidas para garantizar la estabilidad presupuestaria y de fomento de la competitividad. L\u00edmites de los decretos-leyes, principios de seguridad jur\u00eddica e igualdad tributaria: nulidad de los preceptos legales que disponen la repercusi\u00f3n obligatoria de los tributos o recargos auton\u00f3micos a los consumidores de energ\u00eda el\u00e9ctrica del propio territorio.<\/p>\n<p>Concretamente, el Tribunal Constitucional lo que dice es que el art\u00edculo 38 y la disposici\u00f3n adicional decimoquinta de este decreto son inconstitucionales, seg\u00fan <a href=\"http:\/\/www.boe.es\/boe\/dias\/2015\/07\/06\/pdfs\/BOE-A-2015-7588.pdf\">una sentencia publicada en el Bolet\u00edn Oficial del Estado ese lunes<\/a>.<\/p>\n<p>El recurso de inconstitucionalidad fue presentado por la Junta de Extremadura, gobernada por el Partido Popular, contra esta norma aprobada por el Gobierno del mismo partido. El art\u00edculo 38 reza lo siguiente:\u00a0Se modifica la Ley 54\/1997 de 27 de noviembre, del Sector El\u00e9ctrico, en los siguientes t\u00e9rminos: Uno. Se modifica el apartado 4 del art\u00edculo 17 que pasa a tener la siguiente redacci\u00f3n: \u201c4. En caso de que las actividades o instalaciones destinadas al suministro el\u00e9ctrico fueran gravadas, directa o indirectamente, con tributos propios de las Comunidades Aut\u00f3nomas o recargos sobre tributos estatales, al peaje de acceso se le incluir\u00e1 un suplemento territorial que cubrir\u00e1 la totalidad del sobrecoste provocado por ese tributo o recargo y que deber\u00e1 ser abonado por los consumidores ubicados en el \u00e1mbito territorial de la respectiva Comunidad Aut\u00f3noma. En el caso de que los tributos impuestos sean de car\u00e1cter local y no vengan determinados por normativa estatal, al peaje de acceso se le podr\u00e1 incluir un suplemento territorial que cubra la totalidad del sobrecoste provocado\u201d.<\/p>\n<p>La Junta de Extremadura ten\u00eda una serie de impuestos y cre\u00eda que no era conveniente modificar esta norma. Por eso lo recurri\u00f3 ante el Constitucional. El TC, no ha llegado ni a entrar a valorar si la norma contraven\u00eda alg\u00fan presupuesto o algo que enturbiara el suplemento territorial. No ha hecho ni falta. El Alto Tribunal ve inconstitucional\u00a0este art\u00edculo porque no ve justificada la extraordinaria y urgente necesidad de elaborar un decreto-ley para una norma as\u00ed.<\/p>\n<p>Se trata pues de la primera normativa el\u00e9ctrica que echa para atr\u00e1s el Constitucional porque era una regulaci\u00f3n innecesaria. Seg\u00fan el TC, \u201cen cuanto a la justificaci\u00f3n espec\u00edfica \u2013el d\u00e9ficit tarifario y la sostenibilidad econ\u00f3mica del sector\u2013 nada se ha indicado en general acerca de la urgencia de la modificaci\u00f3n para evitar la alegada incidencia de los tributos auton\u00f3micos en el d\u00e9ficit del sector as\u00ed como sobre la necesidad de incluir los suplementos territoriales consecuencia de la existencia de esos tributos, teniendo en cuenta, adem\u00e1s, que se trata de una medida diferenciada de las del resto que se aprueban para el sector el\u00e9ctrico\u201d.<\/p>\n<p><strong><a href=\"http:\/\/elperiodicodelaenergia.com\/el-constitucional-para-los-pies-al-gobierno-la-excusa-del-deficit-de-tarifa-no-es-justificable-en-un-cambio-normativo-electrico\/\">SEGUIR LEYENDO&#8230;.<\/a><\/strong><\/p>\n<p>FUENTE: http:\/\/elperiodicodelaenergia.com\/el-constitucional-para-los-pies-al-gobierno-la-excusa-del-deficit-de-tarifa-no-es-justificable-en-un-cambio-normativo-electrico\/<\/p>\n","protected":false},"excerpt":{"rendered":"<p>El Alto Tribunal considera que no est\u00e1 justificada la extraordinaria y urgente necesidad del art.38 del decreto-ley 20\/2012 a pesar de que el Gobierno se escudara en la gravedad del d\u00e9ficit de tarifa el\u00e9ctrico. &nbsp; El Gobierno de Mariano Rajoy se le puede conocer por muchas cosas. Una de ellas, es su obsesiva manera de <a class=\"more-link\" href=\"https:\/\/www.maidotips.com\/environment\/el-tc-para-los-pies-al-gobierno-la-excusa-del-deficit-de-tarifa-no-es-justificable-en-un-cambio-normativo-electrico\/\">Leer m\u00e1s &#8230;<\/a><\/p>\n","protected":false},"author":1,"featured_media":0,"comment_status":"closed","ping_status":"closed","sticky":false,"template":"","format":"standard","meta":{"_monsterinsights_skip_tracking":false,"_monsterinsights_sitenote_active":false,"_monsterinsights_sitenote_note":"","_monsterinsights_sitenote_category":0,"jetpack_post_was_ever_published":false,"_jetpack_newsletter_access":"","_jetpack_dont_email_post_to_subs":false,"_jetpack_newsletter_tier_id":0,"_jetpack_memberships_contains_paywalled_content":false,"_jetpack_memberships_contains_paid_content":false,"footnotes":""},"categories":[1],"tags":[],"class_list":["post-826","post","type-post","status-publish","format-standard","hentry","category-energias-renovables"],"yoast_head":"<!-- This site is optimized with the Yoast SEO plugin v24.8.1 - https:\/\/yoast.com\/wordpress\/plugins\/seo\/ -->\n<title>El TC para los pies al Gobierno: la excusa del d\u00e9ficit de tarifa no es justificable en un cambio normativo el\u00e9ctrico - BLOG de ENERGIAS RENOVABLES yTECNOLOGIA<\/title>\n<meta name=\"robots\" content=\"index, follow, max-snippet:-1, max-image-preview:large, max-video-preview:-1\" \/>\n<link rel=\"canonical\" href=\"https:\/\/www.maidotips.com\/environment\/el-tc-para-los-pies-al-gobierno-la-excusa-del-deficit-de-tarifa-no-es-justificable-en-un-cambio-normativo-electrico\/\" \/>\n<meta property=\"og:locale\" content=\"es_ES\" \/>\n<meta property=\"og:type\" content=\"article\" \/>\n<meta property=\"og:title\" content=\"El TC para los pies al Gobierno: la excusa del d\u00e9ficit de tarifa no es justificable en un cambio normativo el\u00e9ctrico - BLOG de ENERGIAS RENOVABLES yTECNOLOGIA\" \/>\n<meta property=\"og:description\" content=\"El Alto Tribunal considera que no est\u00e1 justificada la extraordinaria y urgente necesidad del art.38 del decreto-ley 20\/2012 a pesar de que el Gobierno se escudara en la gravedad del d\u00e9ficit de tarifa el\u00e9ctrico. &nbsp; El Gobierno de Mariano Rajoy se le puede conocer por muchas cosas. Una de ellas, es su obsesiva manera de Leer m\u00e1s ...\" \/>\n<meta property=\"og:url\" content=\"https:\/\/www.maidotips.com\/environment\/el-tc-para-los-pies-al-gobierno-la-excusa-del-deficit-de-tarifa-no-es-justificable-en-un-cambio-normativo-electrico\/\" \/>\n<meta property=\"og:site_name\" content=\"BLOG de ENERGIAS RENOVABLES yTECNOLOGIA\" \/>\n<meta property=\"article:publisher\" content=\"https:\/\/www.facebook.com\/Energiasrenovablesytecnologia\/\" \/>\n<meta property=\"article:published_time\" content=\"2015-07-07T10:49:30+00:00\" \/>\n<meta name=\"author\" content=\"admin\" \/>\n<meta name=\"twitter:card\" content=\"summary_large_image\" \/>\n<meta name=\"twitter:label1\" content=\"Escrito por\" \/>\n\t<meta name=\"twitter:data1\" content=\"admin\" \/>\n\t<meta name=\"twitter:label2\" content=\"Tiempo de lectura\" \/>\n\t<meta name=\"twitter:data2\" content=\"3 minutos\" \/>\n<script type=\"application\/ld+json\" class=\"yoast-schema-graph\">{\"@context\":\"https:\/\/schema.org\",\"@graph\":[{\"@type\":\"WebPage\",\"@id\":\"https:\/\/www.maidotips.com\/environment\/el-tc-para-los-pies-al-gobierno-la-excusa-del-deficit-de-tarifa-no-es-justificable-en-un-cambio-normativo-electrico\/\",\"url\":\"https:\/\/www.maidotips.com\/environment\/el-tc-para-los-pies-al-gobierno-la-excusa-del-deficit-de-tarifa-no-es-justificable-en-un-cambio-normativo-electrico\/\",\"name\":\"El TC para los pies al Gobierno: la excusa del d\u00e9ficit de tarifa no es justificable en un cambio normativo el\u00e9ctrico - BLOG de ENERGIAS RENOVABLES yTECNOLOGIA\",\"isPartOf\":{\"@id\":\"https:\/\/www.maidotips.com\/environment\/#website\"},\"datePublished\":\"2015-07-07T10:49:30+00:00\",\"author\":{\"@id\":\"https:\/\/www.maidotips.com\/environment\/#\/schema\/person\/c9b890f523795aa69b81a95dee06d804\"},\"breadcrumb\":{\"@id\":\"https:\/\/www.maidotips.com\/environment\/el-tc-para-los-pies-al-gobierno-la-excusa-del-deficit-de-tarifa-no-es-justificable-en-un-cambio-normativo-electrico\/#breadcrumb\"},\"inLanguage\":\"es\",\"potentialAction\":[{\"@type\":\"ReadAction\",\"target\":[\"https:\/\/www.maidotips.com\/environment\/el-tc-para-los-pies-al-gobierno-la-excusa-del-deficit-de-tarifa-no-es-justificable-en-un-cambio-normativo-electrico\/\"]}]},{\"@type\":\"BreadcrumbList\",\"@id\":\"https:\/\/www.maidotips.com\/environment\/el-tc-para-los-pies-al-gobierno-la-excusa-del-deficit-de-tarifa-no-es-justificable-en-un-cambio-normativo-electrico\/#breadcrumb\",\"itemListElement\":[{\"@type\":\"ListItem\",\"position\":1,\"name\":\"Portada\",\"item\":\"https:\/\/www.maidotips.com\/environment\/\"},{\"@type\":\"ListItem\",\"position\":2,\"name\":\"El TC para los pies al Gobierno: la excusa del d\u00e9ficit de tarifa no es justificable en un cambio normativo el\u00e9ctrico\"}]},{\"@type\":\"WebSite\",\"@id\":\"https:\/\/www.maidotips.com\/environment\/#website\",\"url\":\"https:\/\/www.maidotips.com\/environment\/\",\"name\":\"BLOG de ENERGIAS RENOVABLES yTECNOLOGIA\",\"description\":\"BLOG sobre la energia verde y TECNOLOGIA\",\"potentialAction\":[{\"@type\":\"SearchAction\",\"target\":{\"@type\":\"EntryPoint\",\"urlTemplate\":\"https:\/\/www.maidotips.com\/environment\/?s={search_term_string}\"},\"query-input\":{\"@type\":\"PropertyValueSpecification\",\"valueRequired\":true,\"valueName\":\"search_term_string\"}}],\"inLanguage\":\"es\"},{\"@type\":\"Person\",\"@id\":\"https:\/\/www.maidotips.com\/environment\/#\/schema\/person\/c9b890f523795aa69b81a95dee06d804\",\"name\":\"admin\",\"url\":\"https:\/\/www.maidotips.com\/environment\/author\/admin\/\"}]}<\/script>\n<!-- \/ Yoast SEO plugin. -->","yoast_head_json":{"title":"El TC para los pies al Gobierno: la excusa del d\u00e9ficit de tarifa no es justificable en un cambio normativo el\u00e9ctrico - BLOG de ENERGIAS RENOVABLES yTECNOLOGIA","robots":{"index":"index","follow":"follow","max-snippet":"max-snippet:-1","max-image-preview":"max-image-preview:large","max-video-preview":"max-video-preview:-1"},"canonical":"https:\/\/www.maidotips.com\/environment\/el-tc-para-los-pies-al-gobierno-la-excusa-del-deficit-de-tarifa-no-es-justificable-en-un-cambio-normativo-electrico\/","og_locale":"es_ES","og_type":"article","og_title":"El TC para los pies al Gobierno: la excusa del d\u00e9ficit de tarifa no es justificable en un cambio normativo el\u00e9ctrico - BLOG de ENERGIAS RENOVABLES yTECNOLOGIA","og_description":"El Alto Tribunal considera que no est\u00e1 justificada la extraordinaria y urgente necesidad del art.38 del decreto-ley 20\/2012 a pesar de que el Gobierno se escudara en la gravedad del d\u00e9ficit de tarifa el\u00e9ctrico. &nbsp; El Gobierno de Mariano Rajoy se le puede conocer por muchas cosas. Una de ellas, es su obsesiva manera de Leer m\u00e1s ...","og_url":"https:\/\/www.maidotips.com\/environment\/el-tc-para-los-pies-al-gobierno-la-excusa-del-deficit-de-tarifa-no-es-justificable-en-un-cambio-normativo-electrico\/","og_site_name":"BLOG de ENERGIAS RENOVABLES yTECNOLOGIA","article_publisher":"https:\/\/www.facebook.com\/Energiasrenovablesytecnologia\/","article_published_time":"2015-07-07T10:49:30+00:00","author":"admin","twitter_card":"summary_large_image","twitter_misc":{"Escrito por":"admin","Tiempo de lectura":"3 minutos"},"schema":{"@context":"https:\/\/schema.org","@graph":[{"@type":"WebPage","@id":"https:\/\/www.maidotips.com\/environment\/el-tc-para-los-pies-al-gobierno-la-excusa-del-deficit-de-tarifa-no-es-justificable-en-un-cambio-normativo-electrico\/","url":"https:\/\/www.maidotips.com\/environment\/el-tc-para-los-pies-al-gobierno-la-excusa-del-deficit-de-tarifa-no-es-justificable-en-un-cambio-normativo-electrico\/","name":"El TC para los pies al Gobierno: la excusa del d\u00e9ficit de tarifa no es justificable en un cambio normativo el\u00e9ctrico - BLOG de ENERGIAS RENOVABLES yTECNOLOGIA","isPartOf":{"@id":"https:\/\/www.maidotips.com\/environment\/#website"},"datePublished":"2015-07-07T10:49:30+00:00","author":{"@id":"https:\/\/www.maidotips.com\/environment\/#\/schema\/person\/c9b890f523795aa69b81a95dee06d804"},"breadcrumb":{"@id":"https:\/\/www.maidotips.com\/environment\/el-tc-para-los-pies-al-gobierno-la-excusa-del-deficit-de-tarifa-no-es-justificable-en-un-cambio-normativo-electrico\/#breadcrumb"},"inLanguage":"es","potentialAction":[{"@type":"ReadAction","target":["https:\/\/www.maidotips.com\/environment\/el-tc-para-los-pies-al-gobierno-la-excusa-del-deficit-de-tarifa-no-es-justificable-en-un-cambio-normativo-electrico\/"]}]},{"@type":"BreadcrumbList","@id":"https:\/\/www.maidotips.com\/environment\/el-tc-para-los-pies-al-gobierno-la-excusa-del-deficit-de-tarifa-no-es-justificable-en-un-cambio-normativo-electrico\/#breadcrumb","itemListElement":[{"@type":"ListItem","position":1,"name":"Portada","item":"https:\/\/www.maidotips.com\/environment\/"},{"@type":"ListItem","position":2,"name":"El TC para los pies al Gobierno: la excusa del d\u00e9ficit de tarifa no es justificable en un cambio normativo el\u00e9ctrico"}]},{"@type":"WebSite","@id":"https:\/\/www.maidotips.com\/environment\/#website","url":"https:\/\/www.maidotips.com\/environment\/","name":"BLOG de ENERGIAS RENOVABLES yTECNOLOGIA","description":"BLOG sobre la energia verde y TECNOLOGIA","potentialAction":[{"@type":"SearchAction","target":{"@type":"EntryPoint","urlTemplate":"https:\/\/www.maidotips.com\/environment\/?s={search_term_string}"},"query-input":{"@type":"PropertyValueSpecification","valueRequired":true,"valueName":"search_term_string"}}],"inLanguage":"es"},{"@type":"Person","@id":"https:\/\/www.maidotips.com\/environment\/#\/schema\/person\/c9b890f523795aa69b81a95dee06d804","name":"admin","url":"https:\/\/www.maidotips.com\/environment\/author\/admin\/"}]}},"jetpack_featured_media_url":"","jetpack_shortlink":"https:\/\/wp.me\/pbBd6N-dk","jetpack-related-posts":[],"jetpack_likes_enabled":true,"jetpack_sharing_enabled":true,"_links":{"self":[{"href":"https:\/\/www.maidotips.com\/environment\/wp-json\/wp\/v2\/posts\/826","targetHints":{"allow":["GET"]}}],"collection":[{"href":"https:\/\/www.maidotips.com\/environment\/wp-json\/wp\/v2\/posts"}],"about":[{"href":"https:\/\/www.maidotips.com\/environment\/wp-json\/wp\/v2\/types\/post"}],"author":[{"embeddable":true,"href":"https:\/\/www.maidotips.com\/environment\/wp-json\/wp\/v2\/users\/1"}],"replies":[{"embeddable":true,"href":"https:\/\/www.maidotips.com\/environment\/wp-json\/wp\/v2\/comments?post=826"}],"version-history":[{"count":1,"href":"https:\/\/www.maidotips.com\/environment\/wp-json\/wp\/v2\/posts\/826\/revisions"}],"predecessor-version":[{"id":827,"href":"https:\/\/www.maidotips.com\/environment\/wp-json\/wp\/v2\/posts\/826\/revisions\/827"}],"wp:attachment":[{"href":"https:\/\/www.maidotips.com\/environment\/wp-json\/wp\/v2\/media?parent=826"}],"wp:term":[{"taxonomy":"category","embeddable":true,"href":"https:\/\/www.maidotips.com\/environment\/wp-json\/wp\/v2\/categories?post=826"},{"taxonomy":"post_tag","embeddable":true,"href":"https:\/\/www.maidotips.com\/environment\/wp-json\/wp\/v2\/tags?post=826"}],"curies":[{"name":"wp","href":"https:\/\/api.w.org\/{rel}","templated":true}]}}