{"id":856,"date":"2015-07-20T19:43:25","date_gmt":"2015-07-20T17:43:25","guid":{"rendered":"https:\/\/www.maidotips.com\/environment\/?p=856"},"modified":"2015-07-20T19:44:57","modified_gmt":"2015-07-20T17:44:57","slug":"post-navigation-el-cortocircuito-el-gobierno-quiere-aprobar-el-decreto-de-autoconsumo-con-alevosia-el-31-de-julio","status":"publish","type":"post","link":"https:\/\/www.maidotips.com\/environment\/post-navigation-el-cortocircuito-el-gobierno-quiere-aprobar-el-decreto-de-autoconsumo-con-alevosia-el-31-de-julio\/","title":{"rendered":"El Gobierno quiere aprobar el decreto de autoconsumo con \u2018alevos\u00eda\u2019: el 31 de julio"},"content":{"rendered":"<p>El Gobierno quiere aprobar el decreto de autoconsumo justo antes de que media Espa\u00f1a se vaya de vacaciones. El viernes 31 de julio el Consejo de Ministros aprobar\u00e1 probablemente la normativa por la que se regula el autoabastecimiento energ\u00e9tico en los hogares espa\u00f1oles. Decimos probablemente porque es la fecha elegida por el Ministerio de Industria para aprobarla. Otra cosa es que luego haya cambios en el gui\u00f3n a \u00faltima hora. Pero el objetivo del Gobierno es ese d\u00eda.<\/p>\n<p>Justo el \u00faltimo d\u00eda de mes, \u00faltimo d\u00eda de trabajo para millones de espa\u00f1oles que cogen sus vacaciones y desconectan de la vida normal. No es un d\u00eda cualquiera y por eso el Gobierno se ha fijado esa fecha. Y eso que tiene todo el mes de agosto para trabajar en ello. Cabe recordar que la vida legislativa, es decir, el parlamento, se mantendr\u00e1 abierto este agosto y probablemente se ver\u00e1 mucho m\u00e1s movimiento de lo normal por estas fechas. Se acercan las elecciones catalanas y los presupuestos hay que aprobarlos.<\/p>\n<p><a class=\"image_link\" href=\"http:\/\/i2.wp.com\/elperiodicodelaenergia.com\/wp-content\/uploads\/2015\/03\/rajoy-soria-644x362.jpg\"><img loading=\"lazy\" decoding=\"async\" class=\"size-medium wp-image-18411\" src=\"http:\/\/i2.wp.com\/elperiodicodelaenergia.com\/wp-content\/uploads\/2015\/03\/rajoy-soria-644x362.jpg?resize=300%2C168\" alt=\"El presidente del Gobierno, Mariano Rajoy, y el ministro de Industria, Jos\u00e9 Manuel Soria.\" width=\"300\" height=\"168\" \/><\/a><\/p>\n<p>El caso es que Rajoy y Soria quieren tener atado antes el tema del autoconsumo. Una norma que ha sido duramente criticada por el sector de renovables, sobre todo la industria fotovoltaica, por las numerosas trabas que hacen pr\u00e1cticamente inviable autoabastecerse de energ\u00eda el\u00e9ctrica en un hogar o una pyme. El Gobierno sabe que no es plato de buen gusto. Que continuar\u00e1n las cr\u00edticas.<\/p>\n<p>Por eso se apresur\u00f3 a hacer un peque\u00f1o cambio en la Ley del Sector El\u00e9ctrico con el que las peque\u00f1as instalaciones menores de 10 kW podr\u00e1n obtener unas peque\u00f1as ventajas a la hora de tramitar y gestionar la misma. Unas ventajas que aun se desconocen. El texto solo lo anuncia. Se espera que ese cambio vaya incluido y explicado en el decreto. Pero no se esperan muchos m\u00e1s cambios. Continuar\u00e1n los cargos, y por tanto arreciar\u00e1n las cr\u00edticas.<\/p>\n<p><strong><a href=\"http:\/\/elperiodicodelaenergia.com\/el-gobierno-quiere-aprobar-el-decreto-de-autoconsumo-con-alevosia-el-31-de-julio\/\">SEGUIR LEYENDO&#8230;<\/a><\/strong><\/p>\n<p>FUENTE: http:\/\/elperiodicodelaenergia.com\/el-gobierno-quiere-aprobar-el-decreto-de-autoconsumo-con-alevosia-el-31-de-julio\/<\/p>\n","protected":false},"excerpt":{"rendered":"<p>El Gobierno quiere aprobar el decreto de autoconsumo justo antes de que media Espa\u00f1a se vaya de vacaciones. El viernes 31 de julio el Consejo de Ministros aprobar\u00e1 probablemente la normativa por la que se regula el autoabastecimiento energ\u00e9tico en los hogares espa\u00f1oles. Decimos probablemente porque es la fecha elegida por el Ministerio de Industria <a class=\"more-link\" href=\"https:\/\/www.maidotips.com\/environment\/post-navigation-el-cortocircuito-el-gobierno-quiere-aprobar-el-decreto-de-autoconsumo-con-alevosia-el-31-de-julio\/\">Leer m\u00e1s &#8230;<\/a><\/p>\n","protected":false},"author":1,"featured_media":0,"comment_status":"closed","ping_status":"closed","sticky":false,"template":"","format":"standard","meta":{"_monsterinsights_skip_tracking":false,"_monsterinsights_sitenote_active":false,"_monsterinsights_sitenote_note":"","_monsterinsights_sitenote_category":0,"jetpack_post_was_ever_published":false,"_jetpack_newsletter_access":"","_jetpack_dont_email_post_to_subs":false,"_jetpack_newsletter_tier_id":0,"_jetpack_memberships_contains_paywalled_content":false,"_jetpack_memberships_contains_paid_content":false,"footnotes":""},"categories":[1],"tags":[],"class_list":["post-856","post","type-post","status-publish","format-standard","hentry","category-energias-renovables"],"yoast_head":"<!-- This site is optimized with the Yoast SEO plugin v24.8.1 - https:\/\/yoast.com\/wordpress\/plugins\/seo\/ -->\n<title>El Gobierno quiere aprobar el decreto de autoconsumo con \u2018alevos\u00eda\u2019: el 31 de julio - BLOG de ENERGIAS RENOVABLES yTECNOLOGIA<\/title>\n<meta name=\"robots\" content=\"index, follow, max-snippet:-1, max-image-preview:large, max-video-preview:-1\" \/>\n<link rel=\"canonical\" href=\"https:\/\/www.maidotips.com\/environment\/post-navigation-el-cortocircuito-el-gobierno-quiere-aprobar-el-decreto-de-autoconsumo-con-alevosia-el-31-de-julio\/\" \/>\n<meta property=\"og:locale\" content=\"es_ES\" \/>\n<meta property=\"og:type\" content=\"article\" \/>\n<meta property=\"og:title\" content=\"El Gobierno quiere aprobar el decreto de autoconsumo con \u2018alevos\u00eda\u2019: el 31 de julio - BLOG de ENERGIAS RENOVABLES yTECNOLOGIA\" \/>\n<meta property=\"og:description\" content=\"El Gobierno quiere aprobar el decreto de autoconsumo justo antes de que media Espa\u00f1a se vaya de vacaciones. El viernes 31 de julio el Consejo de Ministros aprobar\u00e1 probablemente la normativa por la que se regula el autoabastecimiento energ\u00e9tico en los hogares espa\u00f1oles. Decimos probablemente porque es la fecha elegida por el Ministerio de Industria Leer m\u00e1s ...\" \/>\n<meta property=\"og:url\" content=\"https:\/\/www.maidotips.com\/environment\/post-navigation-el-cortocircuito-el-gobierno-quiere-aprobar-el-decreto-de-autoconsumo-con-alevosia-el-31-de-julio\/\" \/>\n<meta property=\"og:site_name\" content=\"BLOG de ENERGIAS RENOVABLES yTECNOLOGIA\" \/>\n<meta property=\"article:publisher\" content=\"https:\/\/www.facebook.com\/Energiasrenovablesytecnologia\/\" \/>\n<meta property=\"article:published_time\" content=\"2015-07-20T17:43:25+00:00\" \/>\n<meta property=\"article:modified_time\" content=\"2015-07-20T17:44:57+00:00\" \/>\n<meta property=\"og:image\" content=\"http:\/\/i2.wp.com\/elperiodicodelaenergia.com\/wp-content\/uploads\/2015\/03\/rajoy-soria-644x362.jpg?resize=300%2C168\" \/>\n<meta name=\"author\" content=\"admin\" \/>\n<meta name=\"twitter:card\" content=\"summary_large_image\" \/>\n<meta name=\"twitter:label1\" content=\"Escrito por\" \/>\n\t<meta name=\"twitter:data1\" content=\"admin\" \/>\n\t<meta name=\"twitter:label2\" content=\"Tiempo de lectura\" \/>\n\t<meta name=\"twitter:data2\" content=\"2 minutos\" \/>\n<script type=\"application\/ld+json\" class=\"yoast-schema-graph\">{\"@context\":\"https:\/\/schema.org\",\"@graph\":[{\"@type\":\"WebPage\",\"@id\":\"https:\/\/www.maidotips.com\/environment\/post-navigation-el-cortocircuito-el-gobierno-quiere-aprobar-el-decreto-de-autoconsumo-con-alevosia-el-31-de-julio\/\",\"url\":\"https:\/\/www.maidotips.com\/environment\/post-navigation-el-cortocircuito-el-gobierno-quiere-aprobar-el-decreto-de-autoconsumo-con-alevosia-el-31-de-julio\/\",\"name\":\"El Gobierno quiere aprobar el decreto de autoconsumo con \u2018alevos\u00eda\u2019: el 31 de julio - BLOG de ENERGIAS RENOVABLES yTECNOLOGIA\",\"isPartOf\":{\"@id\":\"https:\/\/www.maidotips.com\/environment\/#website\"},\"primaryImageOfPage\":{\"@id\":\"https:\/\/www.maidotips.com\/environment\/post-navigation-el-cortocircuito-el-gobierno-quiere-aprobar-el-decreto-de-autoconsumo-con-alevosia-el-31-de-julio\/#primaryimage\"},\"image\":{\"@id\":\"https:\/\/www.maidotips.com\/environment\/post-navigation-el-cortocircuito-el-gobierno-quiere-aprobar-el-decreto-de-autoconsumo-con-alevosia-el-31-de-julio\/#primaryimage\"},\"thumbnailUrl\":\"http:\/\/i2.wp.com\/elperiodicodelaenergia.com\/wp-content\/uploads\/2015\/03\/rajoy-soria-644x362.jpg?resize=300%2C168\",\"datePublished\":\"2015-07-20T17:43:25+00:00\",\"dateModified\":\"2015-07-20T17:44:57+00:00\",\"author\":{\"@id\":\"https:\/\/www.maidotips.com\/environment\/#\/schema\/person\/c9b890f523795aa69b81a95dee06d804\"},\"breadcrumb\":{\"@id\":\"https:\/\/www.maidotips.com\/environment\/post-navigation-el-cortocircuito-el-gobierno-quiere-aprobar-el-decreto-de-autoconsumo-con-alevosia-el-31-de-julio\/#breadcrumb\"},\"inLanguage\":\"es\",\"potentialAction\":[{\"@type\":\"ReadAction\",\"target\":[\"https:\/\/www.maidotips.com\/environment\/post-navigation-el-cortocircuito-el-gobierno-quiere-aprobar-el-decreto-de-autoconsumo-con-alevosia-el-31-de-julio\/\"]}]},{\"@type\":\"ImageObject\",\"inLanguage\":\"es\",\"@id\":\"https:\/\/www.maidotips.com\/environment\/post-navigation-el-cortocircuito-el-gobierno-quiere-aprobar-el-decreto-de-autoconsumo-con-alevosia-el-31-de-julio\/#primaryimage\",\"url\":\"http:\/\/i2.wp.com\/elperiodicodelaenergia.com\/wp-content\/uploads\/2015\/03\/rajoy-soria-644x362.jpg?resize=300%2C168\",\"contentUrl\":\"http:\/\/i2.wp.com\/elperiodicodelaenergia.com\/wp-content\/uploads\/2015\/03\/rajoy-soria-644x362.jpg?resize=300%2C168\"},{\"@type\":\"BreadcrumbList\",\"@id\":\"https:\/\/www.maidotips.com\/environment\/post-navigation-el-cortocircuito-el-gobierno-quiere-aprobar-el-decreto-de-autoconsumo-con-alevosia-el-31-de-julio\/#breadcrumb\",\"itemListElement\":[{\"@type\":\"ListItem\",\"position\":1,\"name\":\"Portada\",\"item\":\"https:\/\/www.maidotips.com\/environment\/\"},{\"@type\":\"ListItem\",\"position\":2,\"name\":\"El Gobierno quiere aprobar el decreto de autoconsumo con \u2018alevos\u00eda\u2019: el 31 de julio\"}]},{\"@type\":\"WebSite\",\"@id\":\"https:\/\/www.maidotips.com\/environment\/#website\",\"url\":\"https:\/\/www.maidotips.com\/environment\/\",\"name\":\"BLOG de ENERGIAS RENOVABLES yTECNOLOGIA\",\"description\":\"BLOG sobre la energia verde y TECNOLOGIA\",\"potentialAction\":[{\"@type\":\"SearchAction\",\"target\":{\"@type\":\"EntryPoint\",\"urlTemplate\":\"https:\/\/www.maidotips.com\/environment\/?s={search_term_string}\"},\"query-input\":{\"@type\":\"PropertyValueSpecification\",\"valueRequired\":true,\"valueName\":\"search_term_string\"}}],\"inLanguage\":\"es\"},{\"@type\":\"Person\",\"@id\":\"https:\/\/www.maidotips.com\/environment\/#\/schema\/person\/c9b890f523795aa69b81a95dee06d804\",\"name\":\"admin\",\"url\":\"https:\/\/www.maidotips.com\/environment\/author\/admin\/\"}]}<\/script>\n<!-- \/ Yoast SEO plugin. -->","yoast_head_json":{"title":"El Gobierno quiere aprobar el decreto de autoconsumo con \u2018alevos\u00eda\u2019: el 31 de julio - BLOG de ENERGIAS RENOVABLES yTECNOLOGIA","robots":{"index":"index","follow":"follow","max-snippet":"max-snippet:-1","max-image-preview":"max-image-preview:large","max-video-preview":"max-video-preview:-1"},"canonical":"https:\/\/www.maidotips.com\/environment\/post-navigation-el-cortocircuito-el-gobierno-quiere-aprobar-el-decreto-de-autoconsumo-con-alevosia-el-31-de-julio\/","og_locale":"es_ES","og_type":"article","og_title":"El Gobierno quiere aprobar el decreto de autoconsumo con \u2018alevos\u00eda\u2019: el 31 de julio - BLOG de ENERGIAS RENOVABLES yTECNOLOGIA","og_description":"El Gobierno quiere aprobar el decreto de autoconsumo justo antes de que media Espa\u00f1a se vaya de vacaciones. El viernes 31 de julio el Consejo de Ministros aprobar\u00e1 probablemente la normativa por la que se regula el autoabastecimiento energ\u00e9tico en los hogares espa\u00f1oles. Decimos probablemente porque es la fecha elegida por el Ministerio de Industria Leer m\u00e1s ...","og_url":"https:\/\/www.maidotips.com\/environment\/post-navigation-el-cortocircuito-el-gobierno-quiere-aprobar-el-decreto-de-autoconsumo-con-alevosia-el-31-de-julio\/","og_site_name":"BLOG de ENERGIAS RENOVABLES yTECNOLOGIA","article_publisher":"https:\/\/www.facebook.com\/Energiasrenovablesytecnologia\/","article_published_time":"2015-07-20T17:43:25+00:00","article_modified_time":"2015-07-20T17:44:57+00:00","og_image":[{"url":"http:\/\/i2.wp.com\/elperiodicodelaenergia.com\/wp-content\/uploads\/2015\/03\/rajoy-soria-644x362.jpg?resize=300%2C168","type":"","width":"","height":""}],"author":"admin","twitter_card":"summary_large_image","twitter_misc":{"Escrito por":"admin","Tiempo de lectura":"2 minutos"},"schema":{"@context":"https:\/\/schema.org","@graph":[{"@type":"WebPage","@id":"https:\/\/www.maidotips.com\/environment\/post-navigation-el-cortocircuito-el-gobierno-quiere-aprobar-el-decreto-de-autoconsumo-con-alevosia-el-31-de-julio\/","url":"https:\/\/www.maidotips.com\/environment\/post-navigation-el-cortocircuito-el-gobierno-quiere-aprobar-el-decreto-de-autoconsumo-con-alevosia-el-31-de-julio\/","name":"El Gobierno quiere aprobar el decreto de autoconsumo con \u2018alevos\u00eda\u2019: el 31 de julio - BLOG de ENERGIAS RENOVABLES yTECNOLOGIA","isPartOf":{"@id":"https:\/\/www.maidotips.com\/environment\/#website"},"primaryImageOfPage":{"@id":"https:\/\/www.maidotips.com\/environment\/post-navigation-el-cortocircuito-el-gobierno-quiere-aprobar-el-decreto-de-autoconsumo-con-alevosia-el-31-de-julio\/#primaryimage"},"image":{"@id":"https:\/\/www.maidotips.com\/environment\/post-navigation-el-cortocircuito-el-gobierno-quiere-aprobar-el-decreto-de-autoconsumo-con-alevosia-el-31-de-julio\/#primaryimage"},"thumbnailUrl":"http:\/\/i2.wp.com\/elperiodicodelaenergia.com\/wp-content\/uploads\/2015\/03\/rajoy-soria-644x362.jpg?resize=300%2C168","datePublished":"2015-07-20T17:43:25+00:00","dateModified":"2015-07-20T17:44:57+00:00","author":{"@id":"https:\/\/www.maidotips.com\/environment\/#\/schema\/person\/c9b890f523795aa69b81a95dee06d804"},"breadcrumb":{"@id":"https:\/\/www.maidotips.com\/environment\/post-navigation-el-cortocircuito-el-gobierno-quiere-aprobar-el-decreto-de-autoconsumo-con-alevosia-el-31-de-julio\/#breadcrumb"},"inLanguage":"es","potentialAction":[{"@type":"ReadAction","target":["https:\/\/www.maidotips.com\/environment\/post-navigation-el-cortocircuito-el-gobierno-quiere-aprobar-el-decreto-de-autoconsumo-con-alevosia-el-31-de-julio\/"]}]},{"@type":"ImageObject","inLanguage":"es","@id":"https:\/\/www.maidotips.com\/environment\/post-navigation-el-cortocircuito-el-gobierno-quiere-aprobar-el-decreto-de-autoconsumo-con-alevosia-el-31-de-julio\/#primaryimage","url":"http:\/\/i2.wp.com\/elperiodicodelaenergia.com\/wp-content\/uploads\/2015\/03\/rajoy-soria-644x362.jpg?resize=300%2C168","contentUrl":"http:\/\/i2.wp.com\/elperiodicodelaenergia.com\/wp-content\/uploads\/2015\/03\/rajoy-soria-644x362.jpg?resize=300%2C168"},{"@type":"BreadcrumbList","@id":"https:\/\/www.maidotips.com\/environment\/post-navigation-el-cortocircuito-el-gobierno-quiere-aprobar-el-decreto-de-autoconsumo-con-alevosia-el-31-de-julio\/#breadcrumb","itemListElement":[{"@type":"ListItem","position":1,"name":"Portada","item":"https:\/\/www.maidotips.com\/environment\/"},{"@type":"ListItem","position":2,"name":"El Gobierno quiere aprobar el decreto de autoconsumo con \u2018alevos\u00eda\u2019: el 31 de julio"}]},{"@type":"WebSite","@id":"https:\/\/www.maidotips.com\/environment\/#website","url":"https:\/\/www.maidotips.com\/environment\/","name":"BLOG de ENERGIAS RENOVABLES yTECNOLOGIA","description":"BLOG sobre la energia verde y TECNOLOGIA","potentialAction":[{"@type":"SearchAction","target":{"@type":"EntryPoint","urlTemplate":"https:\/\/www.maidotips.com\/environment\/?s={search_term_string}"},"query-input":{"@type":"PropertyValueSpecification","valueRequired":true,"valueName":"search_term_string"}}],"inLanguage":"es"},{"@type":"Person","@id":"https:\/\/www.maidotips.com\/environment\/#\/schema\/person\/c9b890f523795aa69b81a95dee06d804","name":"admin","url":"https:\/\/www.maidotips.com\/environment\/author\/admin\/"}]}},"jetpack_featured_media_url":"","jetpack_shortlink":"https:\/\/wp.me\/pbBd6N-dO","jetpack-related-posts":[],"jetpack_likes_enabled":true,"jetpack_sharing_enabled":true,"_links":{"self":[{"href":"https:\/\/www.maidotips.com\/environment\/wp-json\/wp\/v2\/posts\/856","targetHints":{"allow":["GET"]}}],"collection":[{"href":"https:\/\/www.maidotips.com\/environment\/wp-json\/wp\/v2\/posts"}],"about":[{"href":"https:\/\/www.maidotips.com\/environment\/wp-json\/wp\/v2\/types\/post"}],"author":[{"embeddable":true,"href":"https:\/\/www.maidotips.com\/environment\/wp-json\/wp\/v2\/users\/1"}],"replies":[{"embeddable":true,"href":"https:\/\/www.maidotips.com\/environment\/wp-json\/wp\/v2\/comments?post=856"}],"version-history":[{"count":2,"href":"https:\/\/www.maidotips.com\/environment\/wp-json\/wp\/v2\/posts\/856\/revisions"}],"predecessor-version":[{"id":858,"href":"https:\/\/www.maidotips.com\/environment\/wp-json\/wp\/v2\/posts\/856\/revisions\/858"}],"wp:attachment":[{"href":"https:\/\/www.maidotips.com\/environment\/wp-json\/wp\/v2\/media?parent=856"}],"wp:term":[{"taxonomy":"category","embeddable":true,"href":"https:\/\/www.maidotips.com\/environment\/wp-json\/wp\/v2\/categories?post=856"},{"taxonomy":"post_tag","embeddable":true,"href":"https:\/\/www.maidotips.com\/environment\/wp-json\/wp\/v2\/tags?post=856"}],"curies":[{"name":"wp","href":"https:\/\/api.w.org\/{rel}","templated":true}]}}