{"id":881,"date":"2015-07-30T13:42:38","date_gmt":"2015-07-30T11:42:38","guid":{"rendered":"https:\/\/www.maidotips.com\/environment\/?p=881"},"modified":"2015-07-30T13:42:38","modified_gmt":"2015-07-30T11:42:38","slug":"greenpeace-protesta-contra-el-impuesto-al-sol-frente-al-ministerio-de-industria","status":"publish","type":"post","link":"https:\/\/www.maidotips.com\/environment\/greenpeace-protesta-contra-el-impuesto-al-sol-frente-al-ministerio-de-industria\/","title":{"rendered":"Greenpeace protesta contra el impuesto al sol frente al Ministerio de Industria"},"content":{"rendered":"<p>Activistas de Greenpeace han llevado hoy una placa fotovoltaica al ministro Soria y han escalado un edificio junto al ministerio con pancartas con el mensaje \u00abImpuesto al Sol No\u00bb.<\/p>\n<p><a><img data-recalc-dims=\"1\" decoding=\"async\" class=\"foto_flota_izq\" title=\"Greenpeace protesta contra el impuesto al sol frente al Ministerio de Industria\" src=\"https:\/\/i0.wp.com\/www.energias-renovables.com\/ficheroenergias\/fotos\/fotovoltaica\/ampliada\/g\/greenpeace-no-al-impuesto-al-sol.jpg?w=780\" alt=\"Greenpeace protesta contra el impuesto al sol frente al Ministerio de Industria\"  \/><\/a><\/p>\n<p><a href=\"http:\/\/www.energias-renovables.com\/articulo\/greenpeace-protesta-contra-el-impuesto-al-sol-20150730\">Ma\u00f1ana, 31 de julio, puede ser un d\u00eda clave. Es una de las fechas que se han barajado para la aprobaci\u00f3n del Real Decreto de Autoconsumo en Consejo de Ministros. Hay quien baraja otras fechas, ya en el mes de septiembre. Y quien empieza a creer que el Gobierno de Rajoy no se atrever\u00e1 a aprobar una medida tan impopular antes de las elecciones. Mucho menos despu\u00e9s de que la <strong>pr\u00e1ctica totalidad de partidos pol\u00edticos<\/strong> han mostrado p\u00fablicamente su intenci\u00f3n de derogar la medida en caso de ser aprobada.\u00a0 \u00a0<\/a><\/p>\n<p><a href=\"http:\/\/www.energias-renovables.com\/articulo\/greenpeace-protesta-contra-el-impuesto-al-sol-20150730\">En todo caso, Greenpeace no ha querido perder la oportunidad para recordarle al Gobierno que la medida es injusta. Y que muchos otros pa\u00edses han regulado el autoconsumo para permitir su desarrollo, no para paralizarlo.<\/a><\/p>\n<p><a href=\"http:\/\/www.energias-renovables.com\/articulo\/greenpeace-protesta-contra-el-impuesto-al-sol-20150730\">Un grupo de activistas ha llevado esta ma\u00f1ana un panel solar al ministro Jos\u00e9 Manuel Soria para que d\u00e9 ejemplo de apoyo a las renovables y se autoabastezca con energ\u00eda solar, mientras otro grupo de cuatro activistas ha escalado una torre, ubicada junto al ministerio de Industria (perteneciente al Ministerio de Hacienda) para desplegar pancartas con el mensaje \u201cImpuesto al Sol No\u201d, aunque la de mayor tama\u00f1o se ha roto finalmente con el viento.<\/a><\/p>\n<p><a href=\"http:\/\/www.energias-renovables.com\/articulo\/greenpeace-protesta-contra-el-impuesto-al-sol-20150730\">Greenpeace recuerda que, de ser aprobado, esta legislaci\u00f3n obligar\u00e1 a los consumidores que produzcan su propia energ\u00eda y est\u00e9n conectados a la red a pagar un \u201cimpuesto al sol\u201d por la energ\u00eda que han producido para consumo propio.<\/a><\/p>\n<p><a href=\"http:\/\/www.energias-renovables.com\/articulo\/greenpeace-protesta-contra-el-impuesto-al-sol-20150730\">\u201cEl autoconsumo es un herramienta clave para la eficiencia energ\u00e9tica, la reducci\u00f3n de las emisiones contaminantes,\u00a0 la generaci\u00f3n de empleo y para reducir la dependencia energ\u00e9tica que Espa\u00f1a tiene del exterior\u201d, ha declarado Marina Bevacqua, responsable de la campa\u00f1a de Energ\u00eda de Greenpeace. \u201cLos derechos de los ciudadanos y el medio ambiente est\u00e1n por encima de los intereses de las grandes el\u00e9ctricas para las que se ha hecho el impuesto al sol\u201d.<\/a><\/p>\n<p><a href=\"http:\/\/www.energias-renovables.com\/articulo\/greenpeace-protesta-contra-el-impuesto-al-sol-20150730\">Por otro lado la propuesta del Partido Popular no permite que las personas m\u00e1s vulnerables puedan generar su propia energ\u00eda. Tanto los consumidores que tengan la tarifa el\u00e9ctrica regulada por el Gobierno (PVPC) como los que tengan el bono social, no podr\u00e1n tener una instalaci\u00f3n de autoconsumo, lo que impide usar este recurso para paliar el gran problema de <strong>pobreza energ\u00e9tica que sufren m\u00e1s de siete millones de espa\u00f1oles.<\/strong><\/a><\/p>\n<p><a href=\"http:\/\/www.energias-renovables.com\/articulo\/greenpeace-protesta-contra-el-impuesto-al-sol-20150730\">Tanto la sociedad civil como los partidos pol\u00edticos de la oposici\u00f3n ya han mostrado un rechazo claro a la\u00a0 propuesta del PP sobre autoconsumo. Es por esto que Greenpeace exige al Ministerio de Industria que descarte el proyecto del real decreto y que cree una legislaci\u00f3n realmente favorable al desarrollo del autoconsumo que tenga en cuenta los beneficios ambientales, sociales y econ\u00f3micos de esta tecnolog\u00eda y permita garantizar una transici\u00f3n hacia un modelo basado en energ\u00edas renovables.<\/a><\/p>\n<p>&nbsp;<\/p>\n<p>FUENTE : <a href=\"http:\/\/www.energias-renovables.com\/articulo\/greenpeace-protesta-contra-el-impuesto-al-sol-20150730\">http:\/\/www.energias-renovables.com\/articulo\/greenpeace-protesta-contra-el-impuesto-al-sol-20150730<\/a><\/p>\n","protected":false},"excerpt":{"rendered":"<p>Activistas de Greenpeace han llevado hoy una placa fotovoltaica al ministro Soria y han escalado un edificio junto al ministerio con pancartas con el mensaje \u00abImpuesto al Sol No\u00bb. Ma\u00f1ana, 31 de julio, puede ser un d\u00eda clave. Es una de las fechas que se han barajado para la aprobaci\u00f3n del Real Decreto de Autoconsumo <a class=\"more-link\" href=\"https:\/\/www.maidotips.com\/environment\/greenpeace-protesta-contra-el-impuesto-al-sol-frente-al-ministerio-de-industria\/\">Leer m\u00e1s &#8230;<\/a><\/p>\n","protected":false},"author":1,"featured_media":0,"comment_status":"closed","ping_status":"closed","sticky":false,"template":"","format":"standard","meta":{"_monsterinsights_skip_tracking":false,"_monsterinsights_sitenote_active":false,"_monsterinsights_sitenote_note":"","_monsterinsights_sitenote_category":0,"jetpack_post_was_ever_published":false,"_jetpack_newsletter_access":"","_jetpack_dont_email_post_to_subs":false,"_jetpack_newsletter_tier_id":0,"_jetpack_memberships_contains_paywalled_content":false,"_jetpack_memberships_contains_paid_content":false,"footnotes":""},"categories":[1],"tags":[],"class_list":["post-881","post","type-post","status-publish","format-standard","hentry","category-energias-renovables"],"yoast_head":"<!-- This site is optimized with the Yoast SEO plugin v24.8.1 - https:\/\/yoast.com\/wordpress\/plugins\/seo\/ -->\n<title>Greenpeace protesta contra el impuesto al sol frente al Ministerio de Industria - BLOG de ENERGIAS RENOVABLES yTECNOLOGIA<\/title>\n<meta name=\"robots\" content=\"index, follow, max-snippet:-1, max-image-preview:large, max-video-preview:-1\" \/>\n<link rel=\"canonical\" href=\"https:\/\/www.maidotips.com\/environment\/greenpeace-protesta-contra-el-impuesto-al-sol-frente-al-ministerio-de-industria\/\" \/>\n<meta property=\"og:locale\" content=\"es_ES\" \/>\n<meta property=\"og:type\" content=\"article\" \/>\n<meta property=\"og:title\" content=\"Greenpeace protesta contra el impuesto al sol frente al Ministerio de Industria - BLOG de ENERGIAS RENOVABLES yTECNOLOGIA\" \/>\n<meta property=\"og:description\" content=\"Activistas de Greenpeace han llevado hoy una placa fotovoltaica al ministro Soria y han escalado un edificio junto al ministerio con pancartas con el mensaje \u00abImpuesto al Sol No\u00bb. Ma\u00f1ana, 31 de julio, puede ser un d\u00eda clave. Es una de las fechas que se han barajado para la aprobaci\u00f3n del Real Decreto de Autoconsumo Leer m\u00e1s ...\" \/>\n<meta property=\"og:url\" content=\"https:\/\/www.maidotips.com\/environment\/greenpeace-protesta-contra-el-impuesto-al-sol-frente-al-ministerio-de-industria\/\" \/>\n<meta property=\"og:site_name\" content=\"BLOG de ENERGIAS RENOVABLES yTECNOLOGIA\" \/>\n<meta property=\"article:publisher\" content=\"https:\/\/www.facebook.com\/Energiasrenovablesytecnologia\/\" \/>\n<meta property=\"article:published_time\" content=\"2015-07-30T11:42:38+00:00\" \/>\n<meta property=\"og:image\" content=\"http:\/\/www.energias-renovables.com\/ficheroenergias\/fotos\/fotovoltaica\/ampliada\/g\/greenpeace-no-al-impuesto-al-sol.jpg\" \/>\n<meta name=\"author\" content=\"admin\" \/>\n<meta name=\"twitter:card\" content=\"summary_large_image\" \/>\n<meta name=\"twitter:label1\" content=\"Escrito por\" \/>\n\t<meta name=\"twitter:data1\" content=\"admin\" \/>\n\t<meta name=\"twitter:label2\" content=\"Tiempo de lectura\" \/>\n\t<meta name=\"twitter:data2\" content=\"3 minutos\" \/>\n<script type=\"application\/ld+json\" class=\"yoast-schema-graph\">{\"@context\":\"https:\/\/schema.org\",\"@graph\":[{\"@type\":\"WebPage\",\"@id\":\"https:\/\/www.maidotips.com\/environment\/greenpeace-protesta-contra-el-impuesto-al-sol-frente-al-ministerio-de-industria\/\",\"url\":\"https:\/\/www.maidotips.com\/environment\/greenpeace-protesta-contra-el-impuesto-al-sol-frente-al-ministerio-de-industria\/\",\"name\":\"Greenpeace protesta contra el impuesto al sol frente al Ministerio de Industria - BLOG de ENERGIAS RENOVABLES yTECNOLOGIA\",\"isPartOf\":{\"@id\":\"https:\/\/www.maidotips.com\/environment\/#website\"},\"primaryImageOfPage\":{\"@id\":\"https:\/\/www.maidotips.com\/environment\/greenpeace-protesta-contra-el-impuesto-al-sol-frente-al-ministerio-de-industria\/#primaryimage\"},\"image\":{\"@id\":\"https:\/\/www.maidotips.com\/environment\/greenpeace-protesta-contra-el-impuesto-al-sol-frente-al-ministerio-de-industria\/#primaryimage\"},\"thumbnailUrl\":\"http:\/\/www.energias-renovables.com\/ficheroenergias\/fotos\/fotovoltaica\/ampliada\/g\/greenpeace-no-al-impuesto-al-sol.jpg\",\"datePublished\":\"2015-07-30T11:42:38+00:00\",\"author\":{\"@id\":\"https:\/\/www.maidotips.com\/environment\/#\/schema\/person\/c9b890f523795aa69b81a95dee06d804\"},\"breadcrumb\":{\"@id\":\"https:\/\/www.maidotips.com\/environment\/greenpeace-protesta-contra-el-impuesto-al-sol-frente-al-ministerio-de-industria\/#breadcrumb\"},\"inLanguage\":\"es\",\"potentialAction\":[{\"@type\":\"ReadAction\",\"target\":[\"https:\/\/www.maidotips.com\/environment\/greenpeace-protesta-contra-el-impuesto-al-sol-frente-al-ministerio-de-industria\/\"]}]},{\"@type\":\"ImageObject\",\"inLanguage\":\"es\",\"@id\":\"https:\/\/www.maidotips.com\/environment\/greenpeace-protesta-contra-el-impuesto-al-sol-frente-al-ministerio-de-industria\/#primaryimage\",\"url\":\"http:\/\/www.energias-renovables.com\/ficheroenergias\/fotos\/fotovoltaica\/ampliada\/g\/greenpeace-no-al-impuesto-al-sol.jpg\",\"contentUrl\":\"http:\/\/www.energias-renovables.com\/ficheroenergias\/fotos\/fotovoltaica\/ampliada\/g\/greenpeace-no-al-impuesto-al-sol.jpg\"},{\"@type\":\"BreadcrumbList\",\"@id\":\"https:\/\/www.maidotips.com\/environment\/greenpeace-protesta-contra-el-impuesto-al-sol-frente-al-ministerio-de-industria\/#breadcrumb\",\"itemListElement\":[{\"@type\":\"ListItem\",\"position\":1,\"name\":\"Portada\",\"item\":\"https:\/\/www.maidotips.com\/environment\/\"},{\"@type\":\"ListItem\",\"position\":2,\"name\":\"Greenpeace protesta contra el impuesto al sol frente al Ministerio de Industria\"}]},{\"@type\":\"WebSite\",\"@id\":\"https:\/\/www.maidotips.com\/environment\/#website\",\"url\":\"https:\/\/www.maidotips.com\/environment\/\",\"name\":\"BLOG de ENERGIAS RENOVABLES yTECNOLOGIA\",\"description\":\"BLOG sobre la energia verde y TECNOLOGIA\",\"potentialAction\":[{\"@type\":\"SearchAction\",\"target\":{\"@type\":\"EntryPoint\",\"urlTemplate\":\"https:\/\/www.maidotips.com\/environment\/?s={search_term_string}\"},\"query-input\":{\"@type\":\"PropertyValueSpecification\",\"valueRequired\":true,\"valueName\":\"search_term_string\"}}],\"inLanguage\":\"es\"},{\"@type\":\"Person\",\"@id\":\"https:\/\/www.maidotips.com\/environment\/#\/schema\/person\/c9b890f523795aa69b81a95dee06d804\",\"name\":\"admin\",\"url\":\"https:\/\/www.maidotips.com\/environment\/author\/admin\/\"}]}<\/script>\n<!-- \/ Yoast SEO plugin. -->","yoast_head_json":{"title":"Greenpeace protesta contra el impuesto al sol frente al Ministerio de Industria - BLOG de ENERGIAS RENOVABLES yTECNOLOGIA","robots":{"index":"index","follow":"follow","max-snippet":"max-snippet:-1","max-image-preview":"max-image-preview:large","max-video-preview":"max-video-preview:-1"},"canonical":"https:\/\/www.maidotips.com\/environment\/greenpeace-protesta-contra-el-impuesto-al-sol-frente-al-ministerio-de-industria\/","og_locale":"es_ES","og_type":"article","og_title":"Greenpeace protesta contra el impuesto al sol frente al Ministerio de Industria - BLOG de ENERGIAS RENOVABLES yTECNOLOGIA","og_description":"Activistas de Greenpeace han llevado hoy una placa fotovoltaica al ministro Soria y han escalado un edificio junto al ministerio con pancartas con el mensaje \u00abImpuesto al Sol No\u00bb. Ma\u00f1ana, 31 de julio, puede ser un d\u00eda clave. Es una de las fechas que se han barajado para la aprobaci\u00f3n del Real Decreto de Autoconsumo Leer m\u00e1s ...","og_url":"https:\/\/www.maidotips.com\/environment\/greenpeace-protesta-contra-el-impuesto-al-sol-frente-al-ministerio-de-industria\/","og_site_name":"BLOG de ENERGIAS RENOVABLES yTECNOLOGIA","article_publisher":"https:\/\/www.facebook.com\/Energiasrenovablesytecnologia\/","article_published_time":"2015-07-30T11:42:38+00:00","og_image":[{"url":"http:\/\/www.energias-renovables.com\/ficheroenergias\/fotos\/fotovoltaica\/ampliada\/g\/greenpeace-no-al-impuesto-al-sol.jpg","type":"","width":"","height":""}],"author":"admin","twitter_card":"summary_large_image","twitter_misc":{"Escrito por":"admin","Tiempo de lectura":"3 minutos"},"schema":{"@context":"https:\/\/schema.org","@graph":[{"@type":"WebPage","@id":"https:\/\/www.maidotips.com\/environment\/greenpeace-protesta-contra-el-impuesto-al-sol-frente-al-ministerio-de-industria\/","url":"https:\/\/www.maidotips.com\/environment\/greenpeace-protesta-contra-el-impuesto-al-sol-frente-al-ministerio-de-industria\/","name":"Greenpeace protesta contra el impuesto al sol frente al Ministerio de Industria - BLOG de ENERGIAS RENOVABLES yTECNOLOGIA","isPartOf":{"@id":"https:\/\/www.maidotips.com\/environment\/#website"},"primaryImageOfPage":{"@id":"https:\/\/www.maidotips.com\/environment\/greenpeace-protesta-contra-el-impuesto-al-sol-frente-al-ministerio-de-industria\/#primaryimage"},"image":{"@id":"https:\/\/www.maidotips.com\/environment\/greenpeace-protesta-contra-el-impuesto-al-sol-frente-al-ministerio-de-industria\/#primaryimage"},"thumbnailUrl":"http:\/\/www.energias-renovables.com\/ficheroenergias\/fotos\/fotovoltaica\/ampliada\/g\/greenpeace-no-al-impuesto-al-sol.jpg","datePublished":"2015-07-30T11:42:38+00:00","author":{"@id":"https:\/\/www.maidotips.com\/environment\/#\/schema\/person\/c9b890f523795aa69b81a95dee06d804"},"breadcrumb":{"@id":"https:\/\/www.maidotips.com\/environment\/greenpeace-protesta-contra-el-impuesto-al-sol-frente-al-ministerio-de-industria\/#breadcrumb"},"inLanguage":"es","potentialAction":[{"@type":"ReadAction","target":["https:\/\/www.maidotips.com\/environment\/greenpeace-protesta-contra-el-impuesto-al-sol-frente-al-ministerio-de-industria\/"]}]},{"@type":"ImageObject","inLanguage":"es","@id":"https:\/\/www.maidotips.com\/environment\/greenpeace-protesta-contra-el-impuesto-al-sol-frente-al-ministerio-de-industria\/#primaryimage","url":"http:\/\/www.energias-renovables.com\/ficheroenergias\/fotos\/fotovoltaica\/ampliada\/g\/greenpeace-no-al-impuesto-al-sol.jpg","contentUrl":"http:\/\/www.energias-renovables.com\/ficheroenergias\/fotos\/fotovoltaica\/ampliada\/g\/greenpeace-no-al-impuesto-al-sol.jpg"},{"@type":"BreadcrumbList","@id":"https:\/\/www.maidotips.com\/environment\/greenpeace-protesta-contra-el-impuesto-al-sol-frente-al-ministerio-de-industria\/#breadcrumb","itemListElement":[{"@type":"ListItem","position":1,"name":"Portada","item":"https:\/\/www.maidotips.com\/environment\/"},{"@type":"ListItem","position":2,"name":"Greenpeace protesta contra el impuesto al sol frente al Ministerio de Industria"}]},{"@type":"WebSite","@id":"https:\/\/www.maidotips.com\/environment\/#website","url":"https:\/\/www.maidotips.com\/environment\/","name":"BLOG de ENERGIAS RENOVABLES yTECNOLOGIA","description":"BLOG sobre la energia verde y TECNOLOGIA","potentialAction":[{"@type":"SearchAction","target":{"@type":"EntryPoint","urlTemplate":"https:\/\/www.maidotips.com\/environment\/?s={search_term_string}"},"query-input":{"@type":"PropertyValueSpecification","valueRequired":true,"valueName":"search_term_string"}}],"inLanguage":"es"},{"@type":"Person","@id":"https:\/\/www.maidotips.com\/environment\/#\/schema\/person\/c9b890f523795aa69b81a95dee06d804","name":"admin","url":"https:\/\/www.maidotips.com\/environment\/author\/admin\/"}]}},"jetpack_featured_media_url":"","jetpack_shortlink":"https:\/\/wp.me\/pbBd6N-ed","jetpack-related-posts":[],"jetpack_likes_enabled":true,"jetpack_sharing_enabled":true,"_links":{"self":[{"href":"https:\/\/www.maidotips.com\/environment\/wp-json\/wp\/v2\/posts\/881","targetHints":{"allow":["GET"]}}],"collection":[{"href":"https:\/\/www.maidotips.com\/environment\/wp-json\/wp\/v2\/posts"}],"about":[{"href":"https:\/\/www.maidotips.com\/environment\/wp-json\/wp\/v2\/types\/post"}],"author":[{"embeddable":true,"href":"https:\/\/www.maidotips.com\/environment\/wp-json\/wp\/v2\/users\/1"}],"replies":[{"embeddable":true,"href":"https:\/\/www.maidotips.com\/environment\/wp-json\/wp\/v2\/comments?post=881"}],"version-history":[{"count":1,"href":"https:\/\/www.maidotips.com\/environment\/wp-json\/wp\/v2\/posts\/881\/revisions"}],"predecessor-version":[{"id":882,"href":"https:\/\/www.maidotips.com\/environment\/wp-json\/wp\/v2\/posts\/881\/revisions\/882"}],"wp:attachment":[{"href":"https:\/\/www.maidotips.com\/environment\/wp-json\/wp\/v2\/media?parent=881"}],"wp:term":[{"taxonomy":"category","embeddable":true,"href":"https:\/\/www.maidotips.com\/environment\/wp-json\/wp\/v2\/categories?post=881"},{"taxonomy":"post_tag","embeddable":true,"href":"https:\/\/www.maidotips.com\/environment\/wp-json\/wp\/v2\/tags?post=881"}],"curies":[{"name":"wp","href":"https:\/\/api.w.org\/{rel}","templated":true}]}}