{"id":883,"date":"2015-07-30T18:55:05","date_gmt":"2015-07-30T16:55:05","guid":{"rendered":"https:\/\/www.maidotips.com\/environment\/?p=883"},"modified":"2015-07-30T13:57:34","modified_gmt":"2015-07-30T11:57:34","slug":"jorge-fabra-desmonta-en-el-supremo-la-teoria-conspiratoria-del-gobierno-contra-las-renovables","status":"publish","type":"post","link":"https:\/\/www.maidotips.com\/environment\/jorge-fabra-desmonta-en-el-supremo-la-teoria-conspiratoria-del-gobierno-contra-las-renovables\/","title":{"rendered":"Jorge Fabra desmonta en el Supremo la teor\u00eda conspiratoria del Gobierno contra las renovables"},"content":{"rendered":"<p>El exconsejero de la CNE y expresidente de REE declara en el tribunal como perito en el recurso de Anpier contra el recorte a las renovables y asegura que la administraci\u00f3n conoc\u00eda de antemano que los windfall profits a la nuclear e hidr\u00e1ulica generaron la mayor parte del agujero el\u00e9ctrico<\/p>\n<header id=\"masthead\" class=\"site-header\">\n<div id=\"section-navigation\" class=\"floating\">\n<p><a class=\"image_link\" href=\"http:\/\/i2.wp.com\/elperiodicodelaenergia.com\/wp-content\/uploads\/2014\/07\/Economistas-Frente-Crisis-ENRIC-CATALA_EDIIMA20131121_0791_13.jpg\"><img loading=\"lazy\" decoding=\"async\" class=\"size-full wp-image-3868\" src=\"http:\/\/i2.wp.com\/elperiodicodelaenergia.com\/wp-content\/uploads\/2014\/07\/Economistas-Frente-Crisis-ENRIC-CATALA_EDIIMA20131121_0791_13.jpg?resize=643%2C386\" alt=\"Jorge Fabra. FOTO: Economistas frente a la Crisis.\" width=\"513\" height=\"308\" \/><\/a><\/p>\n<p>Poco a poco los juicios de los recursos contra el recorte a las renovables van tomando cuerpo. Los peritos de los recurrentes que han presentado sus informes de la reforma el\u00e9ctrica llevan varias semanas prestando declaraci\u00f3n en los distintos casos. El pasado 2 de julio, el encargado de acudir a la Sala Tercera del Tribunal Supremo fue el expresidente de Red El\u00e9ctrica y exconsejero de la Comisi\u00f3n Nacional de la Energ\u00eda, <strong>Jorge Fabra<\/strong>. El economista acudi\u00f3 al Alto Tribunal para explicar su informe pericial, presentado por el recurrente Anpier, la asociaci\u00f3n nacional de productores de energ\u00edas renovables, que defienden en su caso a miles de afectados por los recortes.<\/p>\n<p>Fabra explic\u00f3 brevemente su informe de 33 p\u00e1ginas, titulado\u00a0<em>Ausencia de diagn\u00f3stico, alternativas no analizadas, arbitrariedad y discriminaci\u00f3n en la nueva regulaci\u00f3n del Sector El\u00e9ctrico,<\/em> al que ha tenido acceso este diario. El expresidente de REE se dedic\u00f3 a desmontar la teor\u00eda del Gobierno de que las energ\u00edas renovables fueron las \u00fanicas culpables del enorme agujero que se cre\u00f3 en el sistema el\u00e9ctrico espa\u00f1ol hasta 2013. Un d\u00e9ficit que lleg\u00f3 a alcanzar los 30.000 millones de euros en su mayor auge.<\/p>\n<p>El exconsejero de la CNE es uno de los mayores expertos del funcionamiento del sistema el\u00e9ctrico. Como tal, conoce los entresijos de toda la regulaci\u00f3n del sector el\u00e9ctrico en los \u00faltimos a\u00f1os. Fabra explic\u00f3 a los magistrados del Supremo que la Administraci\u00f3n actu\u00f3 de forma totalmente arbitraria y discriminatoria a la hora de legislar la reforma el\u00e9ctrica de los \u00faltimos a\u00f1os al conocer sobradamente la verdadera causa del d\u00e9ficit el\u00e9ctrico generado en buena parte en los \u00faltimos 10 a\u00f1os.<\/p>\n<p><strong>Informes de la CNE<\/strong><\/p>\n<p>Seg\u00fan la prueba pericial, \u201cel Informe de la Comisi\u00f3n Nacional de la Energ\u00eda CNE de 20 de mayo de 2008 sobre la propuesta de revisi\u00f3n de la tarifa el\u00e9ctrica a partir del 1 de julio de ese mismo a\u00f1o\u00a0refleja con claridad que la principal responsabilidad de la brecha entre precios y costes del mix energ\u00e9tico recae en la retribuci\u00f3n de la\u00a0generaci\u00f3n de las centrales hist\u00f3ricas y, entre ellas, en particular, por la retribuci\u00f3n de las centrales nucleares e hidroel\u00e9ctricas\u201d.<\/p>\n<p><strong><a href=\"http:\/\/elperiodicodelaenergia.com\/jorge-fabra-desmonta-en-el-supremo-la-teoria-del-gobierno-de-que-las-renovables-son-las-culpables-del-deficit-de-tarifa\/\">SEGUIR LEYENDO&#8230;<\/a><\/strong><\/p>\n<p>FUENTE: http:\/\/elperiodicodelaenergia.com\/jorge-fabra-desmonta-en-el-supremo-la-teoria-del-gobierno-de-que-las-renovables-son-las-culpables-del-deficit-de-tarifa\/<\/p>\n<\/div>\n<\/header>\n<div id=\"main\" class=\"site-main\"><\/div>\n","protected":false},"excerpt":{"rendered":"<p>El exconsejero de la CNE y expresidente de REE declara en el tribunal como perito en el recurso de Anpier contra el recorte a las renovables y asegura que la administraci\u00f3n conoc\u00eda de antemano que los windfall profits a la nuclear e hidr\u00e1ulica generaron la mayor parte del agujero el\u00e9ctrico Poco a poco los juicios <a class=\"more-link\" href=\"https:\/\/www.maidotips.com\/environment\/jorge-fabra-desmonta-en-el-supremo-la-teoria-conspiratoria-del-gobierno-contra-las-renovables\/\">Leer m\u00e1s &#8230;<\/a><\/p>\n","protected":false},"author":1,"featured_media":0,"comment_status":"closed","ping_status":"closed","sticky":false,"template":"","format":"standard","meta":{"_monsterinsights_skip_tracking":false,"_monsterinsights_sitenote_active":false,"_monsterinsights_sitenote_note":"","_monsterinsights_sitenote_category":0,"jetpack_post_was_ever_published":false,"_jetpack_newsletter_access":"","_jetpack_dont_email_post_to_subs":false,"_jetpack_newsletter_tier_id":0,"_jetpack_memberships_contains_paywalled_content":false,"_jetpack_memberships_contains_paid_content":false,"footnotes":""},"categories":[1],"tags":[],"class_list":["post-883","post","type-post","status-publish","format-standard","hentry","category-energias-renovables"],"yoast_head":"<!-- This site is optimized with the Yoast SEO plugin v24.8.1 - https:\/\/yoast.com\/wordpress\/plugins\/seo\/ -->\n<title>Jorge Fabra desmonta en el Supremo la teor\u00eda conspiratoria del Gobierno contra las renovables - BLOG de ENERGIAS RENOVABLES yTECNOLOGIA<\/title>\n<meta name=\"robots\" content=\"index, follow, max-snippet:-1, max-image-preview:large, max-video-preview:-1\" \/>\n<link rel=\"canonical\" href=\"https:\/\/www.maidotips.com\/environment\/jorge-fabra-desmonta-en-el-supremo-la-teoria-conspiratoria-del-gobierno-contra-las-renovables\/\" \/>\n<meta property=\"og:locale\" content=\"es_ES\" \/>\n<meta property=\"og:type\" content=\"article\" \/>\n<meta property=\"og:title\" content=\"Jorge Fabra desmonta en el Supremo la teor\u00eda conspiratoria del Gobierno contra las renovables - BLOG de ENERGIAS RENOVABLES yTECNOLOGIA\" \/>\n<meta property=\"og:description\" content=\"El exconsejero de la CNE y expresidente de REE declara en el tribunal como perito en el recurso de Anpier contra el recorte a las renovables y asegura que la administraci\u00f3n conoc\u00eda de antemano que los windfall profits a la nuclear e hidr\u00e1ulica generaron la mayor parte del agujero el\u00e9ctrico Poco a poco los juicios Leer m\u00e1s ...\" \/>\n<meta property=\"og:url\" content=\"https:\/\/www.maidotips.com\/environment\/jorge-fabra-desmonta-en-el-supremo-la-teoria-conspiratoria-del-gobierno-contra-las-renovables\/\" \/>\n<meta property=\"og:site_name\" content=\"BLOG de ENERGIAS RENOVABLES yTECNOLOGIA\" \/>\n<meta property=\"article:publisher\" content=\"https:\/\/www.facebook.com\/Energiasrenovablesytecnologia\/\" \/>\n<meta property=\"article:published_time\" content=\"2015-07-30T16:55:05+00:00\" \/>\n<meta property=\"og:image\" content=\"http:\/\/i2.wp.com\/elperiodicodelaenergia.com\/wp-content\/uploads\/2014\/07\/Economistas-Frente-Crisis-ENRIC-CATALA_EDIIMA20131121_0791_13.jpg?resize=643%2C386\" \/>\n<meta name=\"author\" content=\"admin\" \/>\n<meta name=\"twitter:card\" content=\"summary_large_image\" \/>\n<meta name=\"twitter:label1\" content=\"Escrito por\" \/>\n\t<meta name=\"twitter:data1\" content=\"admin\" \/>\n\t<meta name=\"twitter:label2\" content=\"Tiempo de lectura\" \/>\n\t<meta name=\"twitter:data2\" content=\"2 minutos\" \/>\n<script type=\"application\/ld+json\" class=\"yoast-schema-graph\">{\"@context\":\"https:\/\/schema.org\",\"@graph\":[{\"@type\":\"WebPage\",\"@id\":\"https:\/\/www.maidotips.com\/environment\/jorge-fabra-desmonta-en-el-supremo-la-teoria-conspiratoria-del-gobierno-contra-las-renovables\/\",\"url\":\"https:\/\/www.maidotips.com\/environment\/jorge-fabra-desmonta-en-el-supremo-la-teoria-conspiratoria-del-gobierno-contra-las-renovables\/\",\"name\":\"Jorge Fabra desmonta en el Supremo la teor\u00eda conspiratoria del Gobierno contra las renovables - BLOG de ENERGIAS RENOVABLES yTECNOLOGIA\",\"isPartOf\":{\"@id\":\"https:\/\/www.maidotips.com\/environment\/#website\"},\"primaryImageOfPage\":{\"@id\":\"https:\/\/www.maidotips.com\/environment\/jorge-fabra-desmonta-en-el-supremo-la-teoria-conspiratoria-del-gobierno-contra-las-renovables\/#primaryimage\"},\"image\":{\"@id\":\"https:\/\/www.maidotips.com\/environment\/jorge-fabra-desmonta-en-el-supremo-la-teoria-conspiratoria-del-gobierno-contra-las-renovables\/#primaryimage\"},\"thumbnailUrl\":\"http:\/\/i2.wp.com\/elperiodicodelaenergia.com\/wp-content\/uploads\/2014\/07\/Economistas-Frente-Crisis-ENRIC-CATALA_EDIIMA20131121_0791_13.jpg?resize=643%2C386\",\"datePublished\":\"2015-07-30T16:55:05+00:00\",\"author\":{\"@id\":\"https:\/\/www.maidotips.com\/environment\/#\/schema\/person\/c9b890f523795aa69b81a95dee06d804\"},\"breadcrumb\":{\"@id\":\"https:\/\/www.maidotips.com\/environment\/jorge-fabra-desmonta-en-el-supremo-la-teoria-conspiratoria-del-gobierno-contra-las-renovables\/#breadcrumb\"},\"inLanguage\":\"es\",\"potentialAction\":[{\"@type\":\"ReadAction\",\"target\":[\"https:\/\/www.maidotips.com\/environment\/jorge-fabra-desmonta-en-el-supremo-la-teoria-conspiratoria-del-gobierno-contra-las-renovables\/\"]}]},{\"@type\":\"ImageObject\",\"inLanguage\":\"es\",\"@id\":\"https:\/\/www.maidotips.com\/environment\/jorge-fabra-desmonta-en-el-supremo-la-teoria-conspiratoria-del-gobierno-contra-las-renovables\/#primaryimage\",\"url\":\"http:\/\/i2.wp.com\/elperiodicodelaenergia.com\/wp-content\/uploads\/2014\/07\/Economistas-Frente-Crisis-ENRIC-CATALA_EDIIMA20131121_0791_13.jpg?resize=643%2C386\",\"contentUrl\":\"http:\/\/i2.wp.com\/elperiodicodelaenergia.com\/wp-content\/uploads\/2014\/07\/Economistas-Frente-Crisis-ENRIC-CATALA_EDIIMA20131121_0791_13.jpg?resize=643%2C386\"},{\"@type\":\"BreadcrumbList\",\"@id\":\"https:\/\/www.maidotips.com\/environment\/jorge-fabra-desmonta-en-el-supremo-la-teoria-conspiratoria-del-gobierno-contra-las-renovables\/#breadcrumb\",\"itemListElement\":[{\"@type\":\"ListItem\",\"position\":1,\"name\":\"Portada\",\"item\":\"https:\/\/www.maidotips.com\/environment\/\"},{\"@type\":\"ListItem\",\"position\":2,\"name\":\"Jorge Fabra desmonta en el Supremo la teor\u00eda conspiratoria del Gobierno contra las renovables\"}]},{\"@type\":\"WebSite\",\"@id\":\"https:\/\/www.maidotips.com\/environment\/#website\",\"url\":\"https:\/\/www.maidotips.com\/environment\/\",\"name\":\"BLOG de ENERGIAS RENOVABLES yTECNOLOGIA\",\"description\":\"BLOG sobre la energia verde y TECNOLOGIA\",\"potentialAction\":[{\"@type\":\"SearchAction\",\"target\":{\"@type\":\"EntryPoint\",\"urlTemplate\":\"https:\/\/www.maidotips.com\/environment\/?s={search_term_string}\"},\"query-input\":{\"@type\":\"PropertyValueSpecification\",\"valueRequired\":true,\"valueName\":\"search_term_string\"}}],\"inLanguage\":\"es\"},{\"@type\":\"Person\",\"@id\":\"https:\/\/www.maidotips.com\/environment\/#\/schema\/person\/c9b890f523795aa69b81a95dee06d804\",\"name\":\"admin\",\"url\":\"https:\/\/www.maidotips.com\/environment\/author\/admin\/\"}]}<\/script>\n<!-- \/ Yoast SEO plugin. -->","yoast_head_json":{"title":"Jorge Fabra desmonta en el Supremo la teor\u00eda conspiratoria del Gobierno contra las renovables - BLOG de ENERGIAS RENOVABLES yTECNOLOGIA","robots":{"index":"index","follow":"follow","max-snippet":"max-snippet:-1","max-image-preview":"max-image-preview:large","max-video-preview":"max-video-preview:-1"},"canonical":"https:\/\/www.maidotips.com\/environment\/jorge-fabra-desmonta-en-el-supremo-la-teoria-conspiratoria-del-gobierno-contra-las-renovables\/","og_locale":"es_ES","og_type":"article","og_title":"Jorge Fabra desmonta en el Supremo la teor\u00eda conspiratoria del Gobierno contra las renovables - BLOG de ENERGIAS RENOVABLES yTECNOLOGIA","og_description":"El exconsejero de la CNE y expresidente de REE declara en el tribunal como perito en el recurso de Anpier contra el recorte a las renovables y asegura que la administraci\u00f3n conoc\u00eda de antemano que los windfall profits a la nuclear e hidr\u00e1ulica generaron la mayor parte del agujero el\u00e9ctrico Poco a poco los juicios Leer m\u00e1s ...","og_url":"https:\/\/www.maidotips.com\/environment\/jorge-fabra-desmonta-en-el-supremo-la-teoria-conspiratoria-del-gobierno-contra-las-renovables\/","og_site_name":"BLOG de ENERGIAS RENOVABLES yTECNOLOGIA","article_publisher":"https:\/\/www.facebook.com\/Energiasrenovablesytecnologia\/","article_published_time":"2015-07-30T16:55:05+00:00","og_image":[{"url":"http:\/\/i2.wp.com\/elperiodicodelaenergia.com\/wp-content\/uploads\/2014\/07\/Economistas-Frente-Crisis-ENRIC-CATALA_EDIIMA20131121_0791_13.jpg?resize=643%2C386","type":"","width":"","height":""}],"author":"admin","twitter_card":"summary_large_image","twitter_misc":{"Escrito por":"admin","Tiempo de lectura":"2 minutos"},"schema":{"@context":"https:\/\/schema.org","@graph":[{"@type":"WebPage","@id":"https:\/\/www.maidotips.com\/environment\/jorge-fabra-desmonta-en-el-supremo-la-teoria-conspiratoria-del-gobierno-contra-las-renovables\/","url":"https:\/\/www.maidotips.com\/environment\/jorge-fabra-desmonta-en-el-supremo-la-teoria-conspiratoria-del-gobierno-contra-las-renovables\/","name":"Jorge Fabra desmonta en el Supremo la teor\u00eda conspiratoria del Gobierno contra las renovables - BLOG de ENERGIAS RENOVABLES yTECNOLOGIA","isPartOf":{"@id":"https:\/\/www.maidotips.com\/environment\/#website"},"primaryImageOfPage":{"@id":"https:\/\/www.maidotips.com\/environment\/jorge-fabra-desmonta-en-el-supremo-la-teoria-conspiratoria-del-gobierno-contra-las-renovables\/#primaryimage"},"image":{"@id":"https:\/\/www.maidotips.com\/environment\/jorge-fabra-desmonta-en-el-supremo-la-teoria-conspiratoria-del-gobierno-contra-las-renovables\/#primaryimage"},"thumbnailUrl":"http:\/\/i2.wp.com\/elperiodicodelaenergia.com\/wp-content\/uploads\/2014\/07\/Economistas-Frente-Crisis-ENRIC-CATALA_EDIIMA20131121_0791_13.jpg?resize=643%2C386","datePublished":"2015-07-30T16:55:05+00:00","author":{"@id":"https:\/\/www.maidotips.com\/environment\/#\/schema\/person\/c9b890f523795aa69b81a95dee06d804"},"breadcrumb":{"@id":"https:\/\/www.maidotips.com\/environment\/jorge-fabra-desmonta-en-el-supremo-la-teoria-conspiratoria-del-gobierno-contra-las-renovables\/#breadcrumb"},"inLanguage":"es","potentialAction":[{"@type":"ReadAction","target":["https:\/\/www.maidotips.com\/environment\/jorge-fabra-desmonta-en-el-supremo-la-teoria-conspiratoria-del-gobierno-contra-las-renovables\/"]}]},{"@type":"ImageObject","inLanguage":"es","@id":"https:\/\/www.maidotips.com\/environment\/jorge-fabra-desmonta-en-el-supremo-la-teoria-conspiratoria-del-gobierno-contra-las-renovables\/#primaryimage","url":"http:\/\/i2.wp.com\/elperiodicodelaenergia.com\/wp-content\/uploads\/2014\/07\/Economistas-Frente-Crisis-ENRIC-CATALA_EDIIMA20131121_0791_13.jpg?resize=643%2C386","contentUrl":"http:\/\/i2.wp.com\/elperiodicodelaenergia.com\/wp-content\/uploads\/2014\/07\/Economistas-Frente-Crisis-ENRIC-CATALA_EDIIMA20131121_0791_13.jpg?resize=643%2C386"},{"@type":"BreadcrumbList","@id":"https:\/\/www.maidotips.com\/environment\/jorge-fabra-desmonta-en-el-supremo-la-teoria-conspiratoria-del-gobierno-contra-las-renovables\/#breadcrumb","itemListElement":[{"@type":"ListItem","position":1,"name":"Portada","item":"https:\/\/www.maidotips.com\/environment\/"},{"@type":"ListItem","position":2,"name":"Jorge Fabra desmonta en el Supremo la teor\u00eda conspiratoria del Gobierno contra las renovables"}]},{"@type":"WebSite","@id":"https:\/\/www.maidotips.com\/environment\/#website","url":"https:\/\/www.maidotips.com\/environment\/","name":"BLOG de ENERGIAS RENOVABLES yTECNOLOGIA","description":"BLOG sobre la energia verde y TECNOLOGIA","potentialAction":[{"@type":"SearchAction","target":{"@type":"EntryPoint","urlTemplate":"https:\/\/www.maidotips.com\/environment\/?s={search_term_string}"},"query-input":{"@type":"PropertyValueSpecification","valueRequired":true,"valueName":"search_term_string"}}],"inLanguage":"es"},{"@type":"Person","@id":"https:\/\/www.maidotips.com\/environment\/#\/schema\/person\/c9b890f523795aa69b81a95dee06d804","name":"admin","url":"https:\/\/www.maidotips.com\/environment\/author\/admin\/"}]}},"jetpack_featured_media_url":"","jetpack_shortlink":"https:\/\/wp.me\/pbBd6N-ef","jetpack-related-posts":[],"jetpack_likes_enabled":true,"jetpack_sharing_enabled":true,"_links":{"self":[{"href":"https:\/\/www.maidotips.com\/environment\/wp-json\/wp\/v2\/posts\/883","targetHints":{"allow":["GET"]}}],"collection":[{"href":"https:\/\/www.maidotips.com\/environment\/wp-json\/wp\/v2\/posts"}],"about":[{"href":"https:\/\/www.maidotips.com\/environment\/wp-json\/wp\/v2\/types\/post"}],"author":[{"embeddable":true,"href":"https:\/\/www.maidotips.com\/environment\/wp-json\/wp\/v2\/users\/1"}],"replies":[{"embeddable":true,"href":"https:\/\/www.maidotips.com\/environment\/wp-json\/wp\/v2\/comments?post=883"}],"version-history":[{"count":1,"href":"https:\/\/www.maidotips.com\/environment\/wp-json\/wp\/v2\/posts\/883\/revisions"}],"predecessor-version":[{"id":884,"href":"https:\/\/www.maidotips.com\/environment\/wp-json\/wp\/v2\/posts\/883\/revisions\/884"}],"wp:attachment":[{"href":"https:\/\/www.maidotips.com\/environment\/wp-json\/wp\/v2\/media?parent=883"}],"wp:term":[{"taxonomy":"category","embeddable":true,"href":"https:\/\/www.maidotips.com\/environment\/wp-json\/wp\/v2\/categories?post=883"},{"taxonomy":"post_tag","embeddable":true,"href":"https:\/\/www.maidotips.com\/environment\/wp-json\/wp\/v2\/tags?post=883"}],"curies":[{"name":"wp","href":"https:\/\/api.w.org\/{rel}","templated":true}]}}