{"id":885,"date":"2015-07-30T14:00:15","date_gmt":"2015-07-30T12:00:15","guid":{"rendered":"https:\/\/www.maidotips.com\/environment\/?p=885"},"modified":"2015-07-30T14:00:15","modified_gmt":"2015-07-30T12:00:15","slug":"las-renovables-alemanas-establecen-un-nuevo-record-al-cubrir-el-78-de-la-demanda-electrica-del-pais","status":"publish","type":"post","link":"https:\/\/www.maidotips.com\/environment\/las-renovables-alemanas-establecen-un-nuevo-record-al-cubrir-el-78-de-la-demanda-electrica-del-pais\/","title":{"rendered":"Las renovables alemanas establecen un nuevo r\u00e9cord al cubrir el 78% de la demanda el\u00e9ctrica del pa\u00eds"},"content":{"rendered":"<p>El 25 de julio, Alemania dej\u00f3 corto su anterior registro del 74% de generaci\u00f3n el\u00e9ctrica renovable<\/p>\n<p>La semana pasada la tormenta Zeljko pas\u00f3 sobre el norte de Europa causando da\u00f1os considerables, viento e inundaciones en algunas zonas. En el sur de Alemania, sin embargo, fue un d\u00eda relativamente soleado. En el norte, donde soplaba mucho viento, Alemania tiene la mayor\u00eda de sus aerogeneradores instalados, mientras que en el sur tiene la mayor parte de sus instalaciones fotovoltaicas. <strong>La combinaci\u00f3n de un clima soleado en el sur con fuerte viento en todo el pa\u00eds es poco com\u00fan\u00a0 y dio lugar a un nuevo r\u00e9cord.<\/strong><\/p>\n<p>Al final de la semana pasada \u2013la semana 30 del a\u00f1o- se dio una rara combinaci\u00f3n simult\u00e1nea de una gran cantidad de energ\u00eda solar y e\u00f3lica a la vez, como se puede ver en el siguiente gr\u00e1fico.<\/p>\n<p><a class=\"image_link\" href=\"https:\/\/i0.wp.com\/elperiodicodelaenergia.com\/wp-content\/uploads\/2015\/07\/producci%C3%B3n-renovable-en-la-semana-30-en-Alemania.png\"><img loading=\"lazy\" decoding=\"async\" class=\"aligncenter wp-image-26056\" src=\"http:\/\/i2.wp.com\/elperiodicodelaenergia.com\/wp-content\/uploads\/2015\/07\/producci%C3%B3n-renovable-en-la-semana-30-en-Alemania.png?resize=700%2C377\" alt=\"producci\u00f3n renovable en la semana 30 en Alemania\" width=\"590\" height=\"318\" \/><\/a><\/p>\n<p>El gr\u00e1fico visualiza bien la situaci\u00f3n, pero a los datos que refleja hay que a\u00f1adir la biomasa (4,85 GW) y la energ\u00eda hidroel\u00e9ctrica (2,4 GW).<strong> El total de electricidad renovable en la tarde del s\u00e1bado fue, por tanto, de 47,9 GW.<\/strong> Por el contrario, hay que restar los los 8,75 GW de las exportaciones de potencia neta, reflejadas por debajo de la l\u00ednea inferior del gr\u00e1fico para calcular la demanda el\u00e9ctrica nacional total, que a su vez est\u00e1 en 61,1 GW. En ese c\u00e1lculo, <strong>Alemania ten\u00eda m\u00e1s o menos el 78% de la electricidad renovable como porcentaje de la demanda interna durante unas horas,<\/strong> seg\u00fan informa el portal de energ\u00eda alem\u00e1n <em>Energy Transition.<\/em><\/p>\n<p>Las cifras son todav\u00eda provisionales. En el portal web de <strong>Energy Charts<\/strong> se puede echar un vistazo a la aportaci\u00f3n de todas las fuentes y se pueden ver cantidades ligeramente inferiores, tanto\u00a0 para la e\u00f3lica como para la solar en el mismo periodo de tiempo. De todas formas, como los datos son muy recientes, deber\u00e1n ser ajustados y es probable que salgan cifras m\u00e1s altas. De hecho, las cifras preliminares facilitadas por <strong>Agora<\/strong> hablan del 79% de renovables en el consumo dom\u00e9stico de energ\u00eda en ese d\u00eda.<\/p>\n<p><strong><a href=\"http:\/\/elperiodicodelaenergia.com\/las-renovables-alemanas-baten-su-record-de-produccion-al-cubrir-el-78-de-la-demanda-electrica-del-pais\/\">SEGUIR LEYENDO&#8230;<\/a><\/strong><\/p>\n<p>FUENTE: http:\/\/elperiodicodelaenergia.com\/las-renovables-alemanas-baten-su-record-de-produccion-al-cubrir-el-78-de-la-demanda-electrica-del-pais\/<\/p>\n","protected":false},"excerpt":{"rendered":"<p>El 25 de julio, Alemania dej\u00f3 corto su anterior registro del 74% de generaci\u00f3n el\u00e9ctrica renovable La semana pasada la tormenta Zeljko pas\u00f3 sobre el norte de Europa causando da\u00f1os considerables, viento e inundaciones en algunas zonas. En el sur de Alemania, sin embargo, fue un d\u00eda relativamente soleado. En el norte, donde soplaba mucho <a class=\"more-link\" href=\"https:\/\/www.maidotips.com\/environment\/las-renovables-alemanas-establecen-un-nuevo-record-al-cubrir-el-78-de-la-demanda-electrica-del-pais\/\">Leer m\u00e1s &#8230;<\/a><\/p>\n","protected":false},"author":1,"featured_media":0,"comment_status":"closed","ping_status":"closed","sticky":false,"template":"","format":"standard","meta":{"_monsterinsights_skip_tracking":false,"_monsterinsights_sitenote_active":false,"_monsterinsights_sitenote_note":"","_monsterinsights_sitenote_category":0,"jetpack_post_was_ever_published":false,"_jetpack_newsletter_access":"","_jetpack_dont_email_post_to_subs":false,"_jetpack_newsletter_tier_id":0,"_jetpack_memberships_contains_paywalled_content":false,"_jetpack_memberships_contains_paid_content":false,"footnotes":""},"categories":[1],"tags":[],"class_list":["post-885","post","type-post","status-publish","format-standard","hentry","category-energias-renovables"],"yoast_head":"<!-- This site is optimized with the Yoast SEO plugin v24.8.1 - https:\/\/yoast.com\/wordpress\/plugins\/seo\/ -->\n<title>Las renovables alemanas establecen un nuevo r\u00e9cord al cubrir el 78% de la demanda el\u00e9ctrica del pa\u00eds - BLOG de ENERGIAS RENOVABLES yTECNOLOGIA<\/title>\n<meta name=\"robots\" content=\"index, follow, max-snippet:-1, max-image-preview:large, max-video-preview:-1\" \/>\n<link rel=\"canonical\" href=\"https:\/\/www.maidotips.com\/environment\/las-renovables-alemanas-establecen-un-nuevo-record-al-cubrir-el-78-de-la-demanda-electrica-del-pais\/\" \/>\n<meta property=\"og:locale\" content=\"es_ES\" \/>\n<meta property=\"og:type\" content=\"article\" \/>\n<meta property=\"og:title\" content=\"Las renovables alemanas establecen un nuevo r\u00e9cord al cubrir el 78% de la demanda el\u00e9ctrica del pa\u00eds - BLOG de ENERGIAS RENOVABLES yTECNOLOGIA\" \/>\n<meta property=\"og:description\" content=\"El 25 de julio, Alemania dej\u00f3 corto su anterior registro del 74% de generaci\u00f3n el\u00e9ctrica renovable La semana pasada la tormenta Zeljko pas\u00f3 sobre el norte de Europa causando da\u00f1os considerables, viento e inundaciones en algunas zonas. En el sur de Alemania, sin embargo, fue un d\u00eda relativamente soleado. En el norte, donde soplaba mucho Leer m\u00e1s ...\" \/>\n<meta property=\"og:url\" content=\"https:\/\/www.maidotips.com\/environment\/las-renovables-alemanas-establecen-un-nuevo-record-al-cubrir-el-78-de-la-demanda-electrica-del-pais\/\" \/>\n<meta property=\"og:site_name\" content=\"BLOG de ENERGIAS RENOVABLES yTECNOLOGIA\" \/>\n<meta property=\"article:publisher\" content=\"https:\/\/www.facebook.com\/Energiasrenovablesytecnologia\/\" \/>\n<meta property=\"article:published_time\" content=\"2015-07-30T12:00:15+00:00\" \/>\n<meta property=\"og:image\" content=\"http:\/\/i2.wp.com\/elperiodicodelaenergia.com\/wp-content\/uploads\/2015\/07\/producci%C3%B3n-renovable-en-la-semana-30-en-Alemania.png?resize=700%2C377\" \/>\n<meta name=\"author\" content=\"admin\" \/>\n<meta name=\"twitter:card\" content=\"summary_large_image\" \/>\n<meta name=\"twitter:label1\" content=\"Escrito por\" \/>\n\t<meta name=\"twitter:data1\" content=\"admin\" \/>\n\t<meta name=\"twitter:label2\" content=\"Tiempo de lectura\" \/>\n\t<meta name=\"twitter:data2\" content=\"2 minutos\" \/>\n<script type=\"application\/ld+json\" class=\"yoast-schema-graph\">{\"@context\":\"https:\/\/schema.org\",\"@graph\":[{\"@type\":\"WebPage\",\"@id\":\"https:\/\/www.maidotips.com\/environment\/las-renovables-alemanas-establecen-un-nuevo-record-al-cubrir-el-78-de-la-demanda-electrica-del-pais\/\",\"url\":\"https:\/\/www.maidotips.com\/environment\/las-renovables-alemanas-establecen-un-nuevo-record-al-cubrir-el-78-de-la-demanda-electrica-del-pais\/\",\"name\":\"Las renovables alemanas establecen un nuevo r\u00e9cord al cubrir el 78% de la demanda el\u00e9ctrica del pa\u00eds - BLOG de ENERGIAS RENOVABLES yTECNOLOGIA\",\"isPartOf\":{\"@id\":\"https:\/\/www.maidotips.com\/environment\/#website\"},\"primaryImageOfPage\":{\"@id\":\"https:\/\/www.maidotips.com\/environment\/las-renovables-alemanas-establecen-un-nuevo-record-al-cubrir-el-78-de-la-demanda-electrica-del-pais\/#primaryimage\"},\"image\":{\"@id\":\"https:\/\/www.maidotips.com\/environment\/las-renovables-alemanas-establecen-un-nuevo-record-al-cubrir-el-78-de-la-demanda-electrica-del-pais\/#primaryimage\"},\"thumbnailUrl\":\"http:\/\/i2.wp.com\/elperiodicodelaenergia.com\/wp-content\/uploads\/2015\/07\/producci%C3%B3n-renovable-en-la-semana-30-en-Alemania.png?resize=700%2C377\",\"datePublished\":\"2015-07-30T12:00:15+00:00\",\"author\":{\"@id\":\"https:\/\/www.maidotips.com\/environment\/#\/schema\/person\/c9b890f523795aa69b81a95dee06d804\"},\"breadcrumb\":{\"@id\":\"https:\/\/www.maidotips.com\/environment\/las-renovables-alemanas-establecen-un-nuevo-record-al-cubrir-el-78-de-la-demanda-electrica-del-pais\/#breadcrumb\"},\"inLanguage\":\"es\",\"potentialAction\":[{\"@type\":\"ReadAction\",\"target\":[\"https:\/\/www.maidotips.com\/environment\/las-renovables-alemanas-establecen-un-nuevo-record-al-cubrir-el-78-de-la-demanda-electrica-del-pais\/\"]}]},{\"@type\":\"ImageObject\",\"inLanguage\":\"es\",\"@id\":\"https:\/\/www.maidotips.com\/environment\/las-renovables-alemanas-establecen-un-nuevo-record-al-cubrir-el-78-de-la-demanda-electrica-del-pais\/#primaryimage\",\"url\":\"http:\/\/i2.wp.com\/elperiodicodelaenergia.com\/wp-content\/uploads\/2015\/07\/producci%C3%B3n-renovable-en-la-semana-30-en-Alemania.png?resize=700%2C377\",\"contentUrl\":\"http:\/\/i2.wp.com\/elperiodicodelaenergia.com\/wp-content\/uploads\/2015\/07\/producci%C3%B3n-renovable-en-la-semana-30-en-Alemania.png?resize=700%2C377\"},{\"@type\":\"BreadcrumbList\",\"@id\":\"https:\/\/www.maidotips.com\/environment\/las-renovables-alemanas-establecen-un-nuevo-record-al-cubrir-el-78-de-la-demanda-electrica-del-pais\/#breadcrumb\",\"itemListElement\":[{\"@type\":\"ListItem\",\"position\":1,\"name\":\"Portada\",\"item\":\"https:\/\/www.maidotips.com\/environment\/\"},{\"@type\":\"ListItem\",\"position\":2,\"name\":\"Las renovables alemanas establecen un nuevo r\u00e9cord al cubrir el 78% de la demanda el\u00e9ctrica del pa\u00eds\"}]},{\"@type\":\"WebSite\",\"@id\":\"https:\/\/www.maidotips.com\/environment\/#website\",\"url\":\"https:\/\/www.maidotips.com\/environment\/\",\"name\":\"BLOG de ENERGIAS RENOVABLES yTECNOLOGIA\",\"description\":\"BLOG sobre la energia verde y TECNOLOGIA\",\"potentialAction\":[{\"@type\":\"SearchAction\",\"target\":{\"@type\":\"EntryPoint\",\"urlTemplate\":\"https:\/\/www.maidotips.com\/environment\/?s={search_term_string}\"},\"query-input\":{\"@type\":\"PropertyValueSpecification\",\"valueRequired\":true,\"valueName\":\"search_term_string\"}}],\"inLanguage\":\"es\"},{\"@type\":\"Person\",\"@id\":\"https:\/\/www.maidotips.com\/environment\/#\/schema\/person\/c9b890f523795aa69b81a95dee06d804\",\"name\":\"admin\",\"url\":\"https:\/\/www.maidotips.com\/environment\/author\/admin\/\"}]}<\/script>\n<!-- \/ Yoast SEO plugin. -->","yoast_head_json":{"title":"Las renovables alemanas establecen un nuevo r\u00e9cord al cubrir el 78% de la demanda el\u00e9ctrica del pa\u00eds - BLOG de ENERGIAS RENOVABLES yTECNOLOGIA","robots":{"index":"index","follow":"follow","max-snippet":"max-snippet:-1","max-image-preview":"max-image-preview:large","max-video-preview":"max-video-preview:-1"},"canonical":"https:\/\/www.maidotips.com\/environment\/las-renovables-alemanas-establecen-un-nuevo-record-al-cubrir-el-78-de-la-demanda-electrica-del-pais\/","og_locale":"es_ES","og_type":"article","og_title":"Las renovables alemanas establecen un nuevo r\u00e9cord al cubrir el 78% de la demanda el\u00e9ctrica del pa\u00eds - BLOG de ENERGIAS RENOVABLES yTECNOLOGIA","og_description":"El 25 de julio, Alemania dej\u00f3 corto su anterior registro del 74% de generaci\u00f3n el\u00e9ctrica renovable La semana pasada la tormenta Zeljko pas\u00f3 sobre el norte de Europa causando da\u00f1os considerables, viento e inundaciones en algunas zonas. En el sur de Alemania, sin embargo, fue un d\u00eda relativamente soleado. En el norte, donde soplaba mucho Leer m\u00e1s ...","og_url":"https:\/\/www.maidotips.com\/environment\/las-renovables-alemanas-establecen-un-nuevo-record-al-cubrir-el-78-de-la-demanda-electrica-del-pais\/","og_site_name":"BLOG de ENERGIAS RENOVABLES yTECNOLOGIA","article_publisher":"https:\/\/www.facebook.com\/Energiasrenovablesytecnologia\/","article_published_time":"2015-07-30T12:00:15+00:00","og_image":[{"url":"http:\/\/i2.wp.com\/elperiodicodelaenergia.com\/wp-content\/uploads\/2015\/07\/producci%C3%B3n-renovable-en-la-semana-30-en-Alemania.png?resize=700%2C377","type":"","width":"","height":""}],"author":"admin","twitter_card":"summary_large_image","twitter_misc":{"Escrito por":"admin","Tiempo de lectura":"2 minutos"},"schema":{"@context":"https:\/\/schema.org","@graph":[{"@type":"WebPage","@id":"https:\/\/www.maidotips.com\/environment\/las-renovables-alemanas-establecen-un-nuevo-record-al-cubrir-el-78-de-la-demanda-electrica-del-pais\/","url":"https:\/\/www.maidotips.com\/environment\/las-renovables-alemanas-establecen-un-nuevo-record-al-cubrir-el-78-de-la-demanda-electrica-del-pais\/","name":"Las renovables alemanas establecen un nuevo r\u00e9cord al cubrir el 78% de la demanda el\u00e9ctrica del pa\u00eds - BLOG de ENERGIAS RENOVABLES yTECNOLOGIA","isPartOf":{"@id":"https:\/\/www.maidotips.com\/environment\/#website"},"primaryImageOfPage":{"@id":"https:\/\/www.maidotips.com\/environment\/las-renovables-alemanas-establecen-un-nuevo-record-al-cubrir-el-78-de-la-demanda-electrica-del-pais\/#primaryimage"},"image":{"@id":"https:\/\/www.maidotips.com\/environment\/las-renovables-alemanas-establecen-un-nuevo-record-al-cubrir-el-78-de-la-demanda-electrica-del-pais\/#primaryimage"},"thumbnailUrl":"http:\/\/i2.wp.com\/elperiodicodelaenergia.com\/wp-content\/uploads\/2015\/07\/producci%C3%B3n-renovable-en-la-semana-30-en-Alemania.png?resize=700%2C377","datePublished":"2015-07-30T12:00:15+00:00","author":{"@id":"https:\/\/www.maidotips.com\/environment\/#\/schema\/person\/c9b890f523795aa69b81a95dee06d804"},"breadcrumb":{"@id":"https:\/\/www.maidotips.com\/environment\/las-renovables-alemanas-establecen-un-nuevo-record-al-cubrir-el-78-de-la-demanda-electrica-del-pais\/#breadcrumb"},"inLanguage":"es","potentialAction":[{"@type":"ReadAction","target":["https:\/\/www.maidotips.com\/environment\/las-renovables-alemanas-establecen-un-nuevo-record-al-cubrir-el-78-de-la-demanda-electrica-del-pais\/"]}]},{"@type":"ImageObject","inLanguage":"es","@id":"https:\/\/www.maidotips.com\/environment\/las-renovables-alemanas-establecen-un-nuevo-record-al-cubrir-el-78-de-la-demanda-electrica-del-pais\/#primaryimage","url":"http:\/\/i2.wp.com\/elperiodicodelaenergia.com\/wp-content\/uploads\/2015\/07\/producci%C3%B3n-renovable-en-la-semana-30-en-Alemania.png?resize=700%2C377","contentUrl":"http:\/\/i2.wp.com\/elperiodicodelaenergia.com\/wp-content\/uploads\/2015\/07\/producci%C3%B3n-renovable-en-la-semana-30-en-Alemania.png?resize=700%2C377"},{"@type":"BreadcrumbList","@id":"https:\/\/www.maidotips.com\/environment\/las-renovables-alemanas-establecen-un-nuevo-record-al-cubrir-el-78-de-la-demanda-electrica-del-pais\/#breadcrumb","itemListElement":[{"@type":"ListItem","position":1,"name":"Portada","item":"https:\/\/www.maidotips.com\/environment\/"},{"@type":"ListItem","position":2,"name":"Las renovables alemanas establecen un nuevo r\u00e9cord al cubrir el 78% de la demanda el\u00e9ctrica del pa\u00eds"}]},{"@type":"WebSite","@id":"https:\/\/www.maidotips.com\/environment\/#website","url":"https:\/\/www.maidotips.com\/environment\/","name":"BLOG de ENERGIAS RENOVABLES yTECNOLOGIA","description":"BLOG sobre la energia verde y TECNOLOGIA","potentialAction":[{"@type":"SearchAction","target":{"@type":"EntryPoint","urlTemplate":"https:\/\/www.maidotips.com\/environment\/?s={search_term_string}"},"query-input":{"@type":"PropertyValueSpecification","valueRequired":true,"valueName":"search_term_string"}}],"inLanguage":"es"},{"@type":"Person","@id":"https:\/\/www.maidotips.com\/environment\/#\/schema\/person\/c9b890f523795aa69b81a95dee06d804","name":"admin","url":"https:\/\/www.maidotips.com\/environment\/author\/admin\/"}]}},"jetpack_featured_media_url":"","jetpack_shortlink":"https:\/\/wp.me\/pbBd6N-eh","jetpack-related-posts":[],"jetpack_likes_enabled":true,"jetpack_sharing_enabled":true,"_links":{"self":[{"href":"https:\/\/www.maidotips.com\/environment\/wp-json\/wp\/v2\/posts\/885","targetHints":{"allow":["GET"]}}],"collection":[{"href":"https:\/\/www.maidotips.com\/environment\/wp-json\/wp\/v2\/posts"}],"about":[{"href":"https:\/\/www.maidotips.com\/environment\/wp-json\/wp\/v2\/types\/post"}],"author":[{"embeddable":true,"href":"https:\/\/www.maidotips.com\/environment\/wp-json\/wp\/v2\/users\/1"}],"replies":[{"embeddable":true,"href":"https:\/\/www.maidotips.com\/environment\/wp-json\/wp\/v2\/comments?post=885"}],"version-history":[{"count":1,"href":"https:\/\/www.maidotips.com\/environment\/wp-json\/wp\/v2\/posts\/885\/revisions"}],"predecessor-version":[{"id":886,"href":"https:\/\/www.maidotips.com\/environment\/wp-json\/wp\/v2\/posts\/885\/revisions\/886"}],"wp:attachment":[{"href":"https:\/\/www.maidotips.com\/environment\/wp-json\/wp\/v2\/media?parent=885"}],"wp:term":[{"taxonomy":"category","embeddable":true,"href":"https:\/\/www.maidotips.com\/environment\/wp-json\/wp\/v2\/categories?post=885"},{"taxonomy":"post_tag","embeddable":true,"href":"https:\/\/www.maidotips.com\/environment\/wp-json\/wp\/v2\/tags?post=885"}],"curies":[{"name":"wp","href":"https:\/\/api.w.org\/{rel}","templated":true}]}}