{"id":899,"date":"2015-09-07T13:17:46","date_gmt":"2015-09-07T11:17:46","guid":{"rendered":"https:\/\/www.maidotips.com\/environment\/?p=899"},"modified":"2015-09-07T13:17:46","modified_gmt":"2015-09-07T11:17:46","slug":"la-energia-protagonista-en-las-elecciones-catalanas","status":"publish","type":"post","link":"https:\/\/www.maidotips.com\/environment\/la-energia-protagonista-en-las-elecciones-catalanas\/","title":{"rendered":"La energ\u00eda, protagonista en las elecciones catalanas"},"content":{"rendered":"<p>El Cl\u00faster d\u2019Efici\u00e8ncia Energ\u00e8tica de Catalunya (CEEC) organiza la jornada \u00abPresente y futuro de la Eficiencia Energ\u00e9tica de Catalu\u00f1a\u00bb con motivo de las elecciones catalanas, que tendr\u00e1n lugar el pr\u00f3ximo 27 de septiembre. El CEEC ha invitado al debate a representantes de siete partidos pol\u00edticos. El acto tendr\u00e1 lugar pasado ma\u00f1ana, 9 de septiembre, en el Museu d\u2019Hist\u00f2ria de Barcelona y estar\u00e1 moderado por el periodista Agust\u00ed Sala (El Peri\u00f3dico de Catalunya).<\/p>\n<p><a><img data-recalc-dims=\"1\" decoding=\"async\" class=\"foto_flota_izq\" title=\"La energ\u00eda, protagonista en las elecciones catalanas\" src=\"https:\/\/i0.wp.com\/www.energias-renovables.com\/ficheroenergias\/fotos\/panorama\/ampliada\/2\/27s.jpg?w=780\" alt=\"La energ\u00eda, protagonista en las elecciones catalanas\"  \/><\/a><\/p>\n<p>El debate contar\u00e1 con la presencia de la directora del <a href=\"http:\/\/icaen.gencat.cat\/ca\/index.html\" target=\"_blank\"><strong>Institut Catal\u00e0 d\u2019Energia<\/strong><\/a>, Merc\u00e8 Rius (Junts pel S\u00ed); el secretario de Pol\u00edticas Energ\u00e9ticas del Partido Socialista de Cata\u00f1u\u00f1a, Jordi Terrades; el diputado del Partido Popular de Catalu\u00f1a Antonio Gallego (diputado por Barcelona en el Congreso de la Naci\u00f3n); el coordinador en Barcelona de Iniciativa per Catalunya El Verds-EUiA, David Cid; el secretario de Acci\u00f3n Pol\u00edtica de Ciudadanos, Antonio Espinosa; y dos representantes, a\u00fan por determinar, de Uni\u00f3 Democr\u00e0tica de Catalunya y la CUP (Candidatura d\u2019Unitat Popular).<\/p>\n<p><strong>Los bloques tem\u00e1ticos que ha programado el Cl\u00faster son dos: autoconsumo y precio de la energ\u00eda<\/strong><br \/>\nEl Cl\u00faster d\u2019Efici\u00e8ncia Energ\u00e8tica de Catalunya, en colaboraci\u00f3n con m\u00e1s de 25 organizaciones del sector energ\u00e9tico de toda Espa\u00f1a, ha redactado un manifiesto de rechazo al proyecto de real decreto de autoconsumo que ha presentado el gobierno espa\u00f1ol, un borrador en el que el Ejecutivo Rajoy incluye el que se ha dado en denominar el \u00abimpuesto al sol\u00bb. El <a href=\"http:\/\/www.clustereficiencia.cat\/\" target=\"_blank\"><strong>CEEC<\/strong> <\/a>considera que este proyecto de RD dificulta el desarrollo del autoconsumo de la energ\u00eda el\u00e9ctrica procedente de las energ\u00edas renovables, en contraposici\u00f3n de lo que tendr\u00eda que ser una pol\u00edtica de eficiencia energ\u00e9tica, tal y como recomienda la Uni\u00f3n Europea. Pues bien, lo que plantea en esta jornada el Cl\u00faster es que los diferentes partidos a los que ha invitado expliquen su posicionamiento con respecto al autoconsumo y, en general, \u00abqu\u00e9 proponen en materia de pol\u00edtica de eficiencia energ\u00e9tica\u00bb. El segundo bloque tem\u00e1tico se centrar\u00e1 en el precio de la energ\u00eda, que no ha cesado de crecer en los \u00faltimos a\u00f1os y que, en algunos casos -por ejemplo, en el de la <a href=\"http:\/\/www.energias-renovables.com\/articulo\/la-pyme-en-el-punto-de-mira-20150827\" target=\"_blank\"><strong>industria<\/strong><\/a>&#8211; est\u00e1 convirti\u00e9ndose en un lastre para la competitividad.<\/p>\n<p><a href=\"http:\/\/www.clustereficiencia.cat\/ca\/agenda\/2015\/09\/09\/debat-en-materia-denergia-dels-grups-parlamentaris-en-motiu-del-27s\" target=\"_blank\"><strong>\u00abPresente y futuro de la Eficiencia Energ\u00e9tica de Catalu\u00f1a\u00bb<\/strong><\/a><\/p>\n<p>FUENTE: http:\/\/www.energias-renovables.com\/articulo\/la-energia-protatognista-en-las-elecciones-catalanas-20150907<\/p>\n","protected":false},"excerpt":{"rendered":"<p>El Cl\u00faster d\u2019Efici\u00e8ncia Energ\u00e8tica de Catalunya (CEEC) organiza la jornada \u00abPresente y futuro de la Eficiencia Energ\u00e9tica de Catalu\u00f1a\u00bb con motivo de las elecciones catalanas, que tendr\u00e1n lugar el pr\u00f3ximo 27 de septiembre. El CEEC ha invitado al debate a representantes de siete partidos pol\u00edticos. El acto tendr\u00e1 lugar pasado ma\u00f1ana, 9 de septiembre, en <a class=\"more-link\" href=\"https:\/\/www.maidotips.com\/environment\/la-energia-protagonista-en-las-elecciones-catalanas\/\">Leer m\u00e1s &#8230;<\/a><\/p>\n","protected":false},"author":1,"featured_media":0,"comment_status":"closed","ping_status":"closed","sticky":false,"template":"","format":"standard","meta":{"_monsterinsights_skip_tracking":false,"_monsterinsights_sitenote_active":false,"_monsterinsights_sitenote_note":"","_monsterinsights_sitenote_category":0,"jetpack_post_was_ever_published":false,"_jetpack_newsletter_access":"","_jetpack_dont_email_post_to_subs":false,"_jetpack_newsletter_tier_id":0,"_jetpack_memberships_contains_paywalled_content":false,"_jetpack_memberships_contains_paid_content":false,"footnotes":""},"categories":[1],"tags":[],"class_list":["post-899","post","type-post","status-publish","format-standard","hentry","category-energias-renovables"],"yoast_head":"<!-- This site is optimized with the Yoast SEO plugin v24.8.1 - https:\/\/yoast.com\/wordpress\/plugins\/seo\/ -->\n<title>La energ\u00eda, protagonista en las elecciones catalanas - BLOG de ENERGIAS RENOVABLES yTECNOLOGIA<\/title>\n<meta name=\"robots\" content=\"index, follow, max-snippet:-1, max-image-preview:large, max-video-preview:-1\" \/>\n<link rel=\"canonical\" href=\"https:\/\/www.maidotips.com\/environment\/la-energia-protagonista-en-las-elecciones-catalanas\/\" \/>\n<meta property=\"og:locale\" content=\"es_ES\" \/>\n<meta property=\"og:type\" content=\"article\" \/>\n<meta property=\"og:title\" content=\"La energ\u00eda, protagonista en las elecciones catalanas - BLOG de ENERGIAS RENOVABLES yTECNOLOGIA\" \/>\n<meta property=\"og:description\" content=\"El Cl\u00faster d\u2019Efici\u00e8ncia Energ\u00e8tica de Catalunya (CEEC) organiza la jornada \u00abPresente y futuro de la Eficiencia Energ\u00e9tica de Catalu\u00f1a\u00bb con motivo de las elecciones catalanas, que tendr\u00e1n lugar el pr\u00f3ximo 27 de septiembre. El CEEC ha invitado al debate a representantes de siete partidos pol\u00edticos. El acto tendr\u00e1 lugar pasado ma\u00f1ana, 9 de septiembre, en Leer m\u00e1s ...\" \/>\n<meta property=\"og:url\" content=\"https:\/\/www.maidotips.com\/environment\/la-energia-protagonista-en-las-elecciones-catalanas\/\" \/>\n<meta property=\"og:site_name\" content=\"BLOG de ENERGIAS RENOVABLES yTECNOLOGIA\" \/>\n<meta property=\"article:publisher\" content=\"https:\/\/www.facebook.com\/Energiasrenovablesytecnologia\/\" \/>\n<meta property=\"article:published_time\" content=\"2015-09-07T11:17:46+00:00\" \/>\n<meta property=\"og:image\" content=\"http:\/\/www.energias-renovables.com\/ficheroenergias\/fotos\/panorama\/ampliada\/2\/27s.jpg\" \/>\n<meta name=\"author\" content=\"admin\" \/>\n<meta name=\"twitter:card\" content=\"summary_large_image\" \/>\n<meta name=\"twitter:label1\" content=\"Escrito por\" \/>\n\t<meta name=\"twitter:data1\" content=\"admin\" \/>\n\t<meta name=\"twitter:label2\" content=\"Tiempo de lectura\" \/>\n\t<meta name=\"twitter:data2\" content=\"2 minutos\" \/>\n<script type=\"application\/ld+json\" class=\"yoast-schema-graph\">{\"@context\":\"https:\/\/schema.org\",\"@graph\":[{\"@type\":\"WebPage\",\"@id\":\"https:\/\/www.maidotips.com\/environment\/la-energia-protagonista-en-las-elecciones-catalanas\/\",\"url\":\"https:\/\/www.maidotips.com\/environment\/la-energia-protagonista-en-las-elecciones-catalanas\/\",\"name\":\"La energ\u00eda, protagonista en las elecciones catalanas - BLOG de ENERGIAS RENOVABLES yTECNOLOGIA\",\"isPartOf\":{\"@id\":\"https:\/\/www.maidotips.com\/environment\/#website\"},\"primaryImageOfPage\":{\"@id\":\"https:\/\/www.maidotips.com\/environment\/la-energia-protagonista-en-las-elecciones-catalanas\/#primaryimage\"},\"image\":{\"@id\":\"https:\/\/www.maidotips.com\/environment\/la-energia-protagonista-en-las-elecciones-catalanas\/#primaryimage\"},\"thumbnailUrl\":\"http:\/\/www.energias-renovables.com\/ficheroenergias\/fotos\/panorama\/ampliada\/2\/27s.jpg\",\"datePublished\":\"2015-09-07T11:17:46+00:00\",\"author\":{\"@id\":\"https:\/\/www.maidotips.com\/environment\/#\/schema\/person\/c9b890f523795aa69b81a95dee06d804\"},\"breadcrumb\":{\"@id\":\"https:\/\/www.maidotips.com\/environment\/la-energia-protagonista-en-las-elecciones-catalanas\/#breadcrumb\"},\"inLanguage\":\"es\",\"potentialAction\":[{\"@type\":\"ReadAction\",\"target\":[\"https:\/\/www.maidotips.com\/environment\/la-energia-protagonista-en-las-elecciones-catalanas\/\"]}]},{\"@type\":\"ImageObject\",\"inLanguage\":\"es\",\"@id\":\"https:\/\/www.maidotips.com\/environment\/la-energia-protagonista-en-las-elecciones-catalanas\/#primaryimage\",\"url\":\"http:\/\/www.energias-renovables.com\/ficheroenergias\/fotos\/panorama\/ampliada\/2\/27s.jpg\",\"contentUrl\":\"http:\/\/www.energias-renovables.com\/ficheroenergias\/fotos\/panorama\/ampliada\/2\/27s.jpg\"},{\"@type\":\"BreadcrumbList\",\"@id\":\"https:\/\/www.maidotips.com\/environment\/la-energia-protagonista-en-las-elecciones-catalanas\/#breadcrumb\",\"itemListElement\":[{\"@type\":\"ListItem\",\"position\":1,\"name\":\"Portada\",\"item\":\"https:\/\/www.maidotips.com\/environment\/\"},{\"@type\":\"ListItem\",\"position\":2,\"name\":\"La energ\u00eda, protagonista en las elecciones catalanas\"}]},{\"@type\":\"WebSite\",\"@id\":\"https:\/\/www.maidotips.com\/environment\/#website\",\"url\":\"https:\/\/www.maidotips.com\/environment\/\",\"name\":\"BLOG de ENERGIAS RENOVABLES yTECNOLOGIA\",\"description\":\"BLOG sobre la energia verde y TECNOLOGIA\",\"potentialAction\":[{\"@type\":\"SearchAction\",\"target\":{\"@type\":\"EntryPoint\",\"urlTemplate\":\"https:\/\/www.maidotips.com\/environment\/?s={search_term_string}\"},\"query-input\":{\"@type\":\"PropertyValueSpecification\",\"valueRequired\":true,\"valueName\":\"search_term_string\"}}],\"inLanguage\":\"es\"},{\"@type\":\"Person\",\"@id\":\"https:\/\/www.maidotips.com\/environment\/#\/schema\/person\/c9b890f523795aa69b81a95dee06d804\",\"name\":\"admin\",\"url\":\"https:\/\/www.maidotips.com\/environment\/author\/admin\/\"}]}<\/script>\n<!-- \/ Yoast SEO plugin. -->","yoast_head_json":{"title":"La energ\u00eda, protagonista en las elecciones catalanas - BLOG de ENERGIAS RENOVABLES yTECNOLOGIA","robots":{"index":"index","follow":"follow","max-snippet":"max-snippet:-1","max-image-preview":"max-image-preview:large","max-video-preview":"max-video-preview:-1"},"canonical":"https:\/\/www.maidotips.com\/environment\/la-energia-protagonista-en-las-elecciones-catalanas\/","og_locale":"es_ES","og_type":"article","og_title":"La energ\u00eda, protagonista en las elecciones catalanas - BLOG de ENERGIAS RENOVABLES yTECNOLOGIA","og_description":"El Cl\u00faster d\u2019Efici\u00e8ncia Energ\u00e8tica de Catalunya (CEEC) organiza la jornada \u00abPresente y futuro de la Eficiencia Energ\u00e9tica de Catalu\u00f1a\u00bb con motivo de las elecciones catalanas, que tendr\u00e1n lugar el pr\u00f3ximo 27 de septiembre. El CEEC ha invitado al debate a representantes de siete partidos pol\u00edticos. El acto tendr\u00e1 lugar pasado ma\u00f1ana, 9 de septiembre, en Leer m\u00e1s ...","og_url":"https:\/\/www.maidotips.com\/environment\/la-energia-protagonista-en-las-elecciones-catalanas\/","og_site_name":"BLOG de ENERGIAS RENOVABLES yTECNOLOGIA","article_publisher":"https:\/\/www.facebook.com\/Energiasrenovablesytecnologia\/","article_published_time":"2015-09-07T11:17:46+00:00","og_image":[{"url":"http:\/\/www.energias-renovables.com\/ficheroenergias\/fotos\/panorama\/ampliada\/2\/27s.jpg","type":"","width":"","height":""}],"author":"admin","twitter_card":"summary_large_image","twitter_misc":{"Escrito por":"admin","Tiempo de lectura":"2 minutos"},"schema":{"@context":"https:\/\/schema.org","@graph":[{"@type":"WebPage","@id":"https:\/\/www.maidotips.com\/environment\/la-energia-protagonista-en-las-elecciones-catalanas\/","url":"https:\/\/www.maidotips.com\/environment\/la-energia-protagonista-en-las-elecciones-catalanas\/","name":"La energ\u00eda, protagonista en las elecciones catalanas - BLOG de ENERGIAS RENOVABLES yTECNOLOGIA","isPartOf":{"@id":"https:\/\/www.maidotips.com\/environment\/#website"},"primaryImageOfPage":{"@id":"https:\/\/www.maidotips.com\/environment\/la-energia-protagonista-en-las-elecciones-catalanas\/#primaryimage"},"image":{"@id":"https:\/\/www.maidotips.com\/environment\/la-energia-protagonista-en-las-elecciones-catalanas\/#primaryimage"},"thumbnailUrl":"http:\/\/www.energias-renovables.com\/ficheroenergias\/fotos\/panorama\/ampliada\/2\/27s.jpg","datePublished":"2015-09-07T11:17:46+00:00","author":{"@id":"https:\/\/www.maidotips.com\/environment\/#\/schema\/person\/c9b890f523795aa69b81a95dee06d804"},"breadcrumb":{"@id":"https:\/\/www.maidotips.com\/environment\/la-energia-protagonista-en-las-elecciones-catalanas\/#breadcrumb"},"inLanguage":"es","potentialAction":[{"@type":"ReadAction","target":["https:\/\/www.maidotips.com\/environment\/la-energia-protagonista-en-las-elecciones-catalanas\/"]}]},{"@type":"ImageObject","inLanguage":"es","@id":"https:\/\/www.maidotips.com\/environment\/la-energia-protagonista-en-las-elecciones-catalanas\/#primaryimage","url":"http:\/\/www.energias-renovables.com\/ficheroenergias\/fotos\/panorama\/ampliada\/2\/27s.jpg","contentUrl":"http:\/\/www.energias-renovables.com\/ficheroenergias\/fotos\/panorama\/ampliada\/2\/27s.jpg"},{"@type":"BreadcrumbList","@id":"https:\/\/www.maidotips.com\/environment\/la-energia-protagonista-en-las-elecciones-catalanas\/#breadcrumb","itemListElement":[{"@type":"ListItem","position":1,"name":"Portada","item":"https:\/\/www.maidotips.com\/environment\/"},{"@type":"ListItem","position":2,"name":"La energ\u00eda, protagonista en las elecciones catalanas"}]},{"@type":"WebSite","@id":"https:\/\/www.maidotips.com\/environment\/#website","url":"https:\/\/www.maidotips.com\/environment\/","name":"BLOG de ENERGIAS RENOVABLES yTECNOLOGIA","description":"BLOG sobre la energia verde y TECNOLOGIA","potentialAction":[{"@type":"SearchAction","target":{"@type":"EntryPoint","urlTemplate":"https:\/\/www.maidotips.com\/environment\/?s={search_term_string}"},"query-input":{"@type":"PropertyValueSpecification","valueRequired":true,"valueName":"search_term_string"}}],"inLanguage":"es"},{"@type":"Person","@id":"https:\/\/www.maidotips.com\/environment\/#\/schema\/person\/c9b890f523795aa69b81a95dee06d804","name":"admin","url":"https:\/\/www.maidotips.com\/environment\/author\/admin\/"}]}},"jetpack_featured_media_url":"","jetpack_shortlink":"https:\/\/wp.me\/pbBd6N-ev","jetpack-related-posts":[],"jetpack_likes_enabled":true,"jetpack_sharing_enabled":true,"_links":{"self":[{"href":"https:\/\/www.maidotips.com\/environment\/wp-json\/wp\/v2\/posts\/899","targetHints":{"allow":["GET"]}}],"collection":[{"href":"https:\/\/www.maidotips.com\/environment\/wp-json\/wp\/v2\/posts"}],"about":[{"href":"https:\/\/www.maidotips.com\/environment\/wp-json\/wp\/v2\/types\/post"}],"author":[{"embeddable":true,"href":"https:\/\/www.maidotips.com\/environment\/wp-json\/wp\/v2\/users\/1"}],"replies":[{"embeddable":true,"href":"https:\/\/www.maidotips.com\/environment\/wp-json\/wp\/v2\/comments?post=899"}],"version-history":[{"count":1,"href":"https:\/\/www.maidotips.com\/environment\/wp-json\/wp\/v2\/posts\/899\/revisions"}],"predecessor-version":[{"id":900,"href":"https:\/\/www.maidotips.com\/environment\/wp-json\/wp\/v2\/posts\/899\/revisions\/900"}],"wp:attachment":[{"href":"https:\/\/www.maidotips.com\/environment\/wp-json\/wp\/v2\/media?parent=899"}],"wp:term":[{"taxonomy":"category","embeddable":true,"href":"https:\/\/www.maidotips.com\/environment\/wp-json\/wp\/v2\/categories?post=899"},{"taxonomy":"post_tag","embeddable":true,"href":"https:\/\/www.maidotips.com\/environment\/wp-json\/wp\/v2\/tags?post=899"}],"curies":[{"name":"wp","href":"https:\/\/api.w.org\/{rel}","templated":true}]}}