{"id":97,"date":"2010-07-05T12:56:40","date_gmt":"2010-07-05T10:56:40","guid":{"rendered":"https:\/\/www.maidotips.com\/environment\/?p=97"},"modified":"2010-07-05T12:56:40","modified_gmt":"2010-07-05T10:56:40","slug":"berge-cierra-la-venta-de-isofoton-a-affirma-y-toptec","status":"publish","type":"post","link":"https:\/\/www.maidotips.com\/environment\/berge-cierra-la-venta-de-isofoton-a-affirma-y-toptec\/","title":{"rendered":"Berg\u00e9 cierra la venta de Isofot\u00f3n a Affirma y Toptec"},"content":{"rendered":"<p style=\"padding-right: 0px; display: block; padding-left: 0px; padding-bottom: 5px; margin: 0px 0px 5px; font: 11px Arial, Helvetica, sans-serif; color: #999999; padding-top: 0px; border-bottom: #cccccc 1px dashed; text-align: justify;\">Publicado el\u00a0<strong>09-06-2010\u00a0<\/strong>, por\u00a0<strong>Lidia Velasco. Sevilla<\/strong><\/p>\n<p style=\"margin-top: 0px; font: 12px\/17px Arial, Helvetica, sans-serif; text-align: justify;\">Grupo Berg\u00e9 acaba de firmar con el consorcio formado por Affirma y Toptec el acuerdo de venta del 100% de las acciones de Isofot\u00f3n. Sin embargo, todav\u00eda queda una \u00faltima puerta que sobrepasar: la obtenci\u00f3n de la financiaci\u00f3n, a la que ha quedado vinculado el contrato.<\/p>\n<p style=\"margin-top: 0px; font: 12px\/17px Arial, Helvetica, sans-serif; text-align: justify;\">\u00a0<\/p>\n<p style=\"margin-top: 0px; font: 12px\/17px Arial, Helvetica, sans-serif; text-align: justify;\">Aunque no ha trascendido el importe, s\u00ed parece que no incluir\u00e1 gran parte de la deuda, que fue asumida por el h\u00f3lding vasco de importaci\u00f3n de coches. Y es que en marzo refinanci\u00f3 su pasivo, unos 680 millones tras integrar las p\u00e9rdidas de Isofot\u00f3n, estimadas en unos 360 millones.<\/p>\n<p style=\"margin-top: 0px; font: 12px\/17px Arial, Helvetica, sans-serif; text-align: justify;\">El proceso de compra venta del que fuera uno de los diez mayores fabricantes de paneles del mundo ha estado pilotado en todo momento por la Junta de Andaluc\u00eda, que no estaba dispuesta a dejar caer a la primera empresa del Parque Tecnol\u00f3gico de Andaluc\u00eda (PTA) en M\u00e1laga \u2013en 2008, \u00faltimos datos enviados el Registro Mercantil, factur\u00f3 414 millones de euros\u2013 y uno de los buques insignia de la comunidad.<\/p>\n<p style=\"margin-top: 0px; font: 12px\/17px Arial, Helvetica, sans-serif; text-align: justify;\">Grupo Affirma, propiedad de los hermanos Diego y \u00c1ngel Luis Serrano, factura cerca de 60 millones de euros. Desarrolla actividades de consultor\u00eda, servicios jur\u00eddicos y actividad inmobiliaria. Dentro del negocio fotovoltaico, ha promovido en China el mayor parque solar del pa\u00eds (20 megavatios), junto a la compa\u00f1\u00eda local GCL.<\/p>\n<p style=\"margin-top: 0px; font: 12px\/17px Arial, Helvetica, sans-serif; text-align: justify;\">Por su lado, Toptec tambi\u00e9n fabrica placas, adem\u00e1s de otros componentes para la automoci\u00f3n y la electr\u00f3nica. Su cifra de negocio ronda los 120 millones de euros.<\/p>\n<p style=\"margin-top: 0px; font: 12px\/17px Arial, Helvetica, sans-serif; text-align: justify;\"><strong>Situaci\u00f3n de Isofot\u00f3n<\/strong><br \/>\nIsofot\u00f3n lleg\u00f3 a ser uno de los diez mayores fabricantes de paneles solares del mundo. Sin embargo, en los \u00faltimos a\u00f1os diversos problemas internos \u2013cuatro presidentes en un a\u00f1o as\u00ed como la entrada y salida de la familia March\u2013 y la aparici\u00f3n de nuevos competidores le han relegado a un segundo plano. A\u00fan as\u00ed, sigue siendo una de las marcas m\u00e1s reconocidas dentro del sector.\n<\/p>\n<p style=\"margin-top: 0px; font: 12px\/17px Arial, Helvetica, sans-serif; text-align: justify;\">Por otro lado, la firma tiene una complicada situaci\u00f3n financiera y patrimonial. En 2008, factur\u00f3 414 millones, pero registr\u00f3 unas p\u00e9rdidas de 80 y su patrimonio neto se situ\u00f3 en 39 millones. No obstante, las cifras han tenido que ser revisadas pues en un principio no contaron con el visto bueno del informe de auditor\u00eda, realizado por Audihispana, que identific\u00f3 \u201cerrores e irregularidades contables\u201d que afectaban a ese y a ejercicios anteriores.<\/p>\n<p style=\"margin-top: 0px; font: 12px\/17px Arial, Helvetica, sans-serif; text-align: justify;\">FUENTE : EXPANSION<\/p>\n","protected":false},"excerpt":{"rendered":"<p>Publicado el\u00a009-06-2010\u00a0, por\u00a0Lidia Velasco. Sevilla Grupo Berg\u00e9 acaba de firmar con el consorcio formado por Affirma y Toptec el acuerdo de venta del 100% de las acciones de Isofot\u00f3n. Sin embargo, todav\u00eda queda una \u00faltima puerta que sobrepasar: la obtenci\u00f3n de la financiaci\u00f3n, a la que ha quedado vinculado el contrato. \u00a0 Aunque no ha <a class=\"more-link\" href=\"https:\/\/www.maidotips.com\/environment\/berge-cierra-la-venta-de-isofoton-a-affirma-y-toptec\/\">Leer m\u00e1s &#8230;<\/a><\/p>\n","protected":false},"author":1,"featured_media":0,"comment_status":"open","ping_status":"open","sticky":false,"template":"","format":"standard","meta":{"_monsterinsights_skip_tracking":false,"_monsterinsights_sitenote_active":false,"_monsterinsights_sitenote_note":"","_monsterinsights_sitenote_category":0,"jetpack_post_was_ever_published":false,"_jetpack_newsletter_access":"","_jetpack_dont_email_post_to_subs":false,"_jetpack_newsletter_tier_id":0,"_jetpack_memberships_contains_paywalled_content":false,"_jetpack_memberships_contains_paid_content":false,"footnotes":""},"categories":[1],"tags":[],"class_list":["post-97","post","type-post","status-publish","format-standard","hentry","category-energias-renovables"],"yoast_head":"<!-- This site is optimized with the Yoast SEO plugin v24.8.1 - https:\/\/yoast.com\/wordpress\/plugins\/seo\/ -->\n<title>Berg\u00e9 cierra la venta de Isofot\u00f3n a Affirma y Toptec - BLOG de ENERGIAS RENOVABLES yTECNOLOGIA<\/title>\n<meta name=\"robots\" content=\"index, follow, max-snippet:-1, max-image-preview:large, max-video-preview:-1\" \/>\n<link rel=\"canonical\" href=\"https:\/\/www.maidotips.com\/environment\/berge-cierra-la-venta-de-isofoton-a-affirma-y-toptec\/\" \/>\n<meta property=\"og:locale\" content=\"es_ES\" \/>\n<meta property=\"og:type\" content=\"article\" \/>\n<meta property=\"og:title\" content=\"Berg\u00e9 cierra la venta de Isofot\u00f3n a Affirma y Toptec - BLOG de ENERGIAS RENOVABLES yTECNOLOGIA\" \/>\n<meta property=\"og:description\" content=\"Publicado el\u00a009-06-2010\u00a0, por\u00a0Lidia Velasco. Sevilla Grupo Berg\u00e9 acaba de firmar con el consorcio formado por Affirma y Toptec el acuerdo de venta del 100% de las acciones de Isofot\u00f3n. Sin embargo, todav\u00eda queda una \u00faltima puerta que sobrepasar: la obtenci\u00f3n de la financiaci\u00f3n, a la que ha quedado vinculado el contrato. \u00a0 Aunque no ha Leer m\u00e1s ...\" \/>\n<meta property=\"og:url\" content=\"https:\/\/www.maidotips.com\/environment\/berge-cierra-la-venta-de-isofoton-a-affirma-y-toptec\/\" \/>\n<meta property=\"og:site_name\" content=\"BLOG de ENERGIAS RENOVABLES yTECNOLOGIA\" \/>\n<meta property=\"article:publisher\" content=\"https:\/\/www.facebook.com\/Energiasrenovablesytecnologia\/\" \/>\n<meta property=\"article:published_time\" content=\"2010-07-05T10:56:40+00:00\" \/>\n<meta name=\"author\" content=\"admin\" \/>\n<meta name=\"twitter:card\" content=\"summary_large_image\" \/>\n<meta name=\"twitter:label1\" content=\"Escrito por\" \/>\n\t<meta name=\"twitter:data1\" content=\"admin\" \/>\n\t<meta name=\"twitter:label2\" content=\"Tiempo de lectura\" \/>\n\t<meta name=\"twitter:data2\" content=\"2 minutos\" \/>\n<script type=\"application\/ld+json\" class=\"yoast-schema-graph\">{\"@context\":\"https:\/\/schema.org\",\"@graph\":[{\"@type\":\"WebPage\",\"@id\":\"https:\/\/www.maidotips.com\/environment\/berge-cierra-la-venta-de-isofoton-a-affirma-y-toptec\/\",\"url\":\"https:\/\/www.maidotips.com\/environment\/berge-cierra-la-venta-de-isofoton-a-affirma-y-toptec\/\",\"name\":\"Berg\u00e9 cierra la venta de Isofot\u00f3n a Affirma y Toptec - BLOG de ENERGIAS RENOVABLES yTECNOLOGIA\",\"isPartOf\":{\"@id\":\"http:\/\/www.maidotips.com\/environment\/#website\"},\"datePublished\":\"2010-07-05T10:56:40+00:00\",\"author\":{\"@id\":\"http:\/\/www.maidotips.com\/environment\/#\/schema\/person\/c9b890f523795aa69b81a95dee06d804\"},\"breadcrumb\":{\"@id\":\"https:\/\/www.maidotips.com\/environment\/berge-cierra-la-venta-de-isofoton-a-affirma-y-toptec\/#breadcrumb\"},\"inLanguage\":\"es\",\"potentialAction\":[{\"@type\":\"ReadAction\",\"target\":[\"https:\/\/www.maidotips.com\/environment\/berge-cierra-la-venta-de-isofoton-a-affirma-y-toptec\/\"]}]},{\"@type\":\"BreadcrumbList\",\"@id\":\"https:\/\/www.maidotips.com\/environment\/berge-cierra-la-venta-de-isofoton-a-affirma-y-toptec\/#breadcrumb\",\"itemListElement\":[{\"@type\":\"ListItem\",\"position\":1,\"name\":\"Portada\",\"item\":\"http:\/\/www.maidotips.com\/environment\/\"},{\"@type\":\"ListItem\",\"position\":2,\"name\":\"Berg\u00e9 cierra la venta de Isofot\u00f3n a Affirma y Toptec\"}]},{\"@type\":\"WebSite\",\"@id\":\"http:\/\/www.maidotips.com\/environment\/#website\",\"url\":\"http:\/\/www.maidotips.com\/environment\/\",\"name\":\"BLOG de ENERGIAS RENOVABLES yTECNOLOGIA\",\"description\":\"BLOG sobre la energia verde y TECNOLOGIA\",\"potentialAction\":[{\"@type\":\"SearchAction\",\"target\":{\"@type\":\"EntryPoint\",\"urlTemplate\":\"http:\/\/www.maidotips.com\/environment\/?s={search_term_string}\"},\"query-input\":{\"@type\":\"PropertyValueSpecification\",\"valueRequired\":true,\"valueName\":\"search_term_string\"}}],\"inLanguage\":\"es\"},{\"@type\":\"Person\",\"@id\":\"http:\/\/www.maidotips.com\/environment\/#\/schema\/person\/c9b890f523795aa69b81a95dee06d804\",\"name\":\"admin\",\"url\":\"https:\/\/www.maidotips.com\/environment\/author\/admin\/\"}]}<\/script>\n<!-- \/ Yoast SEO plugin. -->","yoast_head_json":{"title":"Berg\u00e9 cierra la venta de Isofot\u00f3n a Affirma y Toptec - BLOG de ENERGIAS RENOVABLES yTECNOLOGIA","robots":{"index":"index","follow":"follow","max-snippet":"max-snippet:-1","max-image-preview":"max-image-preview:large","max-video-preview":"max-video-preview:-1"},"canonical":"https:\/\/www.maidotips.com\/environment\/berge-cierra-la-venta-de-isofoton-a-affirma-y-toptec\/","og_locale":"es_ES","og_type":"article","og_title":"Berg\u00e9 cierra la venta de Isofot\u00f3n a Affirma y Toptec - BLOG de ENERGIAS RENOVABLES yTECNOLOGIA","og_description":"Publicado el\u00a009-06-2010\u00a0, por\u00a0Lidia Velasco. Sevilla Grupo Berg\u00e9 acaba de firmar con el consorcio formado por Affirma y Toptec el acuerdo de venta del 100% de las acciones de Isofot\u00f3n. Sin embargo, todav\u00eda queda una \u00faltima puerta que sobrepasar: la obtenci\u00f3n de la financiaci\u00f3n, a la que ha quedado vinculado el contrato. \u00a0 Aunque no ha Leer m\u00e1s ...","og_url":"https:\/\/www.maidotips.com\/environment\/berge-cierra-la-venta-de-isofoton-a-affirma-y-toptec\/","og_site_name":"BLOG de ENERGIAS RENOVABLES yTECNOLOGIA","article_publisher":"https:\/\/www.facebook.com\/Energiasrenovablesytecnologia\/","article_published_time":"2010-07-05T10:56:40+00:00","author":"admin","twitter_card":"summary_large_image","twitter_misc":{"Escrito por":"admin","Tiempo de lectura":"2 minutos"},"schema":{"@context":"https:\/\/schema.org","@graph":[{"@type":"WebPage","@id":"https:\/\/www.maidotips.com\/environment\/berge-cierra-la-venta-de-isofoton-a-affirma-y-toptec\/","url":"https:\/\/www.maidotips.com\/environment\/berge-cierra-la-venta-de-isofoton-a-affirma-y-toptec\/","name":"Berg\u00e9 cierra la venta de Isofot\u00f3n a Affirma y Toptec - BLOG de ENERGIAS RENOVABLES yTECNOLOGIA","isPartOf":{"@id":"http:\/\/www.maidotips.com\/environment\/#website"},"datePublished":"2010-07-05T10:56:40+00:00","author":{"@id":"http:\/\/www.maidotips.com\/environment\/#\/schema\/person\/c9b890f523795aa69b81a95dee06d804"},"breadcrumb":{"@id":"https:\/\/www.maidotips.com\/environment\/berge-cierra-la-venta-de-isofoton-a-affirma-y-toptec\/#breadcrumb"},"inLanguage":"es","potentialAction":[{"@type":"ReadAction","target":["https:\/\/www.maidotips.com\/environment\/berge-cierra-la-venta-de-isofoton-a-affirma-y-toptec\/"]}]},{"@type":"BreadcrumbList","@id":"https:\/\/www.maidotips.com\/environment\/berge-cierra-la-venta-de-isofoton-a-affirma-y-toptec\/#breadcrumb","itemListElement":[{"@type":"ListItem","position":1,"name":"Portada","item":"http:\/\/www.maidotips.com\/environment\/"},{"@type":"ListItem","position":2,"name":"Berg\u00e9 cierra la venta de Isofot\u00f3n a Affirma y Toptec"}]},{"@type":"WebSite","@id":"http:\/\/www.maidotips.com\/environment\/#website","url":"http:\/\/www.maidotips.com\/environment\/","name":"BLOG de ENERGIAS RENOVABLES yTECNOLOGIA","description":"BLOG sobre la energia verde y TECNOLOGIA","potentialAction":[{"@type":"SearchAction","target":{"@type":"EntryPoint","urlTemplate":"http:\/\/www.maidotips.com\/environment\/?s={search_term_string}"},"query-input":{"@type":"PropertyValueSpecification","valueRequired":true,"valueName":"search_term_string"}}],"inLanguage":"es"},{"@type":"Person","@id":"http:\/\/www.maidotips.com\/environment\/#\/schema\/person\/c9b890f523795aa69b81a95dee06d804","name":"admin","url":"https:\/\/www.maidotips.com\/environment\/author\/admin\/"}]}},"jetpack_featured_media_url":"","jetpack_shortlink":"https:\/\/wp.me\/pbBd6N-1z","jetpack-related-posts":[],"jetpack_likes_enabled":true,"jetpack_sharing_enabled":true,"_links":{"self":[{"href":"https:\/\/www.maidotips.com\/environment\/wp-json\/wp\/v2\/posts\/97","targetHints":{"allow":["GET"]}}],"collection":[{"href":"https:\/\/www.maidotips.com\/environment\/wp-json\/wp\/v2\/posts"}],"about":[{"href":"https:\/\/www.maidotips.com\/environment\/wp-json\/wp\/v2\/types\/post"}],"author":[{"embeddable":true,"href":"https:\/\/www.maidotips.com\/environment\/wp-json\/wp\/v2\/users\/1"}],"replies":[{"embeddable":true,"href":"https:\/\/www.maidotips.com\/environment\/wp-json\/wp\/v2\/comments?post=97"}],"version-history":[{"count":1,"href":"https:\/\/www.maidotips.com\/environment\/wp-json\/wp\/v2\/posts\/97\/revisions"}],"predecessor-version":[{"id":98,"href":"https:\/\/www.maidotips.com\/environment\/wp-json\/wp\/v2\/posts\/97\/revisions\/98"}],"wp:attachment":[{"href":"https:\/\/www.maidotips.com\/environment\/wp-json\/wp\/v2\/media?parent=97"}],"wp:term":[{"taxonomy":"category","embeddable":true,"href":"https:\/\/www.maidotips.com\/environment\/wp-json\/wp\/v2\/categories?post=97"},{"taxonomy":"post_tag","embeddable":true,"href":"https:\/\/www.maidotips.com\/environment\/wp-json\/wp\/v2\/tags?post=97"}],"curies":[{"name":"wp","href":"https:\/\/api.w.org\/{rel}","templated":true}]}}