{"id":972,"date":"2016-04-08T11:02:30","date_gmt":"2016-04-08T09:02:30","guid":{"rendered":"https:\/\/www.maidotips.com\/environment\/?p=972"},"modified":"2016-04-08T11:02:30","modified_gmt":"2016-04-08T09:02:30","slug":"especial-america-renovables-al-sur-del-rio-bravo","status":"publish","type":"post","link":"https:\/\/www.maidotips.com\/environment\/especial-america-renovables-al-sur-del-rio-bravo\/","title":{"rendered":"Especial Am\u00e9rica: Renovables al sur del r\u00edo Bravo"},"content":{"rendered":"<p>Am\u00e9rica se ha convertido en uno de los mercados m\u00e1s activos del mundo para las renovables. Y nuestro n\u00famero de abril, que hace ya el 150, es buena muestra de ello. Repasamos la situaci\u00f3n que viven las energ\u00edas limpias en Argentina, Brasil, Chile \u2013aut\u00e9ntico referente en la regi\u00f3n\u2013, Cuba y Am\u00e9rica Central, con especial protagonismo para Costa Rica, El Salvador y Honduras.<\/p>\n<p><a><img data-recalc-dims=\"1\" decoding=\"async\" class=\"foto_flota_izq\" title=\"Especial Am\u00e9rica: Renovables al sur del r\u00edo Bravo\" src=\"https:\/\/i0.wp.com\/www.energias-renovables.com\/ficheroenergias\/fotos\/panorama\/ampliada\/p\/portadaer150.jpg?w=780\" alt=\"Especial Am\u00e9rica: Renovables al sur del r\u00edo Bravo\"  \/><\/a><\/p>\n<p>Y de la mano de la Agencia Internacional de Energ\u00edas Renovables (<strong>Irena<\/strong>), descubrimos que algunos pa\u00edses del continente producen m\u00e1s ciencia en el campo de las renovables, en proporci\u00f3n a sus inversiones totales en <strong>I+D<\/strong>, que muchos de los pioneros en innovaci\u00f3n de todo el mundo.<\/p>\n<p>De vuelta al Viejo Continente, describimos la situaci\u00f3n de las renovables en <strong>Europa en cinco gr\u00e1ficos<\/strong>. Un sector que da empleo a 1,1 millones de personas, una tercera parte en Alemania. Espa\u00f1a ocupa la quinta posici\u00f3n en esta tabla, con 61.000 puestos de trabajo, por detr\u00e1s de Francia, Reino Unido e Italia.<\/p>\n<p>El <strong>Observatorio Cr\u00edtico de la Energ\u00eda<\/strong> repasa dos hojas de ruta, una francesa y otra espa\u00f1ola, que dicen que el <strong>100% renovable<\/strong> es t\u00e9cnicamente posible hoy y econ\u00f3micamente conveniente a medio plazo. Solo hace falta voluntad pol\u00edtica para ponerse a ello.<\/p>\n<p>El <strong>autoconsumo vive un momento clave<\/strong>. El 10 de abril entra en vigor el Real Decreto 900\/2015. Pero hay m\u00e1s dudas que certezas, y no solo por el mayoritario rechazo a esas medidas. Tambi\u00e9n por los aspectos t\u00e9cnicos que deben ser tenidos en cuenta para su aplicaci\u00f3n. Dudas que tratamos de aclarar en este n\u00famero. En <strong>Canarias<\/strong>, por cierto, existen <strong>desaladoras<\/strong> que autoconsumen energ\u00eda e\u00f3lica. El Gobierno canario ha pedido al Ejectivo Rajoy que las exima de las obligaciones que impone esa norma.<\/p>\n<p>Por \u00faltimo, damos cuenta de los intentos por aclarar el panorama incierto que rodea al <strong>p\u00e9let espa\u00f1ol<\/strong>, afectado por una sobrecapacidad de fabricaci\u00f3n, la existencia de un mercado negro, el bajo precio del petr\u00f3leo y unos inviernos cada vez menos fr\u00edos.<\/p>\n<p><span class=\"Texto_bloque\"><\/p>\n<p><a href=\"http:\/\/www.energias-renovables.com\/energias\/renovables\/index\/pag\/revista_sumario\/botid\/621\/revid\/621\/tip\/revista_sumario\/title\/Sumario%20de%20la%20revista%20Energ%EF%BF%BDas%20renovables\" target=\"_blank\"><strong>\u2022 Aqu\u00ed puedes ver el sumario completo.<\/strong><\/a><\/p>\n<p><a href=\"http:\/\/www.energias-renovables.com\/energias\/renovables\/index\/pag\/revistaenpapel\/botid\/123\/tip\/revista_suscripcion\/title\/Suscr%C3%ADbete\/on\/title\/Suscr%C3%ADbete\/\" target=\"_blank\"><strong>\u2022 Suscr\u00edbete<\/strong><\/a><\/span><\/p>\n<p>http:\/\/www.energias-renovables.com\/articulo\/especial-america-renovables-al-sur-del-rio-20160407<\/p>\n<p>&nbsp;<\/p>\n","protected":false},"excerpt":{"rendered":"<p>Am\u00e9rica se ha convertido en uno de los mercados m\u00e1s activos del mundo para las renovables. Y nuestro n\u00famero de abril, que hace ya el 150, es buena muestra de ello. Repasamos la situaci\u00f3n que viven las energ\u00edas limpias en Argentina, Brasil, Chile \u2013aut\u00e9ntico referente en la regi\u00f3n\u2013, Cuba y Am\u00e9rica Central, con especial protagonismo <a class=\"more-link\" href=\"https:\/\/www.maidotips.com\/environment\/especial-america-renovables-al-sur-del-rio-bravo\/\">Leer m\u00e1s &#8230;<\/a><\/p>\n","protected":false},"author":1,"featured_media":0,"comment_status":"closed","ping_status":"closed","sticky":false,"template":"","format":"standard","meta":{"_monsterinsights_skip_tracking":false,"_monsterinsights_sitenote_active":false,"_monsterinsights_sitenote_note":"","_monsterinsights_sitenote_category":0,"jetpack_post_was_ever_published":false,"_jetpack_newsletter_access":"","_jetpack_dont_email_post_to_subs":false,"_jetpack_newsletter_tier_id":0,"_jetpack_memberships_contains_paywalled_content":false,"_jetpack_memberships_contains_paid_content":false,"footnotes":""},"categories":[1],"tags":[],"class_list":["post-972","post","type-post","status-publish","format-standard","hentry","category-energias-renovables"],"yoast_head":"<!-- This site is optimized with the Yoast SEO plugin v24.8.1 - https:\/\/yoast.com\/wordpress\/plugins\/seo\/ -->\n<title>Especial Am\u00e9rica: Renovables al sur del r\u00edo Bravo - BLOG de ENERGIAS RENOVABLES yTECNOLOGIA<\/title>\n<meta name=\"robots\" content=\"index, follow, max-snippet:-1, max-image-preview:large, max-video-preview:-1\" \/>\n<link rel=\"canonical\" href=\"https:\/\/www.maidotips.com\/environment\/especial-america-renovables-al-sur-del-rio-bravo\/\" \/>\n<meta property=\"og:locale\" content=\"es_ES\" \/>\n<meta property=\"og:type\" content=\"article\" \/>\n<meta property=\"og:title\" content=\"Especial Am\u00e9rica: Renovables al sur del r\u00edo Bravo - BLOG de ENERGIAS RENOVABLES yTECNOLOGIA\" \/>\n<meta property=\"og:description\" content=\"Am\u00e9rica se ha convertido en uno de los mercados m\u00e1s activos del mundo para las renovables. Y nuestro n\u00famero de abril, que hace ya el 150, es buena muestra de ello. Repasamos la situaci\u00f3n que viven las energ\u00edas limpias en Argentina, Brasil, Chile \u2013aut\u00e9ntico referente en la regi\u00f3n\u2013, Cuba y Am\u00e9rica Central, con especial protagonismo Leer m\u00e1s ...\" \/>\n<meta property=\"og:url\" content=\"https:\/\/www.maidotips.com\/environment\/especial-america-renovables-al-sur-del-rio-bravo\/\" \/>\n<meta property=\"og:site_name\" content=\"BLOG de ENERGIAS RENOVABLES yTECNOLOGIA\" \/>\n<meta property=\"article:publisher\" content=\"https:\/\/www.facebook.com\/Energiasrenovablesytecnologia\/\" \/>\n<meta property=\"article:published_time\" content=\"2016-04-08T09:02:30+00:00\" \/>\n<meta property=\"og:image\" content=\"http:\/\/www.energias-renovables.com\/ficheroenergias\/fotos\/panorama\/ampliada\/p\/portadaer150.jpg\" \/>\n<meta name=\"author\" content=\"admin\" \/>\n<meta name=\"twitter:card\" content=\"summary_large_image\" \/>\n<meta name=\"twitter:label1\" content=\"Escrito por\" \/>\n\t<meta name=\"twitter:data1\" content=\"admin\" \/>\n\t<meta name=\"twitter:label2\" content=\"Tiempo de lectura\" \/>\n\t<meta name=\"twitter:data2\" content=\"2 minutos\" \/>\n<script type=\"application\/ld+json\" class=\"yoast-schema-graph\">{\"@context\":\"https:\/\/schema.org\",\"@graph\":[{\"@type\":\"WebPage\",\"@id\":\"https:\/\/www.maidotips.com\/environment\/especial-america-renovables-al-sur-del-rio-bravo\/\",\"url\":\"https:\/\/www.maidotips.com\/environment\/especial-america-renovables-al-sur-del-rio-bravo\/\",\"name\":\"Especial Am\u00e9rica: Renovables al sur del r\u00edo Bravo - BLOG de ENERGIAS RENOVABLES yTECNOLOGIA\",\"isPartOf\":{\"@id\":\"https:\/\/www.maidotips.com\/environment\/#website\"},\"primaryImageOfPage\":{\"@id\":\"https:\/\/www.maidotips.com\/environment\/especial-america-renovables-al-sur-del-rio-bravo\/#primaryimage\"},\"image\":{\"@id\":\"https:\/\/www.maidotips.com\/environment\/especial-america-renovables-al-sur-del-rio-bravo\/#primaryimage\"},\"thumbnailUrl\":\"http:\/\/www.energias-renovables.com\/ficheroenergias\/fotos\/panorama\/ampliada\/p\/portadaer150.jpg\",\"datePublished\":\"2016-04-08T09:02:30+00:00\",\"author\":{\"@id\":\"https:\/\/www.maidotips.com\/environment\/#\/schema\/person\/c9b890f523795aa69b81a95dee06d804\"},\"breadcrumb\":{\"@id\":\"https:\/\/www.maidotips.com\/environment\/especial-america-renovables-al-sur-del-rio-bravo\/#breadcrumb\"},\"inLanguage\":\"es\",\"potentialAction\":[{\"@type\":\"ReadAction\",\"target\":[\"https:\/\/www.maidotips.com\/environment\/especial-america-renovables-al-sur-del-rio-bravo\/\"]}]},{\"@type\":\"ImageObject\",\"inLanguage\":\"es\",\"@id\":\"https:\/\/www.maidotips.com\/environment\/especial-america-renovables-al-sur-del-rio-bravo\/#primaryimage\",\"url\":\"http:\/\/www.energias-renovables.com\/ficheroenergias\/fotos\/panorama\/ampliada\/p\/portadaer150.jpg\",\"contentUrl\":\"http:\/\/www.energias-renovables.com\/ficheroenergias\/fotos\/panorama\/ampliada\/p\/portadaer150.jpg\"},{\"@type\":\"BreadcrumbList\",\"@id\":\"https:\/\/www.maidotips.com\/environment\/especial-america-renovables-al-sur-del-rio-bravo\/#breadcrumb\",\"itemListElement\":[{\"@type\":\"ListItem\",\"position\":1,\"name\":\"Portada\",\"item\":\"https:\/\/www.maidotips.com\/environment\/\"},{\"@type\":\"ListItem\",\"position\":2,\"name\":\"Especial Am\u00e9rica: Renovables al sur del r\u00edo Bravo\"}]},{\"@type\":\"WebSite\",\"@id\":\"https:\/\/www.maidotips.com\/environment\/#website\",\"url\":\"https:\/\/www.maidotips.com\/environment\/\",\"name\":\"BLOG de ENERGIAS RENOVABLES yTECNOLOGIA\",\"description\":\"BLOG sobre la energia verde y TECNOLOGIA\",\"potentialAction\":[{\"@type\":\"SearchAction\",\"target\":{\"@type\":\"EntryPoint\",\"urlTemplate\":\"https:\/\/www.maidotips.com\/environment\/?s={search_term_string}\"},\"query-input\":{\"@type\":\"PropertyValueSpecification\",\"valueRequired\":true,\"valueName\":\"search_term_string\"}}],\"inLanguage\":\"es\"},{\"@type\":\"Person\",\"@id\":\"https:\/\/www.maidotips.com\/environment\/#\/schema\/person\/c9b890f523795aa69b81a95dee06d804\",\"name\":\"admin\",\"url\":\"https:\/\/www.maidotips.com\/environment\/author\/admin\/\"}]}<\/script>\n<!-- \/ Yoast SEO plugin. -->","yoast_head_json":{"title":"Especial Am\u00e9rica: Renovables al sur del r\u00edo Bravo - BLOG de ENERGIAS RENOVABLES yTECNOLOGIA","robots":{"index":"index","follow":"follow","max-snippet":"max-snippet:-1","max-image-preview":"max-image-preview:large","max-video-preview":"max-video-preview:-1"},"canonical":"https:\/\/www.maidotips.com\/environment\/especial-america-renovables-al-sur-del-rio-bravo\/","og_locale":"es_ES","og_type":"article","og_title":"Especial Am\u00e9rica: Renovables al sur del r\u00edo Bravo - BLOG de ENERGIAS RENOVABLES yTECNOLOGIA","og_description":"Am\u00e9rica se ha convertido en uno de los mercados m\u00e1s activos del mundo para las renovables. Y nuestro n\u00famero de abril, que hace ya el 150, es buena muestra de ello. Repasamos la situaci\u00f3n que viven las energ\u00edas limpias en Argentina, Brasil, Chile \u2013aut\u00e9ntico referente en la regi\u00f3n\u2013, Cuba y Am\u00e9rica Central, con especial protagonismo Leer m\u00e1s ...","og_url":"https:\/\/www.maidotips.com\/environment\/especial-america-renovables-al-sur-del-rio-bravo\/","og_site_name":"BLOG de ENERGIAS RENOVABLES yTECNOLOGIA","article_publisher":"https:\/\/www.facebook.com\/Energiasrenovablesytecnologia\/","article_published_time":"2016-04-08T09:02:30+00:00","og_image":[{"url":"http:\/\/www.energias-renovables.com\/ficheroenergias\/fotos\/panorama\/ampliada\/p\/portadaer150.jpg","type":"","width":"","height":""}],"author":"admin","twitter_card":"summary_large_image","twitter_misc":{"Escrito por":"admin","Tiempo de lectura":"2 minutos"},"schema":{"@context":"https:\/\/schema.org","@graph":[{"@type":"WebPage","@id":"https:\/\/www.maidotips.com\/environment\/especial-america-renovables-al-sur-del-rio-bravo\/","url":"https:\/\/www.maidotips.com\/environment\/especial-america-renovables-al-sur-del-rio-bravo\/","name":"Especial Am\u00e9rica: Renovables al sur del r\u00edo Bravo - BLOG de ENERGIAS RENOVABLES yTECNOLOGIA","isPartOf":{"@id":"https:\/\/www.maidotips.com\/environment\/#website"},"primaryImageOfPage":{"@id":"https:\/\/www.maidotips.com\/environment\/especial-america-renovables-al-sur-del-rio-bravo\/#primaryimage"},"image":{"@id":"https:\/\/www.maidotips.com\/environment\/especial-america-renovables-al-sur-del-rio-bravo\/#primaryimage"},"thumbnailUrl":"http:\/\/www.energias-renovables.com\/ficheroenergias\/fotos\/panorama\/ampliada\/p\/portadaer150.jpg","datePublished":"2016-04-08T09:02:30+00:00","author":{"@id":"https:\/\/www.maidotips.com\/environment\/#\/schema\/person\/c9b890f523795aa69b81a95dee06d804"},"breadcrumb":{"@id":"https:\/\/www.maidotips.com\/environment\/especial-america-renovables-al-sur-del-rio-bravo\/#breadcrumb"},"inLanguage":"es","potentialAction":[{"@type":"ReadAction","target":["https:\/\/www.maidotips.com\/environment\/especial-america-renovables-al-sur-del-rio-bravo\/"]}]},{"@type":"ImageObject","inLanguage":"es","@id":"https:\/\/www.maidotips.com\/environment\/especial-america-renovables-al-sur-del-rio-bravo\/#primaryimage","url":"http:\/\/www.energias-renovables.com\/ficheroenergias\/fotos\/panorama\/ampliada\/p\/portadaer150.jpg","contentUrl":"http:\/\/www.energias-renovables.com\/ficheroenergias\/fotos\/panorama\/ampliada\/p\/portadaer150.jpg"},{"@type":"BreadcrumbList","@id":"https:\/\/www.maidotips.com\/environment\/especial-america-renovables-al-sur-del-rio-bravo\/#breadcrumb","itemListElement":[{"@type":"ListItem","position":1,"name":"Portada","item":"https:\/\/www.maidotips.com\/environment\/"},{"@type":"ListItem","position":2,"name":"Especial Am\u00e9rica: Renovables al sur del r\u00edo Bravo"}]},{"@type":"WebSite","@id":"https:\/\/www.maidotips.com\/environment\/#website","url":"https:\/\/www.maidotips.com\/environment\/","name":"BLOG de ENERGIAS RENOVABLES yTECNOLOGIA","description":"BLOG sobre la energia verde y TECNOLOGIA","potentialAction":[{"@type":"SearchAction","target":{"@type":"EntryPoint","urlTemplate":"https:\/\/www.maidotips.com\/environment\/?s={search_term_string}"},"query-input":{"@type":"PropertyValueSpecification","valueRequired":true,"valueName":"search_term_string"}}],"inLanguage":"es"},{"@type":"Person","@id":"https:\/\/www.maidotips.com\/environment\/#\/schema\/person\/c9b890f523795aa69b81a95dee06d804","name":"admin","url":"https:\/\/www.maidotips.com\/environment\/author\/admin\/"}]}},"jetpack_featured_media_url":"","jetpack_shortlink":"https:\/\/wp.me\/pbBd6N-fG","jetpack-related-posts":[],"jetpack_likes_enabled":true,"jetpack_sharing_enabled":true,"_links":{"self":[{"href":"https:\/\/www.maidotips.com\/environment\/wp-json\/wp\/v2\/posts\/972","targetHints":{"allow":["GET"]}}],"collection":[{"href":"https:\/\/www.maidotips.com\/environment\/wp-json\/wp\/v2\/posts"}],"about":[{"href":"https:\/\/www.maidotips.com\/environment\/wp-json\/wp\/v2\/types\/post"}],"author":[{"embeddable":true,"href":"https:\/\/www.maidotips.com\/environment\/wp-json\/wp\/v2\/users\/1"}],"replies":[{"embeddable":true,"href":"https:\/\/www.maidotips.com\/environment\/wp-json\/wp\/v2\/comments?post=972"}],"version-history":[{"count":1,"href":"https:\/\/www.maidotips.com\/environment\/wp-json\/wp\/v2\/posts\/972\/revisions"}],"predecessor-version":[{"id":973,"href":"https:\/\/www.maidotips.com\/environment\/wp-json\/wp\/v2\/posts\/972\/revisions\/973"}],"wp:attachment":[{"href":"https:\/\/www.maidotips.com\/environment\/wp-json\/wp\/v2\/media?parent=972"}],"wp:term":[{"taxonomy":"category","embeddable":true,"href":"https:\/\/www.maidotips.com\/environment\/wp-json\/wp\/v2\/categories?post=972"},{"taxonomy":"post_tag","embeddable":true,"href":"https:\/\/www.maidotips.com\/environment\/wp-json\/wp\/v2\/tags?post=972"}],"curies":[{"name":"wp","href":"https:\/\/api.w.org\/{rel}","templated":true}]}}