{"id":99,"date":"2010-07-05T12:58:11","date_gmt":"2010-07-05T10:58:11","guid":{"rendered":"https:\/\/www.maidotips.com\/environment\/?p=99"},"modified":"2010-07-05T12:58:11","modified_gmt":"2010-07-05T10:58:11","slug":"sebastian-no-reducira-la-cuantia-de-la-prima-a-la-solar-habra-un-maximo-de-horas-subvencionadas","status":"publish","type":"post","link":"https:\/\/www.maidotips.com\/environment\/sebastian-no-reducira-la-cuantia-de-la-prima-a-la-solar-habra-un-maximo-de-horas-subvencionadas\/","title":{"rendered":"Sebasti\u00e1n no reducir\u00e1 la cuant\u00eda de la prima a la solar: habr\u00e1 un m\u00e1ximo de horas subvencionadas"},"content":{"rendered":"<p style=\"padding-right: 0px; padding-left: 0px; padding-bottom: 16px; margin: 5px 0px 0px; font: bold 12px\/16px Arial, Helvetica, sans-serif; vertical-align: top; color: #666666; padding-top: 0px; background-color: transparent; text-align: left; background-origin: initial; background-clip: initial; outline-width: 0px; outline-style: initial; outline-color: initial; border-width: 0px;\">El ministro de Industria, Miguel Sebasti\u00e1n, y el secretario de Estado de Energ\u00eda, Pedro Mar\u00edn, comunicaron ayer oficialmente a las principales asociaciones empresariales del sector fotovoltaico su determinaci\u00f3n de aplicar un recorte en la retribuci\u00f3n que no consistir\u00eda en reducir la cuant\u00eda de la prima por megavatio hora, sino en disminuir el n\u00famero de horas en que estas instalaciones podr\u00e1n disfrutar de los incentivos. Un planteamiento que previsiblemente se aplicar\u00eda tambi\u00e9n a la energ\u00eda e\u00f3lica.<\/p>\n<p style=\"padding-right: 0px; padding-left: 0px; padding-bottom: 16px; margin: 5px 0px 0px; font: 12px\/16px Arial, Helvetica, sans-serif; vertical-align: top; color: #666666; padding-top: 0px; background-color: transparent; text-align: left; background-origin: initial; background-clip: initial; outline-width: 0px; outline-style: initial; outline-color: initial; border-width: 0px;\">El presidente de la Asociaci\u00f3n de la Industria Fotovoltaica (Asif), Javier Anta, dio hoy a conocer esta pretensi\u00f3n de Industria y explic\u00f3 que, durante la reuni\u00f3n de ayer, Sebasti\u00e1n asegur\u00f3 que este \u00abesfuerzo coyuntural\u00bb durante tres a\u00f1os contribuir\u00e1 a recortar 1.000 millones en cada ejercicio la retribuci\u00f3n recibida por la fotovoltaica, lo que equivale al 40% de los 2.600 millones recibidos en 2009.<\/p>\n<p style=\"padding-right: 0px; padding-left: 0px; padding-bottom: 16px; margin: 5px 0px 0px; font: 12px\/16px Arial, Helvetica, sans-serif; vertical-align: top; color: #666666; padding-top: 0px; background-color: transparent; text-align: left; background-origin: initial; background-clip: initial; outline-width: 0px; outline-style: initial; outline-color: initial; border-width: 0px;\">El recorte de horas se aplicar\u00e1 tanto a las instalaciones operativas del real decreto 661\/2007 como a las futuras del real decreto 1578\/2008. Adem\u00e1s, limitar\u00eda la contribuci\u00f3n en horas a 1.200 para paneles fijos y 1.664 horas para los de dos ejes, que son las cifras que, seg\u00fan Industria, aparecen recogidas en el Plan de Energ\u00edas Renovables 2005-2010.<\/p>\n<p style=\"padding-right: 0px; padding-left: 0px; padding-bottom: 16px; margin: 5px 0px 0px; font: 12px\/16px Arial, Helvetica, sans-serif; vertical-align: top; color: #666666; padding-top: 0px; background-color: transparent; text-align: left; background-origin: initial; background-clip: initial; outline-width: 0px; outline-style: initial; outline-color: initial; border-width: 0px;\">En un encuentro con medios de comunicaci\u00f3n, Anta asegur\u00f3 que la reuni\u00f3n de ayer \u00abfue muy mal\u00bb y que la propuesta de Industria supone una \u00abretroactividad clara\u00bb que limitar\u00e1 entre el 30% y el 40% la retribuci\u00f3n del sector. \u00abEl ministro dijo que no se puede hablar de retroactividad porque en la legislaci\u00f3n no se habla de horas, y yo le correg\u00ed porque hay un anexo que s\u00ed habla de horas\u00bb, se\u00f1al\u00f3 Anta.<\/p>\n<p style=\"padding-right: 0px; padding-left: 0px; padding-bottom: 16px; margin: 5px 0px 0px; font: 12px\/16px Arial, Helvetica, sans-serif; vertical-align: top; color: #666666; padding-top: 0px; background-color: transparent; text-align: left; background-origin: initial; background-clip: initial; outline-width: 0px; outline-style: initial; outline-color: initial; border-width: 0px;\">Una vez reducidas estas horas y emplazadas a las instalaciones a que el resto del tiempo acudan al mercado mayorista, Industria podr\u00eda estar dispuesta a no aplicar en las primas futuras un recorte como el ya adelantado, esto es, del 45% para suelo, 25% para grandes plantas de tejado y 5% para las peque\u00f1as de tejado.<\/p>\n<p style=\"padding-right: 0px; padding-left: 0px; padding-bottom: 16px; margin: 5px 0px 0px; font: 12px\/16px Arial, Helvetica, sans-serif; vertical-align: top; color: #666666; padding-top: 0px; background-color: transparent; text-align: left; background-origin: initial; background-clip: initial; outline-width: 0px; outline-style: initial; outline-color: initial; border-width: 0px;\">Para Asif, la posici\u00f3n de Industria es \u00abaterradora\u00bb e \u00abinadmisible\u00bb porque supone aplicar una \u00abretroactividad\u00bb o \u00abpseudoretroactividad\u00bb al sector. Industria ha pedido a las asociaciones que respondan con urgencia a este \u00faltimo planteamiento y que presenten hoy mismo sus alegaciones. Durante la reuni\u00f3n, explic\u00f3 Anta, el Ministerio lleg\u00f3 a plantear la posibilidad de aplicar una moratoria de tres a\u00f1os para el sector fotovoltaico, lo que a Asif le parece una oferta \u00abret\u00f3rica\u00bb que provocar\u00eda un \u00abda\u00f1o horrible\u00bb al sector sin solucionar los problemas actuales.<\/p>\n<p style=\"padding-right: 0px; padding-left: 0px; padding-bottom: 16px; margin: 5px 0px 0px; font: 12px\/16px Arial, Helvetica, sans-serif; vertical-align: top; color: #666666; padding-top: 0px; background-color: transparent; text-align: left; background-origin: initial; background-clip: initial; outline-width: 0px; outline-style: initial; outline-color: initial; border-width: 0px;\">Por otro lado, Mar\u00edn inform\u00f3 de que las instalaciones fraudulentas dejar\u00e1n de recibir primas, pero una vez resuelto su caso podr\u00e1n aspirar a la retribuci\u00f3n contemplada en el decreto 1578\/2008. Asif, que ha convocado una asamblea extraordinaria para abordar los problemas del sector, calcula que el n\u00famero de megavatios irregulares podr\u00eda situarse entre 600 y 1.000. \u00abEl 1 de julio les gustar\u00eda tener todo cerrado para enviar el borrador a la CNE, no s\u00f3lo de primas, sino tambi\u00e9n la orden de calidad de instalaciones y el real decreto antifraude\u00bb, explic\u00f3 el presidente de Asif.<\/p>\n<p style=\"padding-right: 0px; padding-left: 0px; padding-bottom: 16px; margin: 5px 0px 0px; font: 12px\/16px Arial, Helvetica, sans-serif; vertical-align: top; color: #666666; padding-top: 0px; background-color: transparent; text-align: left; background-origin: initial; background-clip: initial; outline-width: 0px; outline-style: initial; outline-color: initial; border-width: 0px;\"><strong style=\"margin: 0px; vertical-align: top; background-color: transparent; background-origin: initial; background-clip: initial; outline-width: 0px; outline-style: initial; outline-color: initial; border-width: 0px; padding: 0px;\">En 2009, 70 megawatios<\/strong><br \/>\nPor otro lado, Asif present\u00f3 hoy su anuario del ejercicio 2009, en el que se aprecia que la nueva potencia fotovoltaica instalada en Espa\u00f1a durante el ejercicio fue de 70 megavatios (MW), frente a los 2.500 MW de 2008, cuando la burbuja del sector alcanz\u00f3 su mayor tama\u00f1o. A cierre de 2009, la potencia fotovoltaica ronda los 3.500 MW.\n<\/p>\n<p style=\"padding-right: 0px; padding-left: 0px; padding-bottom: 16px; margin: 5px 0px 0px; font: 12px\/16px Arial, Helvetica, sans-serif; vertical-align: top; color: #666666; padding-top: 0px; background-color: transparent; text-align: left; background-origin: initial; background-clip: initial; outline-width: 0px; outline-style: initial; outline-color: initial; border-width: 0px;\">Asif indica que el Gobierno adjudic\u00f3 502 MW en 2009, pero s\u00f3lo se instalaron 70, y que el par\u00f3n de 2009 se debe a la regulaci\u00f3n y a la ca\u00edda en un 50% del precio de los paneles. Las f\u00e1bricas operaron al 25% de capacidad y exportaron el 75% de la producci\u00f3n, y el valor del mercado cay\u00f3 un 98%, de 16.380 millones a 233 millones. La energ\u00eda solar contribuy\u00f3 con un 3% a la demanda el\u00e9ctrica espa\u00f1ola, mientras que la tarifa para plantas de suelo baj\u00f3 un 14%, frente al 2,7% de tejados grandes y al mantenimiento en los tejados peque\u00f1os.<\/p>\n<p style=\"padding-right: 0px; padding-left: 0px; padding-bottom: 16px; margin: 5px 0px 0px; font: 12px\/16px Arial, Helvetica, sans-serif; vertical-align: top; color: #666666; padding-top: 0px; background-color: transparent; text-align: left; background-origin: initial; background-clip: initial; outline-width: 0px; outline-style: initial; outline-color: initial; border-width: 0px;\"><strong style=\"margin: 0px; vertical-align: top; background-color: transparent; background-origin: initial; background-clip: initial; outline-width: 0px; outline-style: initial; outline-color: initial; border-width: 0px; padding: 0px;\">La Comisi\u00f3n Europea, a la espera de una decisi\u00f3n<\/strong><br \/>\nPor otro lado, la Comisi\u00f3n Europea est\u00e1 a la espera de conocer la decisi\u00f3n final del Gobierno espa\u00f1ol en torno a la rebaja de las primas a las renovables por si tuviera que tomar medidas legales. Un portavoz del comisario europeo de Energ\u00eda advierte de que Bruselas tiene la capacidad de tomar acciones legales contra los recortes en Espa\u00f1a, seg\u00fan informa Bloomberg New Energy Finance.\n<\/p>\n<p style=\"padding-right: 0px; padding-left: 0px; padding-bottom: 16px; margin: 5px 0px 0px; font: 12px\/16px Arial, Helvetica, sans-serif; vertical-align: top; color: #666666; padding-top: 0px; background-color: transparent; text-align: left; background-origin: initial; background-clip: initial; outline-width: 0px; outline-style: initial; outline-color: initial; border-width: 0px;\">La directiva comunitaria sobre renovables establece que los estados miembros deben adoptar medidas para garantizar el desarrollo de las energ\u00edas verdes para alcanzar los objetivos marcados por la Uni\u00f3n Europea: en 2020, el 35% del consumo el\u00e9ctrico de la Uni\u00f3n debe tener origen en energ\u00edas limpias.<\/p>\n<p>FUENTE: EXPANSION<\/p>\n","protected":false},"excerpt":{"rendered":"<p>El ministro de Industria, Miguel Sebasti\u00e1n, y el secretario de Estado de Energ\u00eda, Pedro Mar\u00edn, comunicaron ayer oficialmente a las principales asociaciones empresariales del sector fotovoltaico su determinaci\u00f3n de aplicar un recorte en la retribuci\u00f3n que no consistir\u00eda en reducir la cuant\u00eda de la prima por megavatio hora, sino en disminuir el n\u00famero de horas <a class=\"more-link\" href=\"https:\/\/www.maidotips.com\/environment\/sebastian-no-reducira-la-cuantia-de-la-prima-a-la-solar-habra-un-maximo-de-horas-subvencionadas\/\">Leer m\u00e1s &#8230;<\/a><\/p>\n","protected":false},"author":1,"featured_media":0,"comment_status":"open","ping_status":"open","sticky":false,"template":"","format":"standard","meta":{"_monsterinsights_skip_tracking":false,"_monsterinsights_sitenote_active":false,"_monsterinsights_sitenote_note":"","_monsterinsights_sitenote_category":0,"jetpack_post_was_ever_published":false,"_jetpack_newsletter_access":"","_jetpack_dont_email_post_to_subs":false,"_jetpack_newsletter_tier_id":0,"_jetpack_memberships_contains_paywalled_content":false,"_jetpack_memberships_contains_paid_content":false,"footnotes":""},"categories":[1],"tags":[],"class_list":["post-99","post","type-post","status-publish","format-standard","hentry","category-energias-renovables"],"yoast_head":"<!-- This site is optimized with the Yoast SEO plugin v24.8.1 - https:\/\/yoast.com\/wordpress\/plugins\/seo\/ -->\n<title>Sebasti\u00e1n no reducir\u00e1 la cuant\u00eda de la prima a la solar: habr\u00e1 un m\u00e1ximo de horas subvencionadas - BLOG de ENERGIAS RENOVABLES yTECNOLOGIA<\/title>\n<meta name=\"robots\" content=\"index, follow, max-snippet:-1, max-image-preview:large, max-video-preview:-1\" \/>\n<link rel=\"canonical\" href=\"https:\/\/www.maidotips.com\/environment\/sebastian-no-reducira-la-cuantia-de-la-prima-a-la-solar-habra-un-maximo-de-horas-subvencionadas\/\" \/>\n<meta property=\"og:locale\" content=\"es_ES\" \/>\n<meta property=\"og:type\" content=\"article\" \/>\n<meta property=\"og:title\" content=\"Sebasti\u00e1n no reducir\u00e1 la cuant\u00eda de la prima a la solar: habr\u00e1 un m\u00e1ximo de horas subvencionadas - BLOG de ENERGIAS RENOVABLES yTECNOLOGIA\" \/>\n<meta property=\"og:description\" content=\"El ministro de Industria, Miguel Sebasti\u00e1n, y el secretario de Estado de Energ\u00eda, Pedro Mar\u00edn, comunicaron ayer oficialmente a las principales asociaciones empresariales del sector fotovoltaico su determinaci\u00f3n de aplicar un recorte en la retribuci\u00f3n que no consistir\u00eda en reducir la cuant\u00eda de la prima por megavatio hora, sino en disminuir el n\u00famero de horas Leer m\u00e1s ...\" \/>\n<meta property=\"og:url\" content=\"https:\/\/www.maidotips.com\/environment\/sebastian-no-reducira-la-cuantia-de-la-prima-a-la-solar-habra-un-maximo-de-horas-subvencionadas\/\" \/>\n<meta property=\"og:site_name\" content=\"BLOG de ENERGIAS RENOVABLES yTECNOLOGIA\" \/>\n<meta property=\"article:publisher\" content=\"https:\/\/www.facebook.com\/Energiasrenovablesytecnologia\/\" \/>\n<meta property=\"article:published_time\" content=\"2010-07-05T10:58:11+00:00\" \/>\n<meta name=\"author\" content=\"admin\" \/>\n<meta name=\"twitter:card\" content=\"summary_large_image\" \/>\n<meta name=\"twitter:label1\" content=\"Escrito por\" \/>\n\t<meta name=\"twitter:data1\" content=\"admin\" \/>\n\t<meta name=\"twitter:label2\" content=\"Tiempo de lectura\" \/>\n\t<meta name=\"twitter:data2\" content=\"4 minutos\" \/>\n<script type=\"application\/ld+json\" class=\"yoast-schema-graph\">{\"@context\":\"https:\/\/schema.org\",\"@graph\":[{\"@type\":\"WebPage\",\"@id\":\"https:\/\/www.maidotips.com\/environment\/sebastian-no-reducira-la-cuantia-de-la-prima-a-la-solar-habra-un-maximo-de-horas-subvencionadas\/\",\"url\":\"https:\/\/www.maidotips.com\/environment\/sebastian-no-reducira-la-cuantia-de-la-prima-a-la-solar-habra-un-maximo-de-horas-subvencionadas\/\",\"name\":\"Sebasti\u00e1n no reducir\u00e1 la cuant\u00eda de la prima a la solar: habr\u00e1 un m\u00e1ximo de horas subvencionadas - BLOG de ENERGIAS RENOVABLES yTECNOLOGIA\",\"isPartOf\":{\"@id\":\"http:\/\/www.maidotips.com\/environment\/#website\"},\"datePublished\":\"2010-07-05T10:58:11+00:00\",\"author\":{\"@id\":\"http:\/\/www.maidotips.com\/environment\/#\/schema\/person\/c9b890f523795aa69b81a95dee06d804\"},\"breadcrumb\":{\"@id\":\"https:\/\/www.maidotips.com\/environment\/sebastian-no-reducira-la-cuantia-de-la-prima-a-la-solar-habra-un-maximo-de-horas-subvencionadas\/#breadcrumb\"},\"inLanguage\":\"es\",\"potentialAction\":[{\"@type\":\"ReadAction\",\"target\":[\"https:\/\/www.maidotips.com\/environment\/sebastian-no-reducira-la-cuantia-de-la-prima-a-la-solar-habra-un-maximo-de-horas-subvencionadas\/\"]}]},{\"@type\":\"BreadcrumbList\",\"@id\":\"https:\/\/www.maidotips.com\/environment\/sebastian-no-reducira-la-cuantia-de-la-prima-a-la-solar-habra-un-maximo-de-horas-subvencionadas\/#breadcrumb\",\"itemListElement\":[{\"@type\":\"ListItem\",\"position\":1,\"name\":\"Portada\",\"item\":\"http:\/\/www.maidotips.com\/environment\/\"},{\"@type\":\"ListItem\",\"position\":2,\"name\":\"Sebasti\u00e1n no reducir\u00e1 la cuant\u00eda de la prima a la solar: habr\u00e1 un m\u00e1ximo de horas subvencionadas\"}]},{\"@type\":\"WebSite\",\"@id\":\"http:\/\/www.maidotips.com\/environment\/#website\",\"url\":\"http:\/\/www.maidotips.com\/environment\/\",\"name\":\"BLOG de ENERGIAS RENOVABLES yTECNOLOGIA\",\"description\":\"BLOG sobre la energia verde y TECNOLOGIA\",\"potentialAction\":[{\"@type\":\"SearchAction\",\"target\":{\"@type\":\"EntryPoint\",\"urlTemplate\":\"http:\/\/www.maidotips.com\/environment\/?s={search_term_string}\"},\"query-input\":{\"@type\":\"PropertyValueSpecification\",\"valueRequired\":true,\"valueName\":\"search_term_string\"}}],\"inLanguage\":\"es\"},{\"@type\":\"Person\",\"@id\":\"http:\/\/www.maidotips.com\/environment\/#\/schema\/person\/c9b890f523795aa69b81a95dee06d804\",\"name\":\"admin\",\"url\":\"https:\/\/www.maidotips.com\/environment\/author\/admin\/\"}]}<\/script>\n<!-- \/ Yoast SEO plugin. -->","yoast_head_json":{"title":"Sebasti\u00e1n no reducir\u00e1 la cuant\u00eda de la prima a la solar: habr\u00e1 un m\u00e1ximo de horas subvencionadas - BLOG de ENERGIAS RENOVABLES yTECNOLOGIA","robots":{"index":"index","follow":"follow","max-snippet":"max-snippet:-1","max-image-preview":"max-image-preview:large","max-video-preview":"max-video-preview:-1"},"canonical":"https:\/\/www.maidotips.com\/environment\/sebastian-no-reducira-la-cuantia-de-la-prima-a-la-solar-habra-un-maximo-de-horas-subvencionadas\/","og_locale":"es_ES","og_type":"article","og_title":"Sebasti\u00e1n no reducir\u00e1 la cuant\u00eda de la prima a la solar: habr\u00e1 un m\u00e1ximo de horas subvencionadas - BLOG de ENERGIAS RENOVABLES yTECNOLOGIA","og_description":"El ministro de Industria, Miguel Sebasti\u00e1n, y el secretario de Estado de Energ\u00eda, Pedro Mar\u00edn, comunicaron ayer oficialmente a las principales asociaciones empresariales del sector fotovoltaico su determinaci\u00f3n de aplicar un recorte en la retribuci\u00f3n que no consistir\u00eda en reducir la cuant\u00eda de la prima por megavatio hora, sino en disminuir el n\u00famero de horas Leer m\u00e1s ...","og_url":"https:\/\/www.maidotips.com\/environment\/sebastian-no-reducira-la-cuantia-de-la-prima-a-la-solar-habra-un-maximo-de-horas-subvencionadas\/","og_site_name":"BLOG de ENERGIAS RENOVABLES yTECNOLOGIA","article_publisher":"https:\/\/www.facebook.com\/Energiasrenovablesytecnologia\/","article_published_time":"2010-07-05T10:58:11+00:00","author":"admin","twitter_card":"summary_large_image","twitter_misc":{"Escrito por":"admin","Tiempo de lectura":"4 minutos"},"schema":{"@context":"https:\/\/schema.org","@graph":[{"@type":"WebPage","@id":"https:\/\/www.maidotips.com\/environment\/sebastian-no-reducira-la-cuantia-de-la-prima-a-la-solar-habra-un-maximo-de-horas-subvencionadas\/","url":"https:\/\/www.maidotips.com\/environment\/sebastian-no-reducira-la-cuantia-de-la-prima-a-la-solar-habra-un-maximo-de-horas-subvencionadas\/","name":"Sebasti\u00e1n no reducir\u00e1 la cuant\u00eda de la prima a la solar: habr\u00e1 un m\u00e1ximo de horas subvencionadas - BLOG de ENERGIAS RENOVABLES yTECNOLOGIA","isPartOf":{"@id":"http:\/\/www.maidotips.com\/environment\/#website"},"datePublished":"2010-07-05T10:58:11+00:00","author":{"@id":"http:\/\/www.maidotips.com\/environment\/#\/schema\/person\/c9b890f523795aa69b81a95dee06d804"},"breadcrumb":{"@id":"https:\/\/www.maidotips.com\/environment\/sebastian-no-reducira-la-cuantia-de-la-prima-a-la-solar-habra-un-maximo-de-horas-subvencionadas\/#breadcrumb"},"inLanguage":"es","potentialAction":[{"@type":"ReadAction","target":["https:\/\/www.maidotips.com\/environment\/sebastian-no-reducira-la-cuantia-de-la-prima-a-la-solar-habra-un-maximo-de-horas-subvencionadas\/"]}]},{"@type":"BreadcrumbList","@id":"https:\/\/www.maidotips.com\/environment\/sebastian-no-reducira-la-cuantia-de-la-prima-a-la-solar-habra-un-maximo-de-horas-subvencionadas\/#breadcrumb","itemListElement":[{"@type":"ListItem","position":1,"name":"Portada","item":"http:\/\/www.maidotips.com\/environment\/"},{"@type":"ListItem","position":2,"name":"Sebasti\u00e1n no reducir\u00e1 la cuant\u00eda de la prima a la solar: habr\u00e1 un m\u00e1ximo de horas subvencionadas"}]},{"@type":"WebSite","@id":"http:\/\/www.maidotips.com\/environment\/#website","url":"http:\/\/www.maidotips.com\/environment\/","name":"BLOG de ENERGIAS RENOVABLES yTECNOLOGIA","description":"BLOG sobre la energia verde y TECNOLOGIA","potentialAction":[{"@type":"SearchAction","target":{"@type":"EntryPoint","urlTemplate":"http:\/\/www.maidotips.com\/environment\/?s={search_term_string}"},"query-input":{"@type":"PropertyValueSpecification","valueRequired":true,"valueName":"search_term_string"}}],"inLanguage":"es"},{"@type":"Person","@id":"http:\/\/www.maidotips.com\/environment\/#\/schema\/person\/c9b890f523795aa69b81a95dee06d804","name":"admin","url":"https:\/\/www.maidotips.com\/environment\/author\/admin\/"}]}},"jetpack_featured_media_url":"","jetpack_shortlink":"https:\/\/wp.me\/pbBd6N-1B","jetpack-related-posts":[],"jetpack_likes_enabled":true,"jetpack_sharing_enabled":true,"_links":{"self":[{"href":"https:\/\/www.maidotips.com\/environment\/wp-json\/wp\/v2\/posts\/99","targetHints":{"allow":["GET"]}}],"collection":[{"href":"https:\/\/www.maidotips.com\/environment\/wp-json\/wp\/v2\/posts"}],"about":[{"href":"https:\/\/www.maidotips.com\/environment\/wp-json\/wp\/v2\/types\/post"}],"author":[{"embeddable":true,"href":"https:\/\/www.maidotips.com\/environment\/wp-json\/wp\/v2\/users\/1"}],"replies":[{"embeddable":true,"href":"https:\/\/www.maidotips.com\/environment\/wp-json\/wp\/v2\/comments?post=99"}],"version-history":[{"count":2,"href":"https:\/\/www.maidotips.com\/environment\/wp-json\/wp\/v2\/posts\/99\/revisions"}],"predecessor-version":[{"id":101,"href":"https:\/\/www.maidotips.com\/environment\/wp-json\/wp\/v2\/posts\/99\/revisions\/101"}],"wp:attachment":[{"href":"https:\/\/www.maidotips.com\/environment\/wp-json\/wp\/v2\/media?parent=99"}],"wp:term":[{"taxonomy":"category","embeddable":true,"href":"https:\/\/www.maidotips.com\/environment\/wp-json\/wp\/v2\/categories?post=99"},{"taxonomy":"post_tag","embeddable":true,"href":"https:\/\/www.maidotips.com\/environment\/wp-json\/wp\/v2\/tags?post=99"}],"curies":[{"name":"wp","href":"https:\/\/api.w.org\/{rel}","templated":true}]}}